{"id":126331,"date":"2020-10-12T00:30:00","date_gmt":"2020-10-12T03:30:00","guid":{"rendered":"https:\/\/grandepremio.com\/br\/noticias\/3-vitoria-nas-pistas-e-nos-bastidores-contra-alonso-o-gp-da-hungria-de-2007\/"},"modified":"2020-10-12T01:24:45","modified_gmt":"2020-10-12T04:24:45","slug":"3-vitoria-nas-pistas-e-nos-bastidores-contra-alonso-o-gp-da-hungria-de-2007","status":"publish","type":"post","link":"https:\/\/grandepremio.com\/br\/lewis-hamilton\/3-vitoria-nas-pistas-e-nos-bastidores-contra-alonso-o-gp-da-hungria-de-2007\/","title":{"rendered":"3: Vit\u00f3ria nas pistas e nos bastidores contra Alonso: o GP da Hungria de 2007"},"content":{"rendered":"\n<p class=\"wp-block-paragraph\">O GP da Hungria de 2007 \u00e9 um dos mais emblem\u00e1ticos da <a href=\"https:\/\/www.grandepremio.com\/br\/f1\/noticias\/hamilton-se-transforma-no-maior-mas-cada-um-tem-o-seu-melhor\/\">carreira de Lewis Hamilton<\/a>. \u00c9 que foi l\u00e1, em Hungaroring, que a Guerra Fria interna da McLaren pegou fogo e uma antipatia virou inimizade. De um lado, o novato Hamilton, do outro, o bicampe\u00e3o Fernando Alonso.<\/p>\n\n\n\n<p class=\"wp-block-paragraph\">Ao fim de dez provas, Alonso havia conquistado tr\u00eas vit\u00f3rias, mas ficado fora do p\u00f3dio em outras tr\u00eas, enquanto Hamilton foi ao p\u00f3dio em nove, mas deixou de pontuar na Alemanha. Foi assim que a F1 desembarcou em Budapeste, com um clima pesado na McLaren, mas a sensa\u00e7\u00e3o de que o t\u00edtulo do Mundial de Pilotos n\u00e3o escaparia dali. Por\u00e9m, escapou. E muito pelo que aconteceu na Hungria, antes mesmo da corrida.<\/p>\n\n\n\n<h3 class=\"wp-block-heading\"><a href=\"https:\/\/www.grandepremio.com\/br\/lewis-hamilton\/noticias\/do-canada-2007-a-eifel-2020-como-hamilton-alcancou-schumacher-em-numero-de-vitorias\/\">Do Canad\u00e1\/2007 a Eifel\/2020: como Hamilton alcan\u00e7ou Schumacher em n\u00famero de vit\u00f3rias<\/a><\/h3>\n\n\n\n<figure class=\"wp-block-image size-large\"><img decoding=\"async\" src=\"https:\/\/www.grandepremio.com\/br\/wp-content\/uploads\/2020\/10\/Pit-Stop-1024x576.jpg\" alt=\"\" class=\"wp-image-426076\"\/><figcaption>Uma confus\u00e3o na classifica\u00e7\u00e3o na Hungria colocou fogo na disputa interna da McLaren em 2007 (Foto: Reprodu\u00e7\u00e3o\/TV)<\/figcaption><\/figure>\n\n\n\n<p class=\"wp-block-paragraph\"><strong>Conhe\u00e7a o canal do Grande Pr\u00eamio no YouTube! Clique&nbsp;<a rel=\"noreferrer noopener\" href=\"https:\/\/youtube.com\/GrandePremioTV\" target=\"_blank\">aqui<\/a>.<br>Siga o Grande Pr\u00eamio no&nbsp;<a rel=\"noreferrer noopener\" href=\"https:\/\/twitter.com\/grandepremio\" target=\"_blank\">Twitter&nbsp;<\/a>e no&nbsp;<a rel=\"noreferrer noopener\" href=\"https:\/\/instagram.com\/grandepremio\" target=\"_blank\">Instagram<\/a>!<\/strong><\/p>\n\n\n\n<p class=\"wp-block-paragraph\">Foi na defini\u00e7\u00e3o da pole, quando Lewis ignorou a prefer\u00eancia de Fernando na classifica\u00e7\u00e3o e marcou o espanhol nos boxes para uma volta extra que, em tese, ele n\u00e3o teria direito pelo acordo. Alonso, como troco, ficou parado no pit-lane e deixou Hamilton sem tempo para a troca de pneus. O espanhol abriu a \u00faltima volta, cravou a pole, mas acabou punido com cinco posi\u00e7\u00f5es no grid. Ainda, a McLaren perdeu todos os pontos do Mundial de Construtores daquela etapa.<\/p>\n\n\n\n<p class=\"wp-block-paragraph\">A corrida? Bem, foi um GP da Hungria tipicamente mon\u00f3tono. Hamilton, herdando a pole do punido Alonso, liderou de ponta a ponta, segurando as investidas de Kimi R\u00e4ikk\u00f6nen, que passou Nick Heidfeld no come\u00e7o da prova. Fernando saiu de sexto para quarto, perdendo muito tempo atr\u00e1s da Toyota de Ralf Schumacher.<\/p>\n\n\n\n<p class=\"wp-block-paragraph\">Hamilton deixou Budapeste com 80 pontos, sete a mais que o rival e 20 na frente de um Kimi que n\u00e3o parecia um rival verdadeiro na briga. Mas o clima b\u00e9lico da McLaren e novos cap\u00edtulos de embate com Alonso fizeram a virada do finland\u00eas acontecer.<\/p>\n\n\n\n<h3 class=\"wp-block-heading\">As vit\u00f3rias de Lewis Hamilton na F\u00f3rmula 1 em imagens<\/h3>\n\n\n\n<figure class=\"wp-block-image size-large is-style-rounded\"><a href=\"https:\/\/www.grandepremio.com\/br\/galeria\/f1\/hamilton-91-as-vitorias-do-novo-recordista-da-formula-1\/#425495\"><img decoding=\"async\" src=\"https:\/\/www.grandepremio.com\/br\/wp-content\/uploads\/2020\/10\/mercedes-lewishamilton-06-1-e1602440591249-1024x652.jpg\" alt=\"\" class=\"wp-image-425920\"\/><\/a><figcaption>Lewis Hamilton venceu o GP de Eifel e agora est\u00e1 empatado com Michael Schumacher em n\u00famero de triunfos na F1 (Foto: AFP)<\/figcaption><\/figure>\n\n\n\n<figure class=\"wp-block-embed-youtube wp-block-embed is-type-video is-provider-youtube wp-embed-aspect-16-9 wp-has-aspect-ratio\"><div class=\"wp-block-embed__wrapper\">\n<iframe loading=\"lazy\" title=\"F1 2020: HAMILTON, o maior: a an\u00e1lise do GP de EIFEL de F\u00d3RMULA 1 | Briefing\" width=\"500\" height=\"281\" src=\"https:\/\/www.youtube.com\/embed\/uNPXLb_xCxM?feature=oembed\" frameborder=\"0\" allow=\"accelerometer; autoplay; clipboard-write; encrypted-media; gyroscope; picture-in-picture; web-share\" referrerpolicy=\"strict-origin-when-cross-origin\" allowfullscreen><\/iframe>\n<\/div><\/figure>\n","protected":false},"excerpt":{"rendered":"<p>O clima entre Lewis Hamilton e Fernando Alonso ficou completamente insustent\u00e1vel em 2007. E o GP da Hungria foi o \u00e1pice de uma das rivalidades mais t\u00f3xicas da F1 <\/p>\n","protected":false},"author":0,"featured_media":1000425496,"comment_status":"closed","ping_status":"closed","sticky":false,"template":"","format":"standard","meta":{"42wp_featured_image_caption":"","42wp_featured_image_credits":"","42wp_featured_video":"","42wp_featured_image_hidden":false,"42wp_authors_list":[],"footnotes":""},"categories":[42],"tags":[147,24837,1647,87,90,758,26308,24833],"42wp_author":[47117],"class_list":["post-126331","post","type-post","status-publish","format-standard","has-post-thumbnail","hentry","category-lewis-hamilton","tag-f1","tag-formula-1-2","tag-gp-da-hungria","tag-lewis-hamilton","tag-mclaren","tag-michael-schumacher","tag-recorde-de-vitorias","tag-vitoria-2","42wp_author-gabriel-curty"],"_links":{"self":[{"href":"https:\/\/grandepremio.com\/br\/wp-json\/wp\/v2\/posts\/126331","targetHints":{"allow":["GET"]}}],"collection":[{"href":"https:\/\/grandepremio.com\/br\/wp-json\/wp\/v2\/posts"}],"about":[{"href":"https:\/\/grandepremio.com\/br\/wp-json\/wp\/v2\/types\/post"}],"replies":[{"embeddable":true,"href":"https:\/\/grandepremio.com\/br\/wp-json\/wp\/v2\/comments?post=126331"}],"version-history":[{"count":0,"href":"https:\/\/grandepremio.com\/br\/wp-json\/wp\/v2\/posts\/126331\/revisions"}],"wp:featuredmedia":[{"embeddable":true,"href":"https:\/\/grandepremio.com\/br\/wp-json\/wp\/v2\/media\/1000425496"}],"wp:attachment":[{"href":"https:\/\/grandepremio.com\/br\/wp-json\/wp\/v2\/media?parent=126331"}],"wp:term":[{"taxonomy":"category","embeddable":true,"href":"https:\/\/grandepremio.com\/br\/wp-json\/wp\/v2\/categories?post=126331"},{"taxonomy":"post_tag","embeddable":true,"href":"https:\/\/grandepremio.com\/br\/wp-json\/wp\/v2\/tags?post=126331"},{"taxonomy":"42wp_author","embeddable":true,"href":"https:\/\/grandepremio.com\/br\/wp-json\/wp\/v2\/42wp_author?post=126331"}],"curies":[{"name":"wp","href":"https:\/\/api.w.org\/{rel}","templated":true}]}}