{"id":126338,"date":"2020-10-11T15:15:08","date_gmt":"2020-10-11T18:15:08","guid":{"rendered":"https:\/\/grandepremio.com\/br\/noticias\/chefe-da-renault-ve-podio-de-ricciardo-como-um-marco-na-equipe-e-minimiza-aposta\/"},"modified":"2020-10-11T15:15:14","modified_gmt":"2020-10-11T18:15:14","slug":"chefe-da-renault-ve-podio-de-ricciardo-como-um-marco-na-equipe-e-minimiza-aposta","status":"publish","type":"post","link":"https:\/\/grandepremio.com\/br\/f1\/chefe-da-renault-ve-podio-de-ricciardo-como-um-marco-na-equipe-e-minimiza-aposta\/","title":{"rendered":"Chefe da Renault v\u00ea p\u00f3dio de Ricciardo como \u201cum marco na equipe\u201d e minimiza aposta"},"content":{"rendered":"\n<figure class=\"wp-block-embed-youtube wp-block-embed is-type-video is-provider-youtube wp-embed-aspect-16-9 wp-has-aspect-ratio\"><div class=\"wp-block-embed__wrapper\">\n<iframe loading=\"lazy\" title=\"F1 2020: HAMILTON, o maior: a an\u00e1lise do GP de EIFEL de F\u00d3RMULA 1 | Briefing\" width=\"500\" height=\"281\" src=\"https:\/\/www.youtube.com\/embed\/uNPXLb_xCxM?feature=oembed\" frameborder=\"0\" allow=\"accelerometer; autoplay; clipboard-write; encrypted-media; gyroscope; picture-in-picture; web-share\" referrerpolicy=\"strict-origin-when-cross-origin\" allowfullscreen><\/iframe>\n<\/div><\/figure>\n\n\n\n<p class=\"wp-block-paragraph\">Desde a volta da Renault ao grid da F\u00f3rmula 1, em 2016, era esperada a conquista de, ao menos, um p\u00f3dio. O primeiro trof\u00e9u neste per\u00edodo de regresso ao Mundial levou um bom tempo para ser conquistado, mas veio pelas m\u00e3os de<a rel=\"noreferrer noopener\" href=\"https:\/\/www.grandepremio.com\/br\/f1\/noticias\/parece-o-primeiro-ricciardo-vibra-com-volta-ao-podio-e-promete-tatuagem-no-chefe\/\" target=\"_blank\"> Daniel Ricciardo no GP de Eifel<\/a>, realizado neste domingo (11). O sorridente australiano cruzou a linha de chegada atr\u00e1s apenas de Max Verstappen e <a rel=\"noreferrer noopener\" href=\"https:\/\/www.grandepremio.com\/br\/f1\/noticias\/hamilton-faz-historia-vence-gp-de-eifel-e-iguala-recorde-de-schumacher-na-formula-1\/\" target=\"_blank\">do vencedor, Lewis Hamilton<\/a>.<\/p>\n\n\n\n<p class=\"wp-block-paragraph\">Foi a primeira vez que a Renault foi ao p\u00f3dio desde o GP da Mal\u00e1sia de 2011, quando Nick Heidfeld terminou a corrida em Sepang tamb\u00e9m na terceira posi\u00e7\u00e3o. A partir de 2012, a equipe passou a correr com o nome Lotus na esteira da aquisi\u00e7\u00e3o de a\u00e7\u00f5es pelo grupo de investimentos Genii Capital, que manteve o controle majorit\u00e1rio at\u00e9 2015, quando a equipe de Enstone foi recomprada pela marca francesa, que ent\u00e3o regressou ao Mundial como equipe de f\u00e1brica no ano seguinte.<\/p>\n\n\n\n<p class=\"wp-block-paragraph\">O p\u00f3dio de Ricciardo tem o significado de um momento de virada para a equipe anglo-francesa e tamb\u00e9m para seu l\u00edder, Cyril Abiteboul. O engenheiro, que desde o regresso da Renault ao Mundial ocupa a fun\u00e7\u00e3o de chefe de equipe, destacou a evolu\u00e7\u00e3o do trabalho neste ciclo na F\u00f3rmula 1.<\/p>\n\n\n\n<p class=\"wp-block-paragraph\">\u201cVoltamos [como equipe de f\u00e1brica] em 2016. [O p\u00f3dio] demorou um pouco, sofremos muitas cr\u00edticas. Mas mostramos compromisso com o esporte, tamb\u00e9m a capacidade de progredir e, finalmente, de chegar a essa posi\u00e7\u00e3o\u201d, disse em entrevista \u00e0 F1 TV.<\/p>\n\n\n\n<p class=\"wp-block-paragraph\">Abiteboul conteve a empolga\u00e7\u00e3o e n\u00e3o deixou de mencionar que<a href=\"https:\/\/www.grandepremio.com\/br\/f1\/noticias\/apos-grande-largada-bottas-ve-azar-em-chance-perdida-de-bater-hamilton-em-nurburgring\/\" target=\"_blank\" rel=\"noreferrer noopener\"> a quebra do motor de Valtteri Bottas na volta 18<\/a> foi um fator preponderante para o resultado conquistado pela equipe, sem deixar de refor\u00e7ar o bom momento vivido na temporada.<\/p>\n\n\n\n<figure class=\"wp-block-image size-large\"><img decoding=\"async\" src=\"https:\/\/www.grandepremio.com\/br\/wp-content\/uploads\/2020\/10\/renault-danielricciardo-04-1024x683.jpg\" alt=\"\" class=\"wp-image-425942\"\/><figcaption>Ricciardo conquistou o primeiro p\u00f3dio da Renault no GP de Eifel (Foto: AFP)<\/figcaption><\/figure>\n\n\n\n<p class=\"wp-block-paragraph\"><strong>Conhe\u00e7a o canal do Grande Pr\u00eamio no YouTube! Clique&nbsp;<a href=\"https:\/\/youtube.com\/GrandePremioTV\" target=\"_blank\" rel=\"noreferrer noopener\">aqui<\/a>.<br>Siga o Grande Pr\u00eamio no&nbsp;<a href=\"https:\/\/twitter.com\/grandepremio\" target=\"_blank\" rel=\"noreferrer noopener\">Twitter&nbsp;<\/a>e no&nbsp;<a href=\"https:\/\/instagram.com\/grandepremio\" target=\"_blank\" rel=\"noreferrer noopener\">Instagram<\/a>!<\/strong><\/p>\n\n\n\n<p class=\"wp-block-paragraph\">\u201cSejamos claros, essa posi\u00e7\u00e3o hoje s\u00f3 foi poss\u00edvel porque houve o abandono de Valtteri. Sabemos que nosso carro n\u00e3o \u00e9 capaz de fazer isso em circunst\u00e2ncias normais. Mas n\u00e3o h\u00e1 d\u00favida de que estamos evoluindo e vejo isso como um pequeno impulso para o que est\u00e1 por vir\u201d, salientou.<\/p>\n\n\n\n<p class=\"wp-block-paragraph\">A pista de N\u00fcrburgring foi uma das novidades no calend\u00e1rio da F\u00f3rmula 1 e, na vis\u00e3o de Abiteboul, n\u00e3o prejudicou o desempenho da Renault. <br><br>\u201cFicamos preocupados aqui porque \u00e9 a primeira vez que regressamos para c\u00e1 e [porque] \u00e9 uma pista de alt\u00edssimo downforce. O carro funcionou bem e isso indica um grande progresso\u201d.<\/p>\n\n\n\n<p class=\"wp-block-paragraph\">A Renault rivaliza, ponto a ponto, com Racing Point e Mclaren na briga pelo terceiro lugar no Mundial de Construtores. Na vis\u00e3o de Cyril, os tr\u00eas times est\u00e3o muito pr\u00f3ximos e \u00e9 dif\u00edcil apostar em quem fica nesta posi\u00e7\u00e3o.<\/p>\n\n\n\n<p class=\"wp-block-paragraph\">\u201cA consist\u00eancia vem muito da confiabilidade e da boa execu\u00e7\u00e3o [dos trabalhos] H\u00e1 algumas diferen\u00e7as de acordo com as caracter\u00edsticas de cada pista, ent\u00e3o, \u00e9 muito mais sobre qual vai ser o mais confi\u00e1vel e o melhor em termos de corrida\u201d, afirmou.<\/p>\n\n\n\n<p class=\"wp-block-paragraph\">Sobre a aposta feita com Ricciardo, Abiteboul \u2014 que se comprometeu a fazer uma tatuagem, com desenho a ser definido pelo piloto e local da tatuagem de acordo com o dirigente \u2014 n\u00e3o deixou de responder ao questionamento sobre a brincadeira, por\u00e9m, tratou de minimizar o tema e dar \u00eanfase ao que foi conquistado neste domingo. <br><br>\u201cSei que existe uma hist\u00f3ria de tatuagem, mas n\u00e3o quero fazer dela a hist\u00f3ria do dia. Na verdade, a hist\u00f3ria do dia \u00e9 um marco, um marco na jornada da equipe\u201d, comemorou.<\/p>\n\n\n\n<p class=\"wp-block-paragraph\">A pr\u00f3xima etapa da temporada 2020 do Mundial de&nbsp;<a href=\"https:\/\/www.grandepremio.com\/br\/f1\/\" target=\"_blank\" rel=\"noreferrer noopener\">F\u00f3rmula 1<\/a>&nbsp;acontece daqui duas semanas, no GP de Portugal no Aut\u00f3dromo Internacional do Algarve, em&nbsp;<a href=\"https:\/\/www.grandepremio.com\/br\/etapa\/f1\/gp-de-portugal-formula-1-2020\/\" target=\"_blank\" rel=\"noreferrer noopener\">Portim\u00e3o<\/a>. O&nbsp;<strong>GRANDE PR\u00caMIO<\/strong>&nbsp;acompanha tudo&nbsp;<strong>AO VIVO e em TEMPO REAL<\/strong>.<\/p>\n\n\n\n<figure class=\"wp-block-embed-youtube wp-block-embed is-type-video is-provider-youtube wp-embed-aspect-16-9 wp-has-aspect-ratio\"><div class=\"wp-block-embed__wrapper\">\n<iframe loading=\"lazy\" title=\"Como SCHUMACHER levou FERRARI \u00e0 reden\u00e7\u00e3o na F1 | GP \u00e0s 10\" width=\"500\" height=\"281\" src=\"https:\/\/www.youtube.com\/embed\/mK23Zk9_Dss?feature=oembed\" frameborder=\"0\" allow=\"accelerometer; autoplay; clipboard-write; encrypted-media; gyroscope; picture-in-picture; web-share\" referrerpolicy=\"strict-origin-when-cross-origin\" allowfullscreen><\/iframe>\n<\/div><\/figure>\n","protected":false},"excerpt":{"rendered":"<p>Cyril Abiteboul preferiu enfatizar a evolu\u00e7\u00e3o da equipe desde sua volta como equipe de f\u00e1brica ao grid da F\u00f3rmula 1 em 2016 do que fazer a hist\u00f3ria da aposta de fazer uma tatuagem a grande conquista do dia<\/p>\n","protected":false},"author":0,"featured_media":1000425940,"comment_status":"closed","ping_status":"closed","sticky":false,"template":"","format":"standard","meta":{"42wp_featured_image_caption":"","42wp_featured_image_credits":"","42wp_featured_video":"","42wp_featured_image_hidden":false,"42wp_authors_list":[],"footnotes":""},"categories":[2],"tags":[779,211,24837,25716,90,229,612],"42wp_author":[47128],"class_list":["post-126338","post","type-post","status-publish","format-standard","has-post-thumbnail","hentry","category-f1","tag-cyril-abiteboul","tag-daniel-ricciardo","tag-formula-1-2","tag-gp-de-eifel","tag-mclaren","tag-renault","tag-valtteri-bottas","42wp_author-guilherme-bloisi"],"_links":{"self":[{"href":"https:\/\/grandepremio.com\/br\/wp-json\/wp\/v2\/posts\/126338","targetHints":{"allow":["GET"]}}],"collection":[{"href":"https:\/\/grandepremio.com\/br\/wp-json\/wp\/v2\/posts"}],"about":[{"href":"https:\/\/grandepremio.com\/br\/wp-json\/wp\/v2\/types\/post"}],"replies":[{"embeddable":true,"href":"https:\/\/grandepremio.com\/br\/wp-json\/wp\/v2\/comments?post=126338"}],"version-history":[{"count":0,"href":"https:\/\/grandepremio.com\/br\/wp-json\/wp\/v2\/posts\/126338\/revisions"}],"wp:featuredmedia":[{"embeddable":true,"href":"https:\/\/grandepremio.com\/br\/wp-json\/wp\/v2\/media\/1000425940"}],"wp:attachment":[{"href":"https:\/\/grandepremio.com\/br\/wp-json\/wp\/v2\/media?parent=126338"}],"wp:term":[{"taxonomy":"category","embeddable":true,"href":"https:\/\/grandepremio.com\/br\/wp-json\/wp\/v2\/categories?post=126338"},{"taxonomy":"post_tag","embeddable":true,"href":"https:\/\/grandepremio.com\/br\/wp-json\/wp\/v2\/tags?post=126338"},{"taxonomy":"42wp_author","embeddable":true,"href":"https:\/\/grandepremio.com\/br\/wp-json\/wp\/v2\/42wp_author?post=126338"}],"curies":[{"name":"wp","href":"https:\/\/api.w.org\/{rel}","templated":true}]}}