{"id":126362,"date":"2020-10-11T07:00:31","date_gmt":"2020-10-11T10:00:31","guid":{"rendered":"https:\/\/grandepremio.com\/br\/noticias\/grande-premio-traz-ao-vivo-pre-corrida-do-gp-de-eifel-de-formula-1\/"},"modified":"2020-10-10T13:48:18","modified_gmt":"2020-10-10T16:48:18","slug":"grande-premio-traz-ao-vivo-pre-corrida-do-gp-de-eifel-de-formula-1","status":"publish","type":"post","link":"https:\/\/grandepremio.com\/br\/briefing\/grande-premio-traz-ao-vivo-pre-corrida-do-gp-de-eifel-de-formula-1\/","title":{"rendered":"Pr\u00e9-corrida do GP de Eifel de F\u00f3rmula 1"},"content":{"rendered":"\n<p class=\"wp-block-paragraph\">Victor Martins, Fernando Silva e Vitor Fazio participam do <strong>BRIEFING<\/strong>, programa que analisa o treino que definiu o grid de largada da 11\u00aa etapa da temporada e debatem ao vivo, no canal do <a href=\"https:\/\/www.youtube.com\/c\/GrandePremioTV\/\">GRANDE PR\u00caMIO no YouTube<\/a>, as informa\u00e7\u00f5es que antecedem \u00e0 corrida deste domingo (11), o GP de Eifel de F\u00f3rmula 1, em N\u00fcrburgring. Em raz\u00e3o do hor\u00e1rio da largada da prova, o programa pr\u00e9-corrida tamb\u00e9m vai come\u00e7ar mais cedo que o habitual, com a transmiss\u00e3o tendo in\u00edcio \u00e0s 8h (de Bras\u00edlia).<\/p>\n\n\n\n<p class=\"wp-block-paragraph\">No come\u00e7o da manh\u00e3, os jornalistas do\u00a0<strong>GRANDE PR\u00caMIO<\/strong>\u00a0v\u00e3o avaliar o\u00a0<a href=\"https:\/\/www.grandepremio.com\/br\/f1\/noticias\/bottas-vence-batalha-com-hamilton-e-verstappen-e-crava-pole-do-gp-de-eifel\/\">treino classificat\u00f3rio que definiu o grid de largada e teve Valtteri Bottas como dono da pole-position em N\u00fcrburgring<\/a>. Hamilton vai largar em segundo, com Max Verstappen em terceiro. A grande<a href=\"https:\/\/www.grandepremio.com\/br\/f1\/noticias\/4-no-grid-do-gp-de-eifel-leclerc-admite-vantagem-sem-treinos-de-sexta\/\">\u00a0surpresa do s\u00e1bado foi a presen\u00e7a de Charles Leclerc, da Ferrari, em quarto<\/a>.<\/p>\n\n\n\n<p class=\"wp-block-paragraph\">A corrida deste domingo tamb\u00e9m vai marcar a quebra do recorde de largadas da F\u00f3rmula 1. Com 323 GPs disputados, Kimi R\u00e4ikk\u00f6nen vai superar os 322 GPs cumpridos por Rubens Barrichello ao longo de 19 temporadas na principal categoria do esporte a motor.<\/p>\n\n\n\n<h3 class=\"wp-block-heading\">Assista ao BRIEFING pr\u00e9-corrida do GP de Eifel de F\u00f3rmula 1 no GRANDE PR\u00caMIO<\/h3>\n\n\n\n<figure class=\"wp-block-embed-youtube wp-block-embed is-type-video is-provider-youtube wp-embed-aspect-16-9 wp-has-aspect-ratio\"><div class=\"wp-block-embed__wrapper\">\n<iframe loading=\"lazy\" title=\"F1 2020: BOTTAS NA POLE. O pr\u00e9-corrida do GP de EIFEL de F\u00d3RMULA 1 | Briefing\" width=\"500\" height=\"281\" src=\"https:\/\/www.youtube.com\/embed\/Te0SCbTQAWI?feature=oembed\" frameborder=\"0\" allow=\"accelerometer; autoplay; clipboard-write; encrypted-media; gyroscope; picture-in-picture; web-share\" referrerpolicy=\"strict-origin-when-cross-origin\" allowfullscreen><\/iframe>\n<\/div><\/figure>\n","protected":false},"excerpt":{"rendered":"<p>GRANDE PR\u00caMIO analisa o treino classificat\u00f3rio no circuito de N\u00fcrburgring e traz a perspectiva e as informa\u00e7\u00f5es \u00e0s v\u00e9speras da 11\u00aa etapa da temporada 2020 da F\u00f3rmula 1<\/p>\n","protected":false},"author":0,"featured_media":1000425325,"comment_status":"closed","ping_status":"closed","sticky":false,"template":"","format":"standard","meta":{"42wp_featured_image_caption":"","42wp_featured_image_credits":"","42wp_featured_video":"","42wp_featured_image_hidden":false,"42wp_authors_list":[],"footnotes":""},"categories":[39],"tags":[3350,147,642,24837,25716,24836,25145],"42wp_author":[47110],"class_list":["post-126362","post","type-post","status-publish","format-standard","has-post-thumbnail","hentry","category-briefing","tag-briefing","tag-f1","tag-f1-ao-vivo","tag-formula-1-2","tag-gp-de-eifel","tag-grande-premio-2","tag-nurburgring-2","42wp_author-fernando-silva"],"_links":{"self":[{"href":"https:\/\/grandepremio.com\/br\/wp-json\/wp\/v2\/posts\/126362","targetHints":{"allow":["GET"]}}],"collection":[{"href":"https:\/\/grandepremio.com\/br\/wp-json\/wp\/v2\/posts"}],"about":[{"href":"https:\/\/grandepremio.com\/br\/wp-json\/wp\/v2\/types\/post"}],"replies":[{"embeddable":true,"href":"https:\/\/grandepremio.com\/br\/wp-json\/wp\/v2\/comments?post=126362"}],"version-history":[{"count":0,"href":"https:\/\/grandepremio.com\/br\/wp-json\/wp\/v2\/posts\/126362\/revisions"}],"wp:featuredmedia":[{"embeddable":true,"href":"https:\/\/grandepremio.com\/br\/wp-json\/wp\/v2\/media\/1000425325"}],"wp:attachment":[{"href":"https:\/\/grandepremio.com\/br\/wp-json\/wp\/v2\/media?parent=126362"}],"wp:term":[{"taxonomy":"category","embeddable":true,"href":"https:\/\/grandepremio.com\/br\/wp-json\/wp\/v2\/categories?post=126362"},{"taxonomy":"post_tag","embeddable":true,"href":"https:\/\/grandepremio.com\/br\/wp-json\/wp\/v2\/tags?post=126362"},{"taxonomy":"42wp_author","embeddable":true,"href":"https:\/\/grandepremio.com\/br\/wp-json\/wp\/v2\/42wp_author?post=126362"}],"curies":[{"name":"wp","href":"https:\/\/api.w.org\/{rel}","templated":true}]}}