{"id":126364,"date":"2020-10-11T05:22:14","date_gmt":"2020-10-11T08:22:14","guid":{"rendered":"https:\/\/grandepremio.com\/br\/noticias\/nurburgring-tem-domingo-ainda-frio-mas-com-risco-baixo-de-chuva\/"},"modified":"2020-10-11T05:22:25","modified_gmt":"2020-10-11T08:22:25","slug":"nurburgring-tem-domingo-ainda-frio-mas-com-risco-baixo-de-chuva","status":"publish","type":"post","link":"https:\/\/grandepremio.com\/br\/f1\/nurburgring-tem-domingo-ainda-frio-mas-com-risco-baixo-de-chuva\/","title":{"rendered":"N\u00fcrburgring tem domingo ainda frio, mas com risco baixo de chuva"},"content":{"rendered":"\n<figure class=\"wp-block-embed-youtube wp-block-embed is-type-video is-provider-youtube wp-embed-aspect-16-9 wp-has-aspect-ratio\"><div class=\"wp-block-embed__wrapper\">\n<iframe loading=\"lazy\" title=\"Como SCHUMACHER levou FERRARI \u00e0 reden\u00e7\u00e3o na F1 | GP \u00e0s 10\" width=\"500\" height=\"281\" src=\"https:\/\/www.youtube.com\/embed\/mK23Zk9_Dss?feature=oembed\" frameborder=\"0\" allow=\"accelerometer; autoplay; clipboard-write; encrypted-media; gyroscope; picture-in-picture; web-share\" referrerpolicy=\"strict-origin-when-cross-origin\" allowfullscreen><\/iframe>\n<\/div><\/figure>\n\n\n\n<p class=\"wp-block-paragraph\">O GP de Eifel realmente vai acontecer com temperaturas incrivelmente frias para os padr\u00f5es da F\u00f3rmula 1. Mantendo a tend\u00eancia dos \u00faltimos dias, o domingo (11) em N\u00fcrburgring amanheceu com 6\u00b0C e tem m\u00e1xima prevista de 9\u00b0C pelo Weather Channel, al\u00e9m do risco baixo de chuva.<\/p>\n\n\n\n<p class=\"wp-block-paragraph\">O frio j\u00e1 era esperado, assim como a tend\u00eancia de um GP de Eifel seco. O risco de chuva subiu um pouco na compara\u00e7\u00e3o com o s\u00e1bado, mas segue baixo: durante a corrida, a possibilidade de intemp\u00e9rie varia entre 10% e 15%.<\/p>\n\n\n\n<figure class=\"wp-block-image size-large\"><img decoding=\"async\" src=\"https:\/\/www.grandepremio.com\/br\/wp-content\/uploads\/2020\/10\/EkB-WQHX0AEBXC--1024x576.jpg\" alt=\"\" class=\"wp-image-425586\"\/><figcaption>O domingo \u00e9 parcialmente nublado em N\u00fcrburgring (Foto: Reprodu\u00e7\u00e3o\/Twitter)<\/figcaption><\/figure>\n\n\n\n<p class=\"wp-block-paragraph\"><strong>Conhe\u00e7a o canal do Grande Pr\u00eamio no YouTube! Clique\u00a0<a rel=\"noreferrer noopener\" href=\"https:\/\/youtube.com\/GrandePremioTV\" target=\"_blank\">aqui<\/a>.<br>Siga o Grande Pr\u00eamio no\u00a0<a rel=\"noreferrer noopener\" href=\"https:\/\/twitter.com\/grandepremio\" target=\"_blank\">Twitter\u00a0<\/a>e no\u00a0<a rel=\"noreferrer noopener\" href=\"https:\/\/instagram.com\/grandepremio\" target=\"_blank\">Instagram<\/a>!<\/strong><\/p>\n\n\n\n<p class=\"wp-block-paragraph\">Isso, entretanto, n\u00e3o \u00e9 uma not\u00edcia necessariamente ruim. A F1 escapou de um poss\u00edvel repeteco das condi\u00e7\u00f5es de sexta-feira, quando chuva e neblina espessa se tornaram um pesadelo. Principalmente o segundo elemento, que impediu voo seguro do helic\u00f3ptero m\u00e9dico e impediu a realiza\u00e7\u00e3o normal de dois treinos livres. Com o sol at\u00e9 ensaiando dar as caras antes do GP, esse cen\u00e1rio j\u00e1 parece coisa do passado.<\/p>\n\n\n\n<p class=\"wp-block-paragraph\">Mesmo sem a chuva como vari\u00e1vel, a tend\u00eancia \u00e9 de corrida interessante nas primeiras posi\u00e7\u00f5es em N\u00fcrburgring. Max Verstappen lutou para valer pela pole-position, o que n\u00e3o costuma acontecer em 2020, e promete colocar a Mercedes sob press\u00e3o. A escuderia alem\u00e3, entretanto, manteve a primeira fila: Valtteri Bottas em primeiro, Lewis Hamilton em segundo.<\/p>\n\n\n\n<p class=\"wp-block-paragraph\">A largada do GP de Eifel est\u00e1 marcada para 9h10 (de Bras\u00edlia). Antes, a partir das 8h, o\u00a0<strong>GRANDE PR\u00caMIO<\/strong>\u00a0transmite o\u00a0<a href=\"https:\/\/www.youtube.com\/watch?v=Te0SCbTQAWI\">Briefing, programa pr\u00e9-corrida na GPTV, o nosso canal no YouTube<\/a>, com toda a an\u00e1lise da classifica\u00e7\u00e3o e as \u00faltimas informa\u00e7\u00f5es direto de\u00a0<a href=\"https:\/\/www.grandepremio.com\/br\/etapa\/f1\/gp-do-eifel-formula-1-2020\/\" target=\"_blank\" rel=\"noreferrer noopener\">N\u00fcrburgring<\/a>.<\/p>\n","protected":false},"excerpt":{"rendered":"<p>O GP de Eifel ser\u00e1 exatamente como j\u00e1 se imaginava: frio e seco. O term\u00f4metros n\u00e3o devem nem registrar dois d\u00edgitos em N\u00fcrburgring, isso enquanto o risco de chuva n\u00e3o passa dos 15%<\/p>\n","protected":false},"author":0,"featured_media":1000425587,"comment_status":"closed","ping_status":"closed","sticky":false,"template":"","format":"standard","meta":{"42wp_featured_image_caption":"","42wp_featured_image_credits":"","42wp_featured_video":"","42wp_featured_image_hidden":false,"42wp_authors_list":[],"footnotes":""},"categories":[2],"tags":[1134,969,118,24837,25716,25145,25333],"42wp_author":[47118],"class_list":["post-126364","post","type-post","status-publish","format-standard","has-post-thumbnail","hentry","category-f1","tag-chuva","tag-corrida","tag-f1-2020","tag-formula-1-2","tag-gp-de-eifel","tag-nurburgring-2","tag-previsao-do-tempo","42wp_author-vitor-fazio"],"_links":{"self":[{"href":"https:\/\/grandepremio.com\/br\/wp-json\/wp\/v2\/posts\/126364","targetHints":{"allow":["GET"]}}],"collection":[{"href":"https:\/\/grandepremio.com\/br\/wp-json\/wp\/v2\/posts"}],"about":[{"href":"https:\/\/grandepremio.com\/br\/wp-json\/wp\/v2\/types\/post"}],"replies":[{"embeddable":true,"href":"https:\/\/grandepremio.com\/br\/wp-json\/wp\/v2\/comments?post=126364"}],"version-history":[{"count":0,"href":"https:\/\/grandepremio.com\/br\/wp-json\/wp\/v2\/posts\/126364\/revisions"}],"wp:featuredmedia":[{"embeddable":true,"href":"https:\/\/grandepremio.com\/br\/wp-json\/wp\/v2\/media\/1000425587"}],"wp:attachment":[{"href":"https:\/\/grandepremio.com\/br\/wp-json\/wp\/v2\/media?parent=126364"}],"wp:term":[{"taxonomy":"category","embeddable":true,"href":"https:\/\/grandepremio.com\/br\/wp-json\/wp\/v2\/categories?post=126364"},{"taxonomy":"post_tag","embeddable":true,"href":"https:\/\/grandepremio.com\/br\/wp-json\/wp\/v2\/tags?post=126364"},{"taxonomy":"42wp_author","embeddable":true,"href":"https:\/\/grandepremio.com\/br\/wp-json\/wp\/v2\/42wp_author?post=126364"}],"curies":[{"name":"wp","href":"https:\/\/api.w.org\/{rel}","templated":true}]}}