{"id":126392,"date":"2020-10-10T09:11:08","date_gmt":"2020-10-10T12:11:08","guid":{"rendered":"https:\/\/grandepremio.com\/br\/noticias\/racing-point-confirma-hulkenberg-no-lugar-de-stroll-no-gp-de-eifel\/"},"modified":"2020-10-10T09:16:07","modified_gmt":"2020-10-10T12:16:07","slug":"racing-point-confirma-hulkenberg-no-lugar-de-stroll-no-gp-de-eifel","status":"publish","type":"post","link":"https:\/\/grandepremio.com\/br\/f1\/racing-point-confirma-hulkenberg-no-lugar-de-stroll-no-gp-de-eifel\/","title":{"rendered":"Racing Point confirma volta de H\u00fclkenberg no lugar de Stroll para sequ\u00eancia do GP de Eifel"},"content":{"rendered":"\n<figure class=\"wp-block-embed-youtube wp-block-embed is-type-video is-provider-youtube wp-embed-aspect-16-9 wp-has-aspect-ratio\"><div class=\"wp-block-embed__wrapper\">\n<iframe loading=\"lazy\" title=\"O FUTURO dos motores da F1: as adapta\u00e7\u00f5es e o que pode acontecer? | Cadeira Cativa #27\" width=\"500\" height=\"281\" src=\"https:\/\/www.youtube.com\/embed\/aVuJKOAg4uI?feature=oembed\" frameborder=\"0\" allow=\"accelerometer; autoplay; clipboard-write; encrypted-media; gyroscope; picture-in-picture; web-share\" referrerpolicy=\"strict-origin-when-cross-origin\" allowfullscreen><\/iframe>\n<\/div><\/figure>\n\n\n\n<p class=\"wp-block-paragraph\">A liga\u00e7\u00e3o de Nico H\u00fclkenberg com a Racing Point tem mais um cap\u00edtulo nesta temporada. <a href=\"https:\/\/www.grandepremio.com\/br\/f1\/noticias\/stroll-fica-indisposto-e-vira-duvida-para-gp-de-eifel-hulkenberg-vai-a-nurburgring\/\">Lance Stroll, piloto titular da equipe de Silverstone, passou mal neste s\u00e1bado<\/a> (10) e n\u00e3o teve condi\u00e7\u00f5es sequer de participar do <a href=\"https:\/\/www.grandepremio.com\/br\/f1\/noticias\/bottas-lidera-agitado-tl3-do-gp-de-eifel-stroll-passa-mal-nao-treina-e-vira-duvida\/\">terceiro treino livre do GP de Eifel, em N\u00fcrburgring<\/a>. Desde ent\u00e3o, nomes como o de H\u00fclkenberg e at\u00e9 o de Stoffel Vandoorne, reserva imediato de Lewis Hamilton e Valtteri Bottas, foram levantados no paddock do circuito alem\u00e3o. Mas prevaleceu a op\u00e7\u00e3o por quem j\u00e1 correu duas vezes pela Racing Point nesta temporada e conhece a &#8216;Mercedes rosa&#8217;, de modo que Nico est\u00e1 de volta para fazer seu GP 179 na F\u00f3rmula 1.<\/p>\n\n\n\n<p class=\"wp-block-paragraph\">H\u00fclkenberg estava previamente escalado para ser comentarista da emissora alem\u00e3 RTL, que tem sua base em Col\u00f4nia, distante 66 km do circuito de N\u00fcrburgring. A curta dist\u00e2ncia permitiu ao piloto chegar rapidamente ao aut\u00f3dromo. Nico fez quest\u00e3o de compartilhar a sua chegada nos stories da sua conta na rede social Instagram.<\/p>\n\n\n\n<figure class=\"wp-block-image size-large\"><img decoding=\"async\" src=\"https:\/\/www.grandepremio.com\/br\/wp-content\/uploads\/2020\/08\/racingpoint-nicohulkenberg-02-3-1024x681.jpg\" alt=\"\" class=\"wp-image-404645\"\/><figcaption>Nico H\u00fclkenberg est\u00e1 de volta ao cockpit da Racing Point. Desta vez, no lugar de Lance Stroll (Foto: Racing Point)<\/figcaption><\/figure>\n\n\n\n<p class=\"wp-block-paragraph\"><strong>Conhe\u00e7a o canal do Grande Pr\u00eamio no YouTube! Clique&nbsp;<a rel=\"noreferrer noopener\" href=\"https:\/\/youtube.com\/GrandePremioTV\" target=\"_blank\">aqui<\/a>.<br>Siga o Grande Pr\u00eamio no&nbsp;<a rel=\"noreferrer noopener\" href=\"https:\/\/twitter.com\/grandepremio\" target=\"_blank\">Twitter&nbsp;<\/a>e no&nbsp;<a rel=\"noreferrer noopener\" href=\"https:\/\/instagram.com\/grandepremio\" target=\"_blank\">Instagram<\/a>!<\/strong><\/p>\n\n\n\n<p class=\"wp-block-paragraph\">Restava somente a confirma\u00e7\u00e3o por parte da Racing Point, o que aconteceu pouco depois que o alem\u00e3o foi submetido a um teste de Covid-19 e teve resultado negativo. Antes mesmo do an\u00fancio, H\u00fclkenberg j\u00e1 vestia o macac\u00e3o e transitava pelo paddock de N\u00fcrburgring.<\/p>\n\n\n\n<p class=\"wp-block-paragraph\">\u00c0s 9h10, veio a oficializa\u00e7\u00e3o por parte da Racing Point. \u201cLance n\u00e3o se sentiu 100% bem nesta manh\u00e3, e a equipe tomou a decis\u00e3o de n\u00e3o correr com ele no restante da etapa. Nico, que anteriormente substituiu Sergio P\u00e9rez nas etapas de Silverstone, j\u00e1 est\u00e1 familiarizado com o carro e com a equipe e, felizmente, estava pr\u00f3ximo, em Col\u00f4nia\u201d.<\/p>\n\n\n\n<figure class=\"wp-block-embed-twitter wp-block-embed is-type-rich is-provider-twitter\"><div class=\"wp-block-embed__wrapper\">\n<blockquote class=\"twitter-tweet\" data-width=\"500\" data-dnt=\"true\"><p lang=\"zxx\" dir=\"ltr\"><a href=\"https:\/\/t.co\/KBuZBRVJQ2\">pic.twitter.com\/KBuZBRVJQ2<\/a><\/p>&mdash; Aston Martin Aramco F1 Team (@AstonMartinF1) <a href=\"https:\/\/x.com\/AstonMartinF1\/status\/1314901365332860931?ref_src=twsrc%5Etfw\">October 10, 2020<\/a><\/blockquote><script async src=\"https:\/\/platform.x.com\/widgets.js\" charset=\"utf-8\"><\/script>\n<\/div><\/figure>\n\n\n\n<p class=\"wp-block-paragraph\">\u00c9 a primeira vez desde 2017, quando Paul di Resta substituiu Felipe Massa no carro da Williams no GP da Hungria, que um piloto entra como suplente sem ter feito um treino livre anteriormente no fim de semana.<\/p>\n\n\n\n<p class=\"wp-block-paragraph\">Outra vez de forma inesperada, Nico regressa ao grid da F\u00f3rmula 1 depois de quase dois meses. Sem emprego nesta temporada, o alem\u00e3o de 33 anos foi chamado pela Racing Point \u00e0s pressas no fim de semana do GP da Inglaterra, em Silverstone, depois que Sergio P\u00e9rez testou positivo para coronav\u00edrus. O mexicano ficou ausente das duas corridas que a F\u00f3rmula 1 promoveu no circuito brit\u00e2nico, de modo que H\u00fclkenberg fez os finais de semana n\u00e3o somente do GP da Inglaterra, mas tamb\u00e9m do GP dos 70 Anos.<\/p>\n\n\n\n<figure class=\"wp-block-embed-twitter wp-block-embed is-type-rich is-provider-twitter\"><div class=\"wp-block-embed__wrapper\">\n<blockquote class=\"twitter-tweet\" data-width=\"500\" data-dnt=\"true\"><p lang=\"en\" dir=\"ltr\">back to <a href=\"https:\/\/x.com\/hashtag\/hulkenback?src=hash&amp;ref_src=twsrc%5Etfw\">#hulkenback<\/a> <br>@RacingPointF1 <a href=\"https:\/\/x.com\/F1?ref_src=twsrc%5Etfw\">@F1<\/a> <a href=\"https:\/\/t.co\/WvLsYW54Xf\">pic.twitter.com\/WvLsYW54Xf<\/a><\/p>&mdash; Nico H\u00fclkenberg (@HulkHulkenberg) <a href=\"https:\/\/x.com\/HulkHulkenberg\/status\/1314901067533033473?ref_src=twsrc%5Etfw\">October 10, 2020<\/a><\/blockquote><script async src=\"https:\/\/platform.x.com\/widgets.js\" charset=\"utf-8\"><\/script>\n<\/div><\/figure>\n\n\n\n<p class=\"wp-block-paragraph\">Na verdade, Nico sequer conseguiu largar no GP da Inglaterra <a href=\"https:\/\/www.grandepremio.com\/br\/f1\/noticias\/racing-point-diz-que-quebra-na-embreagem-evitou-largada-de-hulkenberg-na-inglaterra\/\">depois de enfrentar problemas mec\u00e2nicos no carro da Racing Point<\/a>. Mas, no fim de semana seguinte, o alem\u00e3o garantiu a terceira posi\u00e7\u00e3o no grid de largada.<\/p>\n\n\n\n<p class=\"wp-block-paragraph\">Neste GP dos 70 Anos, a Racing Point chamou <a href=\"https:\/\/www.grandepremio.com\/br\/f1\/noticias\/pneus-nao-durariam-ate-o-fim-hulkenberg-justifica-3o-pit-stop-em-silverstone\/\">H\u00fclkenberg, quando o piloto estava \u00e0 frente de Stroll na corrida, para fazer um terceiro pit-stop<\/a>. A troca de pneus permitiu ao canadense terminar a prova em sexto, uma posi\u00e7\u00e3o \u00e0 frente de Nico, o que levantou v\u00e1rios coment\u00e1rios e cr\u00edticas \u00e0 equipe por parte dos f\u00e3s nas redes sociais.<\/p>\n\n\n\n<p class=\"wp-block-paragraph\">Marcado pelo recorde negativo de 178 GPs sem p\u00f3dio na F\u00f3rmula 1, H\u00fclkenberg tem uma nova oportunidade, desta vez em casa, de quebrar o jejum. Na \u00faltima vez que a categoria correu em N\u00fcrburgring, em 2013, Nico, ent\u00e3o piloto da Sauber, terminou na d\u00e9cima coloca\u00e7\u00e3o.<\/p>\n\n\n\n<p class=\"wp-block-paragraph\">O treino classificat\u00f3rio do GP de Eifel est\u00e1 marcado para logo mais, \u00e0s 10h (de Bras\u00edlia). O\u00a0<strong>GRANDE PR\u00caMIO<\/strong>\u00a0acompanha tudo\u00a0<strong><a href=\"https:\/\/bit.ly\/TCGPEifelF1\">AO VIVO e em TEMPO REAL<\/a><\/strong>.<\/p>\n\n\n\n<figure class=\"wp-block-embed-youtube wp-block-embed is-type-video is-provider-youtube wp-embed-aspect-16-9 wp-has-aspect-ratio\"><div class=\"wp-block-embed__wrapper\">\n<iframe loading=\"lazy\" title=\"Por que nenhuma MONTADORA quer a F\u00f3rmula 1? TOYOTA \u00e9 exemplo | GP \u00e0s 10\" width=\"500\" height=\"281\" src=\"https:\/\/www.youtube.com\/embed\/Ply9YlY2CLk?feature=oembed\" frameborder=\"0\" allow=\"accelerometer; autoplay; clipboard-write; encrypted-media; gyroscope; picture-in-picture; web-share\" referrerpolicy=\"strict-origin-when-cross-origin\" allowfullscreen><\/iframe>\n<\/div><\/figure>\n","protected":false},"excerpt":{"rendered":"<p>Nico H\u00fclkenberg est\u00e1 de volta \u00e0 F\u00f3rmula 1. E, novamente, pela Racing Point. O alem\u00e3o vai substituir Lance Stroll depois de o canadense passar mal e n\u00e3o conseguir acelerar neste s\u00e1bado em N\u00fcrburgring<\/p>\n","protected":false},"author":0,"featured_media":1000404083,"comment_status":"closed","ping_status":"closed","sticky":false,"template":"","format":"standard","meta":{"42wp_featured_image_caption":"","42wp_featured_image_credits":"","42wp_featured_video":"","42wp_featured_image_hidden":false,"42wp_authors_list":[],"footnotes":""},"categories":[2],"tags":[147,118,24837,25716,24836,485,25514,25145,310],"42wp_author":[47110],"class_list":["post-126392","post","type-post","status-publish","format-standard","has-post-thumbnail","hentry","category-f1","tag-f1","tag-f1-2020","tag-formula-1-2","tag-gp-de-eifel","tag-grande-premio-2","tag-lance-stroll","tag-nico-hulkenberg-2","tag-nurburgring-2","tag-racing-point","42wp_author-fernando-silva"],"_links":{"self":[{"href":"https:\/\/grandepremio.com\/br\/wp-json\/wp\/v2\/posts\/126392","targetHints":{"allow":["GET"]}}],"collection":[{"href":"https:\/\/grandepremio.com\/br\/wp-json\/wp\/v2\/posts"}],"about":[{"href":"https:\/\/grandepremio.com\/br\/wp-json\/wp\/v2\/types\/post"}],"replies":[{"embeddable":true,"href":"https:\/\/grandepremio.com\/br\/wp-json\/wp\/v2\/comments?post=126392"}],"version-history":[{"count":0,"href":"https:\/\/grandepremio.com\/br\/wp-json\/wp\/v2\/posts\/126392\/revisions"}],"wp:featuredmedia":[{"embeddable":true,"href":"https:\/\/grandepremio.com\/br\/wp-json\/wp\/v2\/media\/1000404083"}],"wp:attachment":[{"href":"https:\/\/grandepremio.com\/br\/wp-json\/wp\/v2\/media?parent=126392"}],"wp:term":[{"taxonomy":"category","embeddable":true,"href":"https:\/\/grandepremio.com\/br\/wp-json\/wp\/v2\/categories?post=126392"},{"taxonomy":"post_tag","embeddable":true,"href":"https:\/\/grandepremio.com\/br\/wp-json\/wp\/v2\/tags?post=126392"},{"taxonomy":"42wp_author","embeddable":true,"href":"https:\/\/grandepremio.com\/br\/wp-json\/wp\/v2\/42wp_author?post=126392"}],"curies":[{"name":"wp","href":"https:\/\/api.w.org\/{rel}","templated":true}]}}