{"id":126412,"date":"2020-10-09T14:02:33","date_gmt":"2020-10-09T17:02:33","guid":{"rendered":"https:\/\/grandepremio.com\/br\/noticias\/em-semana-de-menos-testes-formula-1-anuncia-tres-casos-positivos-de-coronavirus\/"},"modified":"2020-10-09T14:02:40","modified_gmt":"2020-10-09T17:02:40","slug":"em-semana-de-menos-testes-formula-1-anuncia-tres-casos-positivos-de-coronavirus","status":"publish","type":"post","link":"https:\/\/grandepremio.com\/br\/f1\/em-semana-de-menos-testes-formula-1-anuncia-tres-casos-positivos-de-coronavirus\/","title":{"rendered":"Em semana de menos testes, F\u00f3rmula 1 anuncia tr\u00eas casos positivos de coronav\u00edrus"},"content":{"rendered":"\n<figure class=\"wp-block-embed-youtube wp-block-embed is-type-video is-provider-youtube wp-embed-aspect-16-9 wp-has-aspect-ratio\"><div class=\"wp-block-embed__wrapper\">\n<iframe loading=\"lazy\" title=\"F\u00d3RMULA 1 perto de ZERO e com CHUVA: GP de Eifel promete | GP \u00e0s 10\" width=\"500\" height=\"281\" src=\"https:\/\/www.youtube.com\/embed\/sFqnWmgUB64?feature=oembed\" frameborder=\"0\" allow=\"accelerometer; autoplay; clipboard-write; encrypted-media; gyroscope; picture-in-picture; web-share\" referrerpolicy=\"strict-origin-when-cross-origin\" allowfullscreen><\/iframe>\n<\/div><\/figure>\n\n\n\n<p class=\"wp-block-paragraph\">O boletim semanal da F\u00f3rmula 1 sobre os testes de coronav\u00edrus foi divulgado, como de costume, no come\u00e7o da tarde desta sexta-feira (9). Como n\u00e3o h\u00e1 F\u00f3rmula 2 ou F\u00f3rmula 3 em N\u00fcrburgring, menos testes foram feitos durante a semana: 1.635, em compara\u00e7\u00e3o aos 3.256 feitos na semana do GP da R\u00fassia. Entre estes, tr\u00eas testaram positivo.<\/p>\n\n\n\n<p class=\"wp-block-paragraph\">A Mercedes anunciou mais cedo que dois de seus funcion\u00e1rios <a href=\"https:\/\/www.grandepremio.com\/br\/f1\/noticias\/mercedes-tem-segundo-caso-de-covid-19-em-nurburgring-e-isola-seis-funcionarios\/\">haviam testado positivo<\/a> e que, por isso, isolou seis pessoas. A afirma\u00e7\u00e3o da equipe alem\u00e3 ajuda a mapear os casos dos quais fala a F1.<\/p>\n\n\n\n<p class=\"wp-block-paragraph\">&#8220;A FIA e F\u00f3rmula 1 podem confirmar que, entre a sexta-feira, 2 de outubro, e a quinta-feira, 8 de outubro, 1.635 testes para Covid-19 foram realizados com pilotos, equipes e estafe. Destes, tr\u00eas retornaram positivo&#8221;, afirmou a F1 em comunicado.<\/p>\n\n\n\n<p class=\"wp-block-paragraph\">Assim como em S\u00f3chi, a F1 corre para se defender e garantir que a presen\u00e7a do p\u00fablico nada tem a ver com o cont\u00e1gio: N\u00fcrburgring est\u00e1 aberta para 20.000 pessoas.<\/p>\n\n\n\n<p class=\"wp-block-paragraph\">&#8220;Estes casos foram gerenciados rapidamente e efetivamente sem impactar o evento. A presen\u00e7a de f\u00e3s n\u00e3o afetou a situa\u00e7\u00e3o, uma vez que o p\u00fablico n\u00e3o foi recebido dentro da bolha da F1, em acordo com o protocolo estabelecido&#8221;, seguiu.<\/p>\n\n\n\n<p class=\"wp-block-paragraph\">&#8220;O baixo n\u00famero de testes conduzidos neste per\u00edodo, comparado \u00e0s \u00faltimas semanas, refletem a aus\u00eancia da F2 e F2 do calend\u00e1rio deste evento. A FIA e F1 informam esses dados com o prop\u00f3sito de integridade e transpar\u00eancia. Nenhum detalhe espec\u00edfico sobre equipes ou indiv\u00edduos ser\u00e1 dado pela F1 ou F\u00f3rmula 1, e os resultados ser\u00e3o tornados p\u00fablicos a cada sete dias&#8221;, finalizou.<\/p>\n\n\n\n<p class=\"wp-block-paragraph\">O <strong>GRANDE PR\u00caMIO<\/strong> acompanha todas as atividades do GP de Eifel do fim de semana <strong><a href=\"https:\/\/www.grandepremio.com\/br\/ao-vivo\/f1\/gp-de-eifel-2020-treinos-livres\/\">EM TEMPO REAL<\/a><\/strong>. Neste s\u00e1bado, o terceiro treino livre come\u00e7a \u00e0s 7h (de Bras\u00edlia), enquanto a classifica\u00e7\u00e3o inicia \u00e0s 10h.<\/p>\n\n\n\n<p class=\"wp-block-paragraph\"><strong><strong>A sexta-feira em N\u00fcrburgring\u00a0<a href=\"https:\/\/www.grandepremio.com\/br\/f1\/noticias\/mau-tempo-permanece-e-faz-formula-1-perder-sexta-feira-de-treinos-do-gp-de-eifel\/\">n\u00e3o teve treinos<\/a>\u00a0por conta da chuva.<br>Conhe\u00e7a o canal do Grande Pr\u00eamio no YouTube! Clique\u00a0<a rel=\"noreferrer noopener\" href=\"https:\/\/youtube.com\/GrandePremioTV\" target=\"_blank\">aqui<\/a>.<br>Siga o Grande Pr\u00eamio no\u00a0<a rel=\"noreferrer noopener\" href=\"https:\/\/twitter.com\/grandepremio\" target=\"_blank\">Twitter\u00a0<\/a>e no\u00a0<a rel=\"noreferrer noopener\" href=\"https:\/\/instagram.com\/grandepremio\" target=\"_blank\">Instagram<\/a>!<\/strong><\/strong><\/p>\n\n\n\n<figure class=\"wp-block-embed-youtube wp-block-embed is-type-video is-provider-youtube wp-embed-aspect-16-9 wp-has-aspect-ratio\"><div class=\"wp-block-embed__wrapper\">\n<iframe loading=\"lazy\" title=\"O FUTURO dos motores da F1: as adapta\u00e7\u00f5es e o que pode acontecer? | Cadeira Cativa #27\" width=\"500\" height=\"281\" src=\"https:\/\/www.youtube.com\/embed\/aVuJKOAg4uI?feature=oembed\" frameborder=\"0\" allow=\"accelerometer; autoplay; clipboard-write; encrypted-media; gyroscope; picture-in-picture; web-share\" referrerpolicy=\"strict-origin-when-cross-origin\" allowfullscreen><\/iframe>\n<\/div><\/figure>\n","protected":false},"excerpt":{"rendered":"<p>Por conta da aus\u00eancia das categorias-sat\u00e9lite F2 e F3, FIA e F\u00f3rmula 1 realizaram menos testes durante a semana do GP de Eifel<\/p>\n","protected":false},"author":0,"featured_media":1000424889,"comment_status":"closed","ping_status":"closed","sticky":false,"template":"","format":"standard","meta":{"42wp_featured_image_caption":"","42wp_featured_image_credits":"","42wp_featured_video":"","42wp_featured_image_hidden":false,"42wp_authors_list":[],"footnotes":""},"categories":[2],"tags":[464,24858,118,157,25716,159,158,82,3799],"42wp_author":[47120],"class_list":["post-126412","post","type-post","status-publish","format-standard","has-post-thumbnail","hentry","category-f1","tag-coronavirus","tag-covid-19","tag-f1-2020","tag-formula-1-2020","tag-gp-de-eifel","tag-horarios-da-f1","tag-horarios-da-formula-1","tag-mercedes","tag-nurburgring","42wp_author-pedro-henrique-marum"],"_links":{"self":[{"href":"https:\/\/grandepremio.com\/br\/wp-json\/wp\/v2\/posts\/126412","targetHints":{"allow":["GET"]}}],"collection":[{"href":"https:\/\/grandepremio.com\/br\/wp-json\/wp\/v2\/posts"}],"about":[{"href":"https:\/\/grandepremio.com\/br\/wp-json\/wp\/v2\/types\/post"}],"replies":[{"embeddable":true,"href":"https:\/\/grandepremio.com\/br\/wp-json\/wp\/v2\/comments?post=126412"}],"version-history":[{"count":0,"href":"https:\/\/grandepremio.com\/br\/wp-json\/wp\/v2\/posts\/126412\/revisions"}],"wp:featuredmedia":[{"embeddable":true,"href":"https:\/\/grandepremio.com\/br\/wp-json\/wp\/v2\/media\/1000424889"}],"wp:attachment":[{"href":"https:\/\/grandepremio.com\/br\/wp-json\/wp\/v2\/media?parent=126412"}],"wp:term":[{"taxonomy":"category","embeddable":true,"href":"https:\/\/grandepremio.com\/br\/wp-json\/wp\/v2\/categories?post=126412"},{"taxonomy":"post_tag","embeddable":true,"href":"https:\/\/grandepremio.com\/br\/wp-json\/wp\/v2\/tags?post=126412"},{"taxonomy":"42wp_author","embeddable":true,"href":"https:\/\/grandepremio.com\/br\/wp-json\/wp\/v2\/42wp_author?post=126412"}],"curies":[{"name":"wp","href":"https:\/\/api.w.org\/{rel}","templated":true}]}}