{"id":126462,"date":"2020-10-08T06:00:00","date_gmt":"2020-10-08T09:00:00","guid":{"rendered":"https:\/\/grandepremio.com\/br\/noticias\/como-foi-reuniao-da-ferrari-apos-polemico-gp-da-alemanha-de-2010-ex-assessor-relembra\/"},"modified":"2020-10-08T11:01:47","modified_gmt":"2020-10-08T14:01:47","slug":"como-foi-reuniao-da-ferrari-apos-polemico-gp-da-alemanha-de-2010-ex-assessor-relembra","status":"publish","type":"post","link":"https:\/\/grandepremio.com\/br\/f1\/como-foi-reuniao-da-ferrari-apos-polemico-gp-da-alemanha-de-2010-ex-assessor-relembra\/","title":{"rendered":"Ferrari fez reuni\u00e3o ap\u00f3s &#8216;Fernando is faster than you&#8217; para limpar imagem de Massa"},"content":{"rendered":"\n<p class=\"wp-block-paragraph\">O Cadeira Cativa #26 relembrou os acontecimentos ap\u00f3s o GP da Alemanha de 2010 de\u00a0<a rel=\"noreferrer noopener\" href=\"https:\/\/www.grandepremio.com\/br\/f1\/\" target=\"_blank\">F\u00f3rmula 1<\/a>, o do &#8216;Fernando is faster than you&#8217;: Felipe Massa teve de ceder a lideran\u00e7a da prova para Fernando Alonso, que saiu vencedor em meio a grande controv\u00e9rsia. M\u00e1rcio Fonseca, jornalista e ex-assessor de Massa, revelou uma reuni\u00e3o com a Ferrari com objetivo claro: melhorar a imagem do piloto brasileiro frente aos f\u00e3s.<\/p>\n\n\n\n<p class=\"wp-block-paragraph\">O Cadeira Cativa \u00e9 o programa do&nbsp;<strong>GRANDE PR\u00caMIO<\/strong>&nbsp;<a href=\"https:\/\/www.youtube.com\/playlist?list=PLULYLQYUzB5quTd-TVZPMhYwfGBYPTVy7\">que recebe jornalistas e personalidades marcantes da cobertura de esporte a motor do Brasil<\/a>.<\/p>\n\n\n\n<p class=\"wp-block-paragraph\"><strong>Conhe\u00e7a o canal do Grande Pr\u00eamio no YouTube! Clique&nbsp;<a href=\"https:\/\/youtube.com\/GrandePremioTV\" target=\"_blank\" rel=\"noreferrer noopener\">aqui<\/a>.<br>Siga o Grande Pr\u00eamio no&nbsp;<a href=\"https:\/\/twitter.com\/grandepremio\" target=\"_blank\" rel=\"noreferrer noopener\">Twitter&nbsp;<\/a>e no&nbsp;<a href=\"https:\/\/instagram.com\/grandepremio\" target=\"_blank\" rel=\"noreferrer noopener\">Instagram<\/a>!<\/strong><\/p>\n\n\n\n<p class=\"wp-block-paragraph\"><strong>Assista ao trecho completo abaixo:<\/strong><\/p>\n\n\n\n<figure class=\"wp-block-embed-youtube wp-block-embed is-type-video is-provider-youtube wp-embed-aspect-16-9 wp-has-aspect-ratio\"><div class=\"wp-block-embed__wrapper\">\n<iframe loading=\"lazy\" title=\"As grandes HEGEMONIAS da F1: quando come\u00e7am e como acabam | Cadeira Cativa #26\" width=\"500\" height=\"281\" src=\"https:\/\/www.youtube.com\/embed\/L2L1JKfKGzk?start=1307&amp;feature=oembed\" frameborder=\"0\" allow=\"accelerometer; autoplay; clipboard-write; encrypted-media; gyroscope; picture-in-picture; web-share\" referrerpolicy=\"strict-origin-when-cross-origin\" allowfullscreen><\/iframe>\n<\/div><\/figure>\n\n\n","protected":false},"excerpt":{"rendered":"<p>O GP da Alemanha de 2010 foi marcado pela ordem de equipe que tirou vit\u00f3ria de Felipe Massa para favorecer Fernando Alonso. No Cadeira Cativa #26, o assessor M\u00e1rcio Fonseca revelou reuni\u00e3o com a alta c\u00fapula de Maranello para melhorar a imagem do brasileiro<\/p>\n","protected":false},"author":0,"featured_media":1000399469,"comment_status":"closed","ping_status":"closed","sticky":false,"template":"","format":"standard","meta":{"42wp_featured_image_caption":"","42wp_featured_image_credits":"","42wp_featured_video":"","42wp_featured_image_hidden":false,"42wp_authors_list":[],"footnotes":""},"categories":[2],"tags":[24900,147,504,176,207,122,24837],"42wp_author":[47135],"class_list":["post-126462","post","type-post","status-publish","format-standard","has-post-thumbnail","hentry","category-f1","tag-cadeira-cativa","tag-f1","tag-felipe-massa","tag-fernando-alonso","tag-ferrari","tag-flavio-gomes","tag-formula-1-2","42wp_author-pedro-luis-cuenca"],"_links":{"self":[{"href":"https:\/\/grandepremio.com\/br\/wp-json\/wp\/v2\/posts\/126462","targetHints":{"allow":["GET"]}}],"collection":[{"href":"https:\/\/grandepremio.com\/br\/wp-json\/wp\/v2\/posts"}],"about":[{"href":"https:\/\/grandepremio.com\/br\/wp-json\/wp\/v2\/types\/post"}],"replies":[{"embeddable":true,"href":"https:\/\/grandepremio.com\/br\/wp-json\/wp\/v2\/comments?post=126462"}],"version-history":[{"count":0,"href":"https:\/\/grandepremio.com\/br\/wp-json\/wp\/v2\/posts\/126462\/revisions"}],"wp:featuredmedia":[{"embeddable":true,"href":"https:\/\/grandepremio.com\/br\/wp-json\/wp\/v2\/media\/1000399469"}],"wp:attachment":[{"href":"https:\/\/grandepremio.com\/br\/wp-json\/wp\/v2\/media?parent=126462"}],"wp:term":[{"taxonomy":"category","embeddable":true,"href":"https:\/\/grandepremio.com\/br\/wp-json\/wp\/v2\/categories?post=126462"},{"taxonomy":"post_tag","embeddable":true,"href":"https:\/\/grandepremio.com\/br\/wp-json\/wp\/v2\/tags?post=126462"},{"taxonomy":"42wp_author","embeddable":true,"href":"https:\/\/grandepremio.com\/br\/wp-json\/wp\/v2\/42wp_author?post=126462"}],"curies":[{"name":"wp","href":"https:\/\/api.w.org\/{rel}","templated":true}]}}