{"id":126501,"date":"2020-10-06T15:00:43","date_gmt":"2020-10-06T18:00:43","guid":{"rendered":"https:\/\/grandepremio.com\/br\/noticias\/agressao-de-corberi-e-inaceitavel-e-cena-mais-grotesca-do-ano-no-esporte-a-motor\/"},"modified":"2020-10-06T13:08:16","modified_gmt":"2020-10-06T16:08:16","slug":"agressao-de-corberi-e-inaceitavel-e-cena-mais-grotesca-do-ano-no-esporte-a-motor","status":"publish","type":"post","link":"https:\/\/grandepremio.com\/br\/kart\/agressao-de-corberi-e-inaceitavel-e-cena-mais-grotesca-do-ano-no-esporte-a-motor\/","title":{"rendered":"Agress\u00e3o de Corberi \u00e9 inaceit\u00e1vel e cena mais grotesca do ano no esporte a motor"},"content":{"rendered":"\n<p class=\"wp-block-paragraph\">O ataque de ira do <a href=\"https:\/\/www.grandepremio.com\/br\/kart\/noticias\/video-irritado-piloto-arremessa-peca-do-kart-contra-rivais-em-etapa-do-mundial\/\">kartista Luca Corberi<\/a> foi uma das pautas do Paddock GP #217. Os comentaristas da mesa virtual falaram sobre como a cena foi uma das mais lament\u00e1veis e grotescas do esporte a motor em 2020.<\/p>\n\n\n\n<p class=\"wp-block-paragraph\"><strong>Assista ao trecho completo abaixo:<\/strong><\/p>\n\n\n\n<figure class=\"wp-block-embed-youtube wp-block-embed is-type-video is-provider-youtube wp-embed-aspect-16-9 wp-has-aspect-ratio\"><div class=\"wp-block-embed__wrapper\">\n<iframe loading=\"lazy\" title=\"\ud83d\udd34 EXCLUSIVO: a CARTA do LOBBY do CHEF\u00c3O da F1 + adeus da Honda | Paddock GP #217\" width=\"500\" height=\"281\" src=\"https:\/\/www.youtube.com\/embed\/GhM3qktvuv8?feature=oembed\" frameborder=\"0\" allow=\"accelerometer; autoplay; clipboard-write; encrypted-media; gyroscope; picture-in-picture; web-share\" referrerpolicy=\"strict-origin-when-cross-origin\" allowfullscreen><\/iframe>\n<\/div><\/figure>\n\n\n","protected":false},"excerpt":{"rendered":"<p>O Paddock GP #217 falou sobre o ataque de ira de Luca Corberi durante a etapa de Lonato do Mundial de Kart. O piloto anunciou aposentadoria das pistas<\/p>\n","protected":false},"author":0,"featured_media":1000423791,"comment_status":"closed","ping_status":"closed","sticky":false,"template":"","format":"standard","meta":{"42wp_featured_image_caption":"","42wp_featured_image_credits":"","42wp_featured_video":"","42wp_featured_image_hidden":false,"42wp_authors_list":[],"footnotes":""},"categories":[6],"tags":[3262,1537],"42wp_author":[47119],"class_list":["post-126501","post","type-post","status-publish","format-standard","has-post-thumbnail","hentry","category-kart","tag-mundial-de-kart","tag-paddock-gp","42wp_author-gabriel-carvalho"],"_links":{"self":[{"href":"https:\/\/grandepremio.com\/br\/wp-json\/wp\/v2\/posts\/126501","targetHints":{"allow":["GET"]}}],"collection":[{"href":"https:\/\/grandepremio.com\/br\/wp-json\/wp\/v2\/posts"}],"about":[{"href":"https:\/\/grandepremio.com\/br\/wp-json\/wp\/v2\/types\/post"}],"replies":[{"embeddable":true,"href":"https:\/\/grandepremio.com\/br\/wp-json\/wp\/v2\/comments?post=126501"}],"version-history":[{"count":0,"href":"https:\/\/grandepremio.com\/br\/wp-json\/wp\/v2\/posts\/126501\/revisions"}],"wp:featuredmedia":[{"embeddable":true,"href":"https:\/\/grandepremio.com\/br\/wp-json\/wp\/v2\/media\/1000423791"}],"wp:attachment":[{"href":"https:\/\/grandepremio.com\/br\/wp-json\/wp\/v2\/media?parent=126501"}],"wp:term":[{"taxonomy":"category","embeddable":true,"href":"https:\/\/grandepremio.com\/br\/wp-json\/wp\/v2\/categories?post=126501"},{"taxonomy":"post_tag","embeddable":true,"href":"https:\/\/grandepremio.com\/br\/wp-json\/wp\/v2\/tags?post=126501"},{"taxonomy":"42wp_author","embeddable":true,"href":"https:\/\/grandepremio.com\/br\/wp-json\/wp\/v2\/42wp_author?post=126501"}],"curies":[{"name":"wp","href":"https:\/\/api.w.org\/{rel}","templated":true}]}}