{"id":126549,"date":"2020-10-04T11:32:00","date_gmt":"2020-10-04T14:32:00","guid":{"rendered":"https:\/\/grandepremio.com\/br\/noticias\/paludo-vence-corrida-2-da-porsche-cup-em-interlagos-boesel-conquista-corrida-3\/"},"modified":"2020-10-04T11:32:58","modified_gmt":"2020-10-04T14:32:58","slug":"paludo-vence-corrida-2-da-porsche-cup-em-interlagos-boesel-conquista-corrida-3","status":"publish","type":"post","link":"https:\/\/grandepremio.com\/br\/porsche\/paludo-vence-corrida-2-da-porsche-cup-em-interlagos-boesel-conquista-corrida-3\/","title":{"rendered":"Paludo vence corrida 2 da Porsche Cup em Interlagos. Boesel leva melhor na 3\u00aa"},"content":{"rendered":"\n<figure class=\"wp-block-embed-youtube wp-block-embed is-type-video is-provider-youtube wp-embed-aspect-16-9 wp-has-aspect-ratio\"><div class=\"wp-block-embed__wrapper\">\n<iframe loading=\"lazy\" title=\"As grandes HEGEMONIAS da F1: quando come\u00e7am e como acabam | Cadeira Cativa #26\" width=\"500\" height=\"281\" src=\"https:\/\/www.youtube.com\/embed\/L2L1JKfKGzk?feature=oembed\" frameborder=\"0\" allow=\"accelerometer; autoplay; clipboard-write; encrypted-media; gyroscope; picture-in-picture; web-share\" referrerpolicy=\"strict-origin-when-cross-origin\" allowfullscreen><\/iframe>\n<\/div><\/figure>\n\n\n\n<p class=\"wp-block-paragraph\">Miguel Paludo voltou a n\u00e3o dar chances para os rivais na corrida 2 da Porsche Carrera Cup em Interlagos. O l\u00edder do campeonato segurou Enzo Elias e recebeu a bandeira quadriculada apenas 0s706 na frente do advers\u00e1rio. Na corrida 3, ap\u00f3s a invers\u00e3o de grid, Pedro Boesel ficou com a vit\u00f3ria.<\/p>\n\n\n\n<p class=\"wp-block-paragraph\">A primeira corrida da Porsche no s\u00e1bado (3) em Interlagos teve Paludo mantendo a lideran\u00e7a ap\u00f3s a largada enquanto Enzo Elias e Alceu Feldmann disputavam intensamente a terceira posi\u00e7\u00e3o.<\/p>\n\n\n\n<p class=\"wp-block-paragraph\">Enzo Elias at\u00e9 tentou atacar, mas n\u00e3o conseguiu uma manobra para ultrapassar Paludo, que venceu pela 31\u00aa vez na carreira, a 16\u00aa apenas em Interlagos. Elias foi o segundo, com Werner Neugebauer, Pedro Aguiar e Mar\u00e7al Muller fechando o top-5.<\/p>\n\n\n\n<figure class=\"wp-block-image size-large\"><img decoding=\"async\" src=\"https:\/\/www.grandepremio.com\/br\/wp-content\/uploads\/2020\/10\/PORSCHE-CUP-3-ET-2020-Corridas-manha-27--1024x659.jpg\" alt=\"\" class=\"wp-image-423770\"\/><figcaption>Pedro Boesel foi o vencedor da segunda bateria do dia (Foto: Luca Bassani)<\/figcaption><\/figure>\n\n\n\n<p class=\"wp-block-paragraph\">Na corrida 3, com a invers\u00e3o do grid, Pedro Boesel largou na primeira posi\u00e7\u00e3o e se manteve l\u00edder at\u00e9 o fim da prova. Pedro Aguiar foi o segundo, seguido por Miguel Paludo, Lico Kaesemodel e Luca Seripieri no top-5.<\/p>\n\n\n\n<p class=\"wp-block-paragraph\"><strong>Conhe\u00e7a o canal do Grande Pr\u00eamio no YouTube! Clique\u00a0<a rel=\"noreferrer noopener\" href=\"https:\/\/youtube.com\/GrandePremioTV\" target=\"_blank\">aqui<\/a>.<br>Siga o Grande Pr\u00eamio no\u00a0<a rel=\"noreferrer noopener\" href=\"https:\/\/twitter.com\/grandepremio\" target=\"_blank\">Twitter\u00a0<\/a>e no\u00a0<a rel=\"noreferrer noopener\" href=\"https:\/\/instagram.com\/grandepremio\" target=\"_blank\">Instagram<\/a>!<\/strong><br><strong><a href=\"https:\/\/www.grandepremio.com\/br\/f1\/noticias\/chefao-da-f1-faz-lobby-e-pede-a-governador-do-rj-liberacao-de-licencas-para-autodromo\/\">Exclusivo!<\/a> F1 faz lobby com governo do RJ para libera\u00e7\u00e3o de licen\u00e7as<\/strong><\/p>\n\n\n\n<p class=\"wp-block-paragraph\">Com os resultados, Paludo segue l\u00edder do campeonato, agora 136 pontos. Alceu Feldmann tem 88, Werner Neugebauer tem 87 e Lico Kaesemodel tem 85.<\/p>\n\n\n\n<p class=\"wp-block-paragraph\">Na Porsche GT3 Cup, Lucas Salles venceu a primeira prova do dia, seguido por Nelson Marcondes e Nelson Monteiro. Na prova seguinte, vit\u00f3ria de Monteira, com M\u00e1rcio Mauro e Cesar Urnhani fechando o top-3.<\/p>\n\n\n\n<p class=\"wp-block-paragraph\">A pr\u00f3xima etapa da Porsche Cup ser\u00e1 entre os dias 16 e 17 de outubro, em Goi\u00e2nia. A categoria novamente vai realizar uma rodada tripla.<\/p>\n","protected":false},"excerpt":{"rendered":"<p>Miguel Paludo voltou a mostrar sua for\u00e7a no grid da Porsche Cup, venceu a corrida 2 em Interlagos e aumentou a vantagem na lideran\u00e7a do campeonato. Pedro Boesel conquistou a segunda bateria do s\u00e1<\/p>\n","protected":false},"author":0,"featured_media":1000423771,"comment_status":"closed","ping_status":"closed","sticky":false,"template":"","format":"standard","meta":{"42wp_featured_image_caption":"","42wp_featured_image_credits":"","42wp_featured_video":"","42wp_featured_image_hidden":false,"42wp_authors_list":[],"footnotes":""},"categories":[32],"tags":[969,1458,124,1587,2014,663],"42wp_author":[47135],"class_list":["post-126549","post","type-post","status-publish","format-standard","has-post-thumbnail","hentry","category-porsche","tag-corrida","tag-enzo-elias","tag-interlagos","tag-miguel-paludo","tag-porsche-carrera-cup","tag-porsche-cup","42wp_author-pedro-luis-cuenca"],"_links":{"self":[{"href":"https:\/\/grandepremio.com\/br\/wp-json\/wp\/v2\/posts\/126549","targetHints":{"allow":["GET"]}}],"collection":[{"href":"https:\/\/grandepremio.com\/br\/wp-json\/wp\/v2\/posts"}],"about":[{"href":"https:\/\/grandepremio.com\/br\/wp-json\/wp\/v2\/types\/post"}],"replies":[{"embeddable":true,"href":"https:\/\/grandepremio.com\/br\/wp-json\/wp\/v2\/comments?post=126549"}],"version-history":[{"count":0,"href":"https:\/\/grandepremio.com\/br\/wp-json\/wp\/v2\/posts\/126549\/revisions"}],"wp:featuredmedia":[{"embeddable":true,"href":"https:\/\/grandepremio.com\/br\/wp-json\/wp\/v2\/media\/1000423771"}],"wp:attachment":[{"href":"https:\/\/grandepremio.com\/br\/wp-json\/wp\/v2\/media?parent=126549"}],"wp:term":[{"taxonomy":"category","embeddable":true,"href":"https:\/\/grandepremio.com\/br\/wp-json\/wp\/v2\/categories?post=126549"},{"taxonomy":"post_tag","embeddable":true,"href":"https:\/\/grandepremio.com\/br\/wp-json\/wp\/v2\/tags?post=126549"},{"taxonomy":"42wp_author","embeddable":true,"href":"https:\/\/grandepremio.com\/br\/wp-json\/wp\/v2\/42wp_author?post=126549"}],"curies":[{"name":"wp","href":"https:\/\/api.w.org\/{rel}","templated":true}]}}