{"id":12658,"date":"2026-01-29T12:00:49","date_gmt":"2026-01-29T15:00:49","guid":{"rendered":"https:\/\/grandepremio.com\/br\/noticias\/netflix-anuncia-lancamento-novo-documentario-michael-schumacher\/"},"modified":"2026-01-29T12:03:26","modified_gmt":"2026-01-29T15:03:26","slug":"netflix-anuncia-lancamento-novo-documentario-michael-schumacher","status":"publish","type":"post","link":"https:\/\/grandepremio.com\/br\/f1\/netflix-anuncia-lancamento-novo-documentario-michael-schumacher\/","title":{"rendered":"Netflix anuncia lan\u00e7amento de novo document\u00e1rio sobre Schumacher"},"content":{"rendered":"\n<p class=\"wp-block-paragraph\">Nesta quarta-feira (28), durante um evento realizado em <strong>Berlim<\/strong>, na <strong>Alemanha<\/strong>, a <strong>Netflix <\/strong>anunciou o lan\u00e7amento de um novo document\u00e1rio sobre o heptacampe\u00e3o mundial <strong>Michael Schumacher<\/strong>. Intitulado &#8216;<em>Schumacher &#8217;94<\/em>&#8216;, a produ\u00e7\u00e3o audiovisual vai abordar o primeiro t\u00edtulo do ex-piloto alem\u00e3o na <strong>F\u00f3rmula 1<\/strong> e tem lan\u00e7amento previsto ainda para 2026. <\/p>\n\n\n\n<p class=\"wp-block-paragraph\">Antes de conquistar os cinco t\u00edtulos seguidos pela <strong>Ferrari <\/strong>entre 2000 e 2004, Schumacher come\u00e7ou a colocar o nome na hist\u00f3ria do automobilismo ao vencer os primeiros dois t\u00edtulos da carreira pela <strong>Benetton<\/strong>, em 1994 e 1995. A primeira dessas ta\u00e7as veio em um ano sombrio da <strong>F1<\/strong>, marcado pelas mortes de <strong>Roland Ratzenberger<\/strong> e <strong>Ayrton Senna<\/strong> no <strong>GP de San Marino<\/strong>, em <strong>\u00cdmola<\/strong>. <\/p>\n\n\n\n<p class=\"wp-block-paragraph\">Somado a isso, Schumacher venceu a ta\u00e7a de forma pol\u00eamica ap\u00f3s colidir com<strong> Damon Hill<\/strong>, o principal rival na briga pelo t\u00edtulo, na \u00faltima etapa, em <strong>Adelaide<\/strong>, para assegurar a ta\u00e7a. A Benetton tamb\u00e9m foi alvo de muitas controv\u00e9rsias desde o final de 1993 devido a questionamentos sobre a legalidade do carro e o poss\u00edvel uso indevido de um controle de tra\u00e7\u00e3o.  <\/p>\n\n\n\n<p class=\"wp-block-paragraph\">Esse \u00e9 o pano de fundo do document\u00e1rio, que est\u00e1 sendo dirigido por <strong>Christin Freitag<\/strong> e produzido pela <em>LEONINE Documentaries<\/em>. Al\u00e9m disso, o longa-metragem tamb\u00e9m vai contar com participa\u00e7\u00f5es e relatos especiais, como da esposa de Michael, <strong>Corinna Schumacher<\/strong>. <\/p>\n\n\n\n<figure class=\"wp-block-image size-full\"><img decoding=\"async\" src=\"https:\/\/www.grandepremio.com\/br\/wp-content\/uploads\/2024\/04\/imagem_2024-04-30_131251345.png\" alt=\"\" class=\"wp-image-807588\"\/><figcaption class=\"wp-element-caption\">Michael Schumacher a bordo da Benetton (Foto: Piero Lissia)<\/figcaption><\/figure>\n\n\n\n<p class=\"wp-block-paragraph\">\u201c1994 marca um ponto de virada na hist\u00f3ria da F\u00f3rmula 1: o ent\u00e3o jovem de 25 anos Michael Schumacher vence o primeiro GP da temporada, no <strong>Brasil<\/strong>, dando in\u00edcio a uma carreira sem precedentes&#8221;, descreve a sinopse do document\u00e1rio. <\/p>\n\n\n\n<p class=\"wp-block-paragraph\">\u201cO ano de 1994, que est\u00e1 entre as temporadas mais dram\u00e1ticas e emocionantes da hist\u00f3ria da F\u00f3rmula 1, foi marcado por acontecimentos impactantes, como o acidente fatal de Ayrton Senna, al\u00e9m de acusa\u00e7\u00f5es de manipula\u00e7\u00e3o e manobras consideradas antidesportivas. Ao mesmo tempo, surgiu uma verdadeira \u2018Schumi Mania\u2019. A esposa de Michael Schumacher, Corinna Schumacher, e outras pessoas pr\u00f3ximas a ele relembram aquele per\u00edodo&#8221;, segue a descri\u00e7\u00e3o. <\/p>\n\n\n\n<p class=\"wp-block-paragraph\">\u201cEles recordam um lutador implac\u00e1vel nas pistas e um homem sens\u00edvel e emp\u00e1tico fora delas. Corinna Schumacher, que sempre foi um apoio emocional, tamb\u00e9m oferece um olhar sobre o in\u00edcio de uma extraordin\u00e1ria hist\u00f3ria de amor \u2014 que segue forte at\u00e9 os dias de hoje\u201d, finaliza a sinopse. <\/p>\n\n\n\n<p class=\"wp-block-paragraph\">Em 2021, a Netflix lan\u00e7ou um document\u00e1rio sobre a vida do ex-piloto alem\u00e3o, simplesmente intitulado &#8216;<em>Schumacher<\/em>&#8216;. Desde que sofreu um acidente de esqui nos Alpes Franceses no final de 2013, o ex-Ferrari n\u00e3o foi mais visto em p\u00fablico, e <a href=\"https:\/\/www.grandepremio.com\/br\/f1\/noticias\/michael-schumacher-evolui-recuperacao-consegue-locomover-casa-diz-jornal-britanico\/\">not\u00edcias sobre o estado de sa\u00fade dele<\/a> s\u00e3o raras e desencontradas. <\/p>\n\n\n\n<p class=\"wp-block-paragraph\">\u25b6\ufe0f&nbsp;<strong>Inscreva-se nos dois canais do GRANDE PR\u00caMIO no YouTube:&nbsp;<a href=\"https:\/\/www.youtube.com\/channel\/UC9OlHEgxoaY6QY6nWPoiqQg?sub_confirmation=1\" target=\"_blank\" rel=\"noreferrer noopener\">GP<\/a>&nbsp;|&nbsp;<a href=\"https:\/\/www.youtube.com\/channel\/UC9csiS6q_C3C0FYhyr1rnFA?sub_confirmation=1\" target=\"_blank\" rel=\"noreferrer noopener\">GP2<\/a><\/strong><\/p>\n\n\n\n<h2 class=\"wp-block-heading\" id=\"h-f1-hoje-saiba-aqui-as-noticias-mais-importantes-do-dia-da-formula-1\"><strong>F1 hoje: saiba aqui as not\u00edcias mais importantes do dia da F\u00f3rmula 1<\/strong><\/h2>\n\n\n\n<p class=\"wp-block-paragraph\">\u25b6\ufe0f\u00a0<strong><a href=\"https:\/\/www.grandepremio.com\/br\/f1\/noticias\/ceo-formula-1-participa-revezamento-tocha-jogos-olimpicos-de-inverno-2026\/\">CEO da F1 participa do revezamento da tocha dos Jogos Ol\u00edmpicos de Inverno de 2026<\/a><br>\u25b6\ufe0f<\/strong>\u00a0<strong><a href=\"https:\/\/www.grandepremio.com\/br\/f1\/noticias\/mercedes-exalta-carro-impecavel-lamenta-tempo-perdido-quebras-outros\/\">Mercedes exalta \u201ccarro impec\u00e1vel\u201d e lamenta \u201ctempo perdido com quebras dos outros\u201d<\/a><\/strong><\/p>\n\n\n\n<figure class=\"wp-block-embed is-type-video is-provider-youtube wp-block-embed-youtube wp-embed-aspect-16-9 wp-has-aspect-ratio\"><div class=\"wp-block-embed__wrapper\">\n<iframe loading=\"lazy\" title=\"AUDI COM PROBLEMAS, MERCEDES MOSTRA FOR\u00c7A: DIA 3 DOS TESTES DA F1 | Briefing\" width=\"500\" height=\"281\" src=\"https:\/\/www.youtube.com\/embed\/I4IfVAbpWkE?feature=oembed\" frameborder=\"0\" allow=\"accelerometer; autoplay; clipboard-write; encrypted-media; gyroscope; picture-in-picture; web-share\" referrerpolicy=\"strict-origin-when-cross-origin\" allowfullscreen><\/iframe>\n<\/div><\/figure>\n","protected":false},"excerpt":{"rendered":"<p>A Netflix revelou a produ\u00e7\u00e3o de um novo document\u00e1rio sobre o primeiro t\u00edtulo mundial de Michael Schumacher, conquistado na temporada 1994 da F\u00f3rmula 1<\/p>\n","protected":false},"author":0,"featured_media":1000807590,"comment_status":"closed","ping_status":"closed","sticky":false,"template":"","format":"standard","meta":{"42wp_featured_image_caption":"","42wp_featured_image_credits":"","42wp_featured_video":"","42wp_featured_image_hidden":false,"42wp_authors_list":[],"footnotes":""},"categories":[2],"tags":[699,4916,26271,5273,147,2411,29516,29148,207,167,180,31425,28995,1491,28285,30840,758,674,35129,31470],"42wp_author":[47162],"class_list":["post-12658","post","type-post","status-publish","format-standard","has-post-thumbnail","hentry","category-f1","tag-ayrton-senna","tag-benetton","tag-calendario-f1","tag-classificacao-f1","tag-f1","tag-f1-1994","tag-f1-2026","tag-f1-hoje","tag-ferrari","tag-filme","tag-formula-1","tag-formula-1-2026","tag-formula-1-hoje","tag-grande-premio","tag-grandepremio","tag-horarios-f1","tag-michael-schumacher","tag-netflix","tag-onde-assistir-f1","tag-temporada-2026-f1","42wp_author-giovani-danjo"],"_links":{"self":[{"href":"https:\/\/grandepremio.com\/br\/wp-json\/wp\/v2\/posts\/12658","targetHints":{"allow":["GET"]}}],"collection":[{"href":"https:\/\/grandepremio.com\/br\/wp-json\/wp\/v2\/posts"}],"about":[{"href":"https:\/\/grandepremio.com\/br\/wp-json\/wp\/v2\/types\/post"}],"replies":[{"embeddable":true,"href":"https:\/\/grandepremio.com\/br\/wp-json\/wp\/v2\/comments?post=12658"}],"version-history":[{"count":0,"href":"https:\/\/grandepremio.com\/br\/wp-json\/wp\/v2\/posts\/12658\/revisions"}],"wp:featuredmedia":[{"embeddable":true,"href":"https:\/\/grandepremio.com\/br\/wp-json\/wp\/v2\/media\/1000807590"}],"wp:attachment":[{"href":"https:\/\/grandepremio.com\/br\/wp-json\/wp\/v2\/media?parent=12658"}],"wp:term":[{"taxonomy":"category","embeddable":true,"href":"https:\/\/grandepremio.com\/br\/wp-json\/wp\/v2\/categories?post=12658"},{"taxonomy":"post_tag","embeddable":true,"href":"https:\/\/grandepremio.com\/br\/wp-json\/wp\/v2\/tags?post=12658"},{"taxonomy":"42wp_author","embeddable":true,"href":"https:\/\/grandepremio.com\/br\/wp-json\/wp\/v2\/42wp_author?post=12658"}],"curies":[{"name":"wp","href":"https:\/\/api.w.org\/{rel}","templated":true}]}}