{"id":126589,"date":"2020-10-02T13:41:55","date_gmt":"2020-10-02T16:41:55","guid":{"rendered":"https:\/\/grandepremio.com\/br\/noticias\/dono-da-formula-1-liberty-media-compra-participacao-minoritaria-na-meyer-shank\/"},"modified":"2020-10-02T13:42:05","modified_gmt":"2020-10-02T16:42:05","slug":"dono-da-formula-1-liberty-media-compra-participacao-minoritaria-na-meyer-shank","status":"publish","type":"post","link":"https:\/\/grandepremio.com\/br\/indy\/dono-da-formula-1-liberty-media-compra-participacao-minoritaria-na-meyer-shank\/","title":{"rendered":"Dono da F\u00f3rmula 1, Liberty Media compra participa\u00e7\u00e3o minorit\u00e1ria na Meyer Shank"},"content":{"rendered":"\n<figure class=\"wp-block-embed-youtube wp-block-embed is-type-video is-provider-youtube wp-embed-aspect-16-9 wp-has-aspect-ratio\"><div class=\"wp-block-embed__wrapper\">\n<iframe loading=\"lazy\" title=\"As grandes HEGEMONIAS da F1: quando come\u00e7am e como acabam | Cadeira Cativa #26\" width=\"500\" height=\"281\" src=\"https:\/\/www.youtube.com\/embed\/L2L1JKfKGzk?feature=oembed\" frameborder=\"0\" allow=\"accelerometer; autoplay; clipboard-write; encrypted-media; gyroscope; picture-in-picture; web-share\" referrerpolicy=\"strict-origin-when-cross-origin\" allowfullscreen><\/iframe>\n<\/div><\/figure>\n\n\n\n<p class=\"wp-block-paragraph\">A sexta-feira (2) mostrou-se cheia de novidades no esporte a motor. A Meyer Shank Racing, que corre na Indy com o piloto Jack Harvey e compete tamb\u00e9m no SportsCar, anunciou um investimento de capital do Liberty Media, grupo que controla a F\u00f3rmula 1 atualmente.<\/p>\n\n\n\n<p class=\"wp-block-paragraph\">O comunicado divulgado pela Meyer Shank n\u00e3o entra em detalhes sobre o tipo de investimento feito pelo Liberty Media, que agora vai ter participa\u00e7\u00e3o minorit\u00e1ria na organiza\u00e7\u00e3o, nem se h\u00e1 algum tipo de rela\u00e7\u00e3o com o trabalho da companhia na F\u00f3rmula 1.<\/p>\n\n\n\n<p class=\"wp-block-paragraph\">&#8220;N\u00f3s trabalhamos para construir programas no SportsCar e na Indy passo a passo e esta \u00e9 mais uma enorme evolu\u00e7\u00e3o para nossa organiza\u00e7\u00e3o ter um investimento de capital do Liberty Media&#8221;, afirmou Mike Shank, co-propriet\u00e1rio da equipe.<\/p>\n\n\n\n<figure class=\"wp-block-image size-large\"><img decoding=\"async\" src=\"https:\/\/www.grandepremio.com\/br\/wp-content\/uploads\/2020\/07\/3-1-1024x682.jpg\" alt=\"\" class=\"wp-image-395423\"\/><figcaption>Jack Harvey \u00e9 piloto da Meyer Shank desde 2017 (Foto: Indycar)<\/figcaption><\/figure>\n\n\n\n<p class=\"wp-block-paragraph\"><strong>Conhe\u00e7a o canal do Grande Pr\u00eamio no\u00a0<a href=\"https:\/\/www.youtube.com\/GrandePremioTV\">YouTube<\/a>.<br>Siga o Grande Pr\u00eamio no\u00a0<a rel=\"noreferrer noopener\" href=\"https:\/\/twitter.com\/grandepremio\" target=\"_blank\">Twitter\u00a0<\/a>e no\u00a0<a rel=\"noreferrer noopener\" href=\"https:\/\/instagram.com\/grandepremio\" target=\"_blank\">Instagram<\/a>.<\/strong><\/p>\n\n\n\n<p class=\"wp-block-paragraph\">&#8220;Tudo que fazemos \u00e9 construir parcerias que desenvolvemos e este projeto n\u00e3o \u00e9 diferente. O investimento do Liberty Media vai nos permitir continuar trabalhando em nossos programas&#8221;, acrescentou.<\/p>\n\n\n\n<p class=\"wp-block-paragraph\">A Meyer Shank chegou \u00e0 Indy em 2017, correndo algumas provas, sempre com o piloto Jack Harvey. Em 2020, no entanto, o time anunciou que faria a temporada completa da categoria, novamente com o brit\u00e2nico no comando do carro. Atualmente, <a href=\"https:\/\/www.grandepremio.com\/br\/indy\/classificacao\/\">Harvey tem 207 pontos e ocupa o 12\u00ba lugar no campeonato<\/a>.<\/p>\n\n\n\n<p class=\"wp-block-paragraph\">A equipe tamb\u00e9m atua no IMSA SportsCar e vai retornar \u00e0 disputa em 2021, ao lado da Acura, come\u00e7ando a parceira em janeiro, nas 24 Horas de Daytona.<\/p>\n","protected":false},"excerpt":{"rendered":"<p>A Meyer Shank Racing, equipe da Indy e do SportsCar, divulgou nesta sexta-feira que o Liberty Media, dono da F\u00f3rmula 1, fez um investimento de capital no time para ter participa\u00e7\u00e3o minorit\u00e1ria nos neg\u00f3cios<\/p>\n","protected":false},"author":0,"featured_media":1000392544,"comment_status":"closed","ping_status":"closed","sticky":false,"template":"","format":"standard","meta":{"42wp_featured_image_caption":"","42wp_featured_image_credits":"","42wp_featured_video":"","42wp_featured_image_hidden":false,"42wp_authors_list":[],"footnotes":""},"categories":[3],"tags":[147,118,24837,24860,705,93,96,2514,714,1782,748],"42wp_author":[47135],"class_list":["post-126589","post","type-post","status-publish","format-standard","has-post-thumbnail","hentry","category-indy","tag-f1","tag-f1-2020","tag-formula-1-2","tag-formula-1-2020-2","tag-imsa","tag-indy","tag-indy-2020","tag-jack-harvey","tag-liberty-media","tag-meyer-shank","tag-sportscar","42wp_author-pedro-luis-cuenca"],"_links":{"self":[{"href":"https:\/\/grandepremio.com\/br\/wp-json\/wp\/v2\/posts\/126589","targetHints":{"allow":["GET"]}}],"collection":[{"href":"https:\/\/grandepremio.com\/br\/wp-json\/wp\/v2\/posts"}],"about":[{"href":"https:\/\/grandepremio.com\/br\/wp-json\/wp\/v2\/types\/post"}],"replies":[{"embeddable":true,"href":"https:\/\/grandepremio.com\/br\/wp-json\/wp\/v2\/comments?post=126589"}],"version-history":[{"count":0,"href":"https:\/\/grandepremio.com\/br\/wp-json\/wp\/v2\/posts\/126589\/revisions"}],"wp:featuredmedia":[{"embeddable":true,"href":"https:\/\/grandepremio.com\/br\/wp-json\/wp\/v2\/media\/1000392544"}],"wp:attachment":[{"href":"https:\/\/grandepremio.com\/br\/wp-json\/wp\/v2\/media?parent=126589"}],"wp:term":[{"taxonomy":"category","embeddable":true,"href":"https:\/\/grandepremio.com\/br\/wp-json\/wp\/v2\/categories?post=126589"},{"taxonomy":"post_tag","embeddable":true,"href":"https:\/\/grandepremio.com\/br\/wp-json\/wp\/v2\/tags?post=126589"},{"taxonomy":"42wp_author","embeddable":true,"href":"https:\/\/grandepremio.com\/br\/wp-json\/wp\/v2\/42wp_author?post=126589"}],"curies":[{"name":"wp","href":"https:\/\/api.w.org\/{rel}","templated":true}]}}