{"id":126590,"date":"2020-10-02T12:22:44","date_gmt":"2020-10-02T15:22:44","guid":{"rendered":"https:\/\/grandepremio.com\/br\/noticias\/mesmo-com-saida-confirmada-honda-promete-novo-motor-para-red-bull-em-2021\/"},"modified":"2020-10-02T12:22:48","modified_gmt":"2020-10-02T15:22:48","slug":"mesmo-com-saida-confirmada-honda-promete-novo-motor-para-red-bull-em-2021","status":"publish","type":"post","link":"https:\/\/grandepremio.com\/br\/f1\/mesmo-com-saida-confirmada-honda-promete-novo-motor-para-red-bull-em-2021\/","title":{"rendered":"Mesmo com sa\u00edda confirmada, Honda promete novo motor para Red Bull em 2021"},"content":{"rendered":"\n<p class=\"wp-block-paragraph\">A Honda <a href=\"https:\/\/www.grandepremio.com\/br\/f1\/noticias\/de-surpresa-honda-anuncia-que-deixa-formula-1-apos-temporada-2021\/\">oficializou a decis\u00e3o<\/a> de deixar a F\u00f3rmula 1 ao fim da temporada 2021, mas n\u00e3o vai entregar os pontos antes disso. Por isso, mesmo com sa\u00edda confirmada, a f\u00e1brica japonesa garantiu que entregar\u00e1 um motor repaginado para a Red Bull lutar pelo t\u00edtulo mundial no ano que vem.<\/p>\n\n\n\n<p class=\"wp-block-paragraph\">O presidente e diretor-executivo da Honda, Takahiro Hachigo, afirmou que o objetivo para o \u00faltimo ano da presen\u00e7a no Mundial segue sendo o mesmo: conquistar o t\u00edtulo da F1.<\/p>\n\n\n\n<p class=\"wp-block-paragraph\">&#8220;Ainda temos sete corridas pela frente em 2020 e uma temporada inteira ano que vem. Para o pr\u00f3ximo ano, apresentaremos nossa nova unidade de for\u00e7a, ent\u00e3o, juntos com a Red Bull, vamos mirar no t\u00edtulo mundial&#8221;, afirmou.<\/p>\n\n\n\n<p class=\"wp-block-paragraph\">Ap\u00f3s voltar \u00e0 F1 em 2015 como fornecedora de motores da McLaren, a f\u00e1brica viu a parceria naufragar de maneira retumbante em tr\u00eas anos. A recupera\u00e7\u00e3o veio a partir de 2018: primeiro com a ent\u00e3o Toro Rosso, depois, em 2019, com a Red Bull.<\/p>\n\n\n\n<p class=\"wp-block-paragraph\">&#8220;Os primeiros tr\u00eas anos foram de muita dificuldade, mas passamos por isso e j\u00e1 conseguimos cinco vit\u00f3rias. Ent\u00e3o, de alguma forma, creio que deixamos uma trilha interessante de vit\u00f3rias&#8221;, argumentou.<\/p>\n\n\n\n<p class=\"wp-block-paragraph\">&#8220;Ano que vem, seguiremos fazendo nosso melhor. Espero que os f\u00e3s continuem conosco e nos deem suporte&#8221;, falou.<\/p>\n\n\n\n<p class=\"wp-block-paragraph\">De acordo com Hachigo, a Red Bull soube da possibilidade da Honda deixar a fotografia em agosto.<\/p>\n\n\n\n<p class=\"wp-block-paragraph\">&#8220;Temos pensado em muitas coisas. Em agosto, comunicamos nossas considera\u00e7\u00f5es \u00e0 Red Bull e, em setembro, afirmamos que est\u00e1vamos determinados a concluir nossa participa\u00e7\u00e3o&#8221;, finalizou.<\/p>\n\n\n\n<p class=\"wp-block-paragraph\">A F1 volta na semana que vem, com o GP do Eifel, em N\u00fcrburgring.<\/p>\n\n\n\n<p class=\"wp-block-paragraph\"><strong>Conhe\u00e7a o canal do Grande Pr\u00eamio no YouTube! Clique\u00a0<a rel=\"noreferrer noopener\" href=\"https:\/\/youtube.com\/GrandePremioTV\" target=\"_blank\">aqui<\/a>.<br>Siga o Grande Pr\u00eamio no\u00a0<a rel=\"noreferrer noopener\" href=\"https:\/\/twitter.com\/grandepremio\" target=\"_blank\">Twitter\u00a0<\/a>e no\u00a0<a rel=\"noreferrer noopener\" href=\"https:\/\/instagram.com\/grandepremio\" target=\"_blank\">Instagram<\/a>!<\/strong><\/p>\n","protected":false},"excerpt":{"rendered":"<p>Em busca de batalhar com Mercedes, equipe dos energ\u00e9ticos ter\u00e1 novidade no motor apesar da parceira estar com sa\u00edda confirmada<\/p>\n","protected":false},"author":0,"featured_media":1000422683,"comment_status":"closed","ping_status":"closed","sticky":false,"template":"","format":"standard","meta":{"42wp_featured_image_caption":"","42wp_featured_image_credits":"","42wp_featured_video":"","42wp_featured_image_hidden":false,"42wp_authors_list":[],"footnotes":""},"categories":[2],"tags":[118,157,130,159,158,1124,204],"42wp_author":[47120],"class_list":["post-126590","post","type-post","status-publish","format-standard","has-post-thumbnail","hentry","category-f1","tag-f1-2020","tag-formula-1-2020","tag-honda","tag-horarios-da-f1","tag-horarios-da-formula-1","tag-novo-motor","tag-red-bull","42wp_author-pedro-henrique-marum"],"_links":{"self":[{"href":"https:\/\/grandepremio.com\/br\/wp-json\/wp\/v2\/posts\/126590","targetHints":{"allow":["GET"]}}],"collection":[{"href":"https:\/\/grandepremio.com\/br\/wp-json\/wp\/v2\/posts"}],"about":[{"href":"https:\/\/grandepremio.com\/br\/wp-json\/wp\/v2\/types\/post"}],"replies":[{"embeddable":true,"href":"https:\/\/grandepremio.com\/br\/wp-json\/wp\/v2\/comments?post=126590"}],"version-history":[{"count":0,"href":"https:\/\/grandepremio.com\/br\/wp-json\/wp\/v2\/posts\/126590\/revisions"}],"wp:featuredmedia":[{"embeddable":true,"href":"https:\/\/grandepremio.com\/br\/wp-json\/wp\/v2\/media\/1000422683"}],"wp:attachment":[{"href":"https:\/\/grandepremio.com\/br\/wp-json\/wp\/v2\/media?parent=126590"}],"wp:term":[{"taxonomy":"category","embeddable":true,"href":"https:\/\/grandepremio.com\/br\/wp-json\/wp\/v2\/categories?post=126590"},{"taxonomy":"post_tag","embeddable":true,"href":"https:\/\/grandepremio.com\/br\/wp-json\/wp\/v2\/tags?post=126590"},{"taxonomy":"42wp_author","embeddable":true,"href":"https:\/\/grandepremio.com\/br\/wp-json\/wp\/v2\/42wp_author?post=126590"}],"curies":[{"name":"wp","href":"https:\/\/api.w.org\/{rel}","templated":true}]}}