{"id":126632,"date":"2020-09-30T16:02:19","date_gmt":"2020-09-30T19:02:19","guid":{"rendered":"https:\/\/grandepremio.com\/br\/noticias\/march-ameacada-e-chance-na-minardi-como-foi-chegada-de-christian-fittipaldi-na-f1\/"},"modified":"2020-09-30T16:02:26","modified_gmt":"2020-09-30T19:02:26","slug":"march-ameacada-e-chance-na-minardi-como-foi-chegada-de-christian-fittipaldi-na-f1","status":"publish","type":"post","link":"https:\/\/grandepremio.com\/br\/f1\/march-ameacada-e-chance-na-minardi-como-foi-chegada-de-christian-fittipaldi-na-f1\/","title":{"rendered":"March amea\u00e7ada e chance na Minardi: como foi chegada de Christian Fittipaldi na F1"},"content":{"rendered":"\n<p class=\"wp-block-paragraph\">No Cadeira Cativa #25, Christian Fittipaldi relembrou sua chegada na F\u00f3rmula 1, em 1992. Com apenas 21 anos e campe\u00e3o da F\u00f3rmula 3000, o brasileiro era considerado promissor e teve negocia\u00e7\u00f5es com diversas equipes do grid, mas acabou escolhendo a modesta Minardi, que defendeu at\u00e9 o fim de 1993.<\/p>\n\n\n\n<p class=\"wp-block-paragraph\">O Cadeira Cativa \u00e9 o programa do&nbsp;<strong>GRANDE PR\u00caMIO<\/strong>&nbsp;<a href=\"https:\/\/www.youtube.com\/playlist?list=PLULYLQYUzB5quTd-TVZPMhYwfGBYPTVy7\">que recebe jornalistas e personalidades marcantes da cobertura de esporte a motor do Brasil<\/a>.<\/p>\n\n\n\n<p class=\"wp-block-paragraph\"><strong>Conhe\u00e7a o canal do Grande Pr\u00eamio no YouTube! Clique&nbsp;<a href=\"https:\/\/youtube.com\/GrandePremioTV\" target=\"_blank\" rel=\"noreferrer noopener\">aqui<\/a>.<br>Siga o Grande Pr\u00eamio no&nbsp;<a href=\"https:\/\/twitter.com\/grandepremio\" target=\"_blank\" rel=\"noreferrer noopener\">Twitter&nbsp;<\/a>e no&nbsp;<a href=\"https:\/\/instagram.com\/grandepremio\" target=\"_blank\" rel=\"noreferrer noopener\">Instagram<\/a>!<\/strong><\/p>\n\n\n\n<p class=\"wp-block-paragraph\"><strong>Assista ao trecho completo abaixo:<\/strong><\/p>\n\n\n\n<figure class=\"wp-block-embed-youtube wp-block-embed is-type-video is-provider-youtube wp-embed-aspect-16-9 wp-has-aspect-ratio\"><div class=\"wp-block-embed__wrapper\">\n<iframe loading=\"lazy\" title=\"CHRISTIAN FITTIPALDI e o confronto de gera\u00e7\u00f5es da F1 | Cadeira Cativa #25\" width=\"500\" height=\"281\" src=\"https:\/\/www.youtube.com\/embed\/eFbj-Exgsrc?start=3100&amp;feature=oembed\" frameborder=\"0\" allow=\"accelerometer; autoplay; clipboard-write; encrypted-media; gyroscope; picture-in-picture; web-share\" referrerpolicy=\"strict-origin-when-cross-origin\" allowfullscreen><\/iframe>\n<\/div><\/figure>\n\n\n","protected":false},"excerpt":{"rendered":"<p>A chegada de Christian Fittipaldi na F\u00f3rmula 1 foi pela modesta Minardi. Ainda jovem, o brasileiro ficou duas temporadas na equipe e contou detalhes no Cadeira Cativa #25<\/p>\n","protected":false},"author":0,"featured_media":1000389256,"comment_status":"closed","ping_status":"closed","sticky":false,"template":"","format":"standard","meta":{"42wp_featured_image_caption":"","42wp_featured_image_credits":"","42wp_featured_video":"","42wp_featured_image_hidden":false,"42wp_authors_list":[],"footnotes":""},"categories":[2],"tags":[24900,1303,147,122,24837,24836,3070,3267,428,317],"42wp_author":[47135],"class_list":["post-126632","post","type-post","status-publish","format-standard","has-post-thumbnail","hentry","category-f1","tag-cadeira-cativa","tag-christian-fittipaldi","tag-f1","tag-flavio-gomes","tag-formula-1-2","tag-grande-premio-2","tag-march","tag-minardi","tag-rodrigo-mattar","tag-youtube","42wp_author-pedro-luis-cuenca"],"_links":{"self":[{"href":"https:\/\/grandepremio.com\/br\/wp-json\/wp\/v2\/posts\/126632","targetHints":{"allow":["GET"]}}],"collection":[{"href":"https:\/\/grandepremio.com\/br\/wp-json\/wp\/v2\/posts"}],"about":[{"href":"https:\/\/grandepremio.com\/br\/wp-json\/wp\/v2\/types\/post"}],"replies":[{"embeddable":true,"href":"https:\/\/grandepremio.com\/br\/wp-json\/wp\/v2\/comments?post=126632"}],"version-history":[{"count":0,"href":"https:\/\/grandepremio.com\/br\/wp-json\/wp\/v2\/posts\/126632\/revisions"}],"wp:featuredmedia":[{"embeddable":true,"href":"https:\/\/grandepremio.com\/br\/wp-json\/wp\/v2\/media\/1000389256"}],"wp:attachment":[{"href":"https:\/\/grandepremio.com\/br\/wp-json\/wp\/v2\/media?parent=126632"}],"wp:term":[{"taxonomy":"category","embeddable":true,"href":"https:\/\/grandepremio.com\/br\/wp-json\/wp\/v2\/categories?post=126632"},{"taxonomy":"post_tag","embeddable":true,"href":"https:\/\/grandepremio.com\/br\/wp-json\/wp\/v2\/tags?post=126632"},{"taxonomy":"42wp_author","embeddable":true,"href":"https:\/\/grandepremio.com\/br\/wp-json\/wp\/v2\/42wp_author?post=126632"}],"curies":[{"name":"wp","href":"https:\/\/api.w.org\/{rel}","templated":true}]}}