{"id":12665,"date":"2026-01-29T09:36:11","date_gmt":"2026-01-29T12:36:11","guid":{"rendered":"https:\/\/grandepremio.com\/br\/noticias\/ceo-formula-1-participa-revezamento-tocha-jogos-olimpicos-de-inverno-2026\/"},"modified":"2026-01-29T09:58:30","modified_gmt":"2026-01-29T12:58:30","slug":"ceo-formula-1-participa-revezamento-tocha-jogos-olimpicos-de-inverno-2026","status":"publish","type":"post","link":"https:\/\/grandepremio.com\/br\/f1\/ceo-formula-1-participa-revezamento-tocha-jogos-olimpicos-de-inverno-2026\/","title":{"rendered":"CEO da F1 participa do revezamento da tocha dos Jogos Ol\u00edmpicos de Inverno de 2026"},"content":{"rendered":"\n<p class=\"wp-block-paragraph\">O CEO da <strong>F\u00f3rmula 1<\/strong>, <strong>Stefano Domenicali<\/strong>, participou nesta quarta-feira (28) do revezamento da tocha ol\u00edmpica dos <strong>Jogos Ol\u00edmpicos de Inverno<\/strong> de Mil\u00e3o-Cortina 2026. O dirigente realizou um percurso no norte da It\u00e1lia, pa\u00eds-sede do evento. As Olimp\u00edadas ser\u00e3o realizadas entre os dias 6 e 22 de fevereiro.<\/p>\n\n\n\n<p class=\"wp-block-paragraph\">Domenicali integrou o grupo de condutores da chama ao lado de nomes hist\u00f3ricos do esporte italiano, como o campe\u00e3o ol\u00edmpico do esqui cross-country <strong>Franco Nones<\/strong>, o medalhista de ouro no curling <strong>Amos Mosaner<\/strong> e as ex-atletas <strong>Daniela Ceccarelli<\/strong>, <strong>Isolde Kostner<\/strong> e <strong>Karen Putzer<\/strong>.<\/p>\n\n\n\n<p class=\"wp-block-paragraph\">Durante a manh\u00e3, a tocha percorreu localidades da regi\u00e3o do Vale de Fassa, passando por Canazei, Campitello di Fassa e pelo Lago Carezza, com encerramento em Soraga e Moena. \u00c0 tarde, o trajeto seguiu at\u00e9 o est\u00e1dio de salto de esqui de Predazzo, passou por Masi di Cavalese e terminou o dia em Cavalese.<\/p>\n\n\n\n<p class=\"wp-block-paragraph\">A participa\u00e7\u00e3o de Domenicali ocorre dias ap\u00f3s o piloto da <strong>Mercedes<\/strong>, <strong>Andrea Kimi Antonelli<\/strong>, tamb\u00e9m ter integrado o revezamento da chama ol\u00edmpica, antes de seguir para os testes privados de pr\u00e9-temporada da F1, em <strong>Barcelona<\/strong>.<\/p>\n\n\n\n<figure class=\"wp-block-image size-large\"><img decoding=\"async\" src=\"https:\/\/www.grandepremio.com\/br\/wp-content\/uploads\/2026\/01\/snapinsta.com_.br_.instagram.photo_.20260129.121338-1-960x1200.jpg\" alt=\"\" class=\"wp-image-1053545\"\/><figcaption class=\"wp-element-caption\">Stefano Domenicali foi segundo nome da F1 a carregar a tocha ol\u00edmpica, ap\u00f3s Antonelli (Foto: Reprodu\u00e7\u00e3o\/Instagram)<\/figcaption><\/figure>\n\n\n\n<p class=\"wp-block-paragraph\">Em entrevista \u00e0 <em>Sky Sports<\/em>, o dirigente italiano aproveitou o momento de exposi\u00e7\u00e3o para fazer um balan\u00e7o da temporada 2025 e projetar o futuro da categoria. Domenicali classificou o \u00faltimo campeonato como \u201cfenomenal\u201d e destacou o aumento do interesse comercial em torno da F1 \u00e0s v\u00e9speras da introdu\u00e7\u00e3o do novo regulamento t\u00e9cnico em 2026.<\/p>\n\n\n\n<p class=\"wp-block-paragraph\">\u201cQueremos garantir que essa energia continue agora, para seguir fazendo o esporte crescer em todos os n\u00edveis. Todos s\u00e3o importantes nesse processo. Espero que todos sintam isso em 2026\u201d, disse Domenicali.<\/p>\n\n\n\n<p class=\"wp-block-paragraph\">Os testes de Barcelona s\u00e3o privados, e as equipes podem escolher at\u00e9 tr\u00eas dos cinco dias dispon\u00edveis para andarem na pista. S\u00e3o oito horas de atividades por dia, com in\u00edcio \u00e0s 5h (de Bras\u00edlia, GMT-3). Das 11 inscritas, apenas a Williams confirmou aus\u00eancia das sess\u00f5es por atraso no projeto do FW48.<\/p>\n\n\n\n<p class=\"wp-block-paragraph\">\u25b6\ufe0f&nbsp;<strong>Inscreva-se nos dois canais do GRANDE PR\u00caMIO no YouTube:&nbsp;<a href=\"https:\/\/www.youtube.com\/channel\/UC9OlHEgxoaY6QY6nWPoiqQg?sub_confirmation=1\" target=\"_blank\" rel=\"noreferrer noopener\">GP<\/a>&nbsp;|&nbsp;<a href=\"https:\/\/www.youtube.com\/channel\/UC9csiS6q_C3C0FYhyr1rnFA?sub_confirmation=1\" target=\"_blank\" rel=\"noreferrer noopener\">GP2<\/a><\/strong><\/p>\n\n\n\n<h2 class=\"wp-block-heading\" id=\"h-f1-hoje-saiba-aqui-as-noticias-mais-importantes-do-dia-da-formula-1\"><strong>F1 hoje: saiba aqui as not\u00edcias mais importantes do dia da F\u00f3rmula 1<\/strong><\/h2>\n\n\n\n<p class=\"wp-block-paragraph\">\u25b6\ufe0f\u00a0<strong><a href=\"https:\/\/www.grandepremio.com\/br\/f1\/noticias\/mercedes-exalta-carro-impecavel-lamenta-tempo-perdido-quebras-outros\/\">Mercedes exalta \u201ccarro impec\u00e1vel\u201d e lamenta \u201ctempo perdido com quebras dos outros\u201d<\/a><br>\u25b6\ufe0f<\/strong>\u00a0<strong><a href=\"https:\/\/www.grandepremio.com\/br\/f1\/noticias\/williams-avalia-testes-barcelona-diz-red-bull-nao-pode-ser-subestimada\/\">Williams avalia testes em Barcelona e diz que Red Bull \u201cn\u00e3o pode ser subestimada\u201d<\/a><\/strong><\/p>\n","protected":false},"excerpt":{"rendered":"<p>Stefano Domenicali carregou tocha ol\u00edmpica nesta quarta-feira (28) em percurso no norte da It\u00e1lia. Dirigente \u00e9 segundo nome da F\u00f3rmula 1 a participar do revezamento, ap\u00f3s Andrea Kimi Antonelli<\/p>\n","protected":false},"author":0,"featured_media":1000606901,"comment_status":"closed","ping_status":"closed","sticky":false,"template":"","format":"standard","meta":{"42wp_featured_image_caption":"","42wp_featured_image_credits":"","42wp_featured_video":"","42wp_featured_image_hidden":false,"42wp_authors_list":[],"footnotes":""},"categories":[2],"tags":[27861,26271,5273,147,29516,29148,180,31425,28995,1491,28285,30840,82,35129,907,31470],"42wp_author":[47164],"class_list":["post-12665","post","type-post","status-publish","format-standard","has-post-thumbnail","hentry","category-f1","tag-andrea-kimi-antonelli","tag-calendario-f1","tag-classificacao-f1","tag-f1","tag-f1-2026","tag-f1-hoje","tag-formula-1","tag-formula-1-2026","tag-formula-1-hoje","tag-grande-premio","tag-grandepremio","tag-horarios-f1","tag-mercedes","tag-onde-assistir-f1","tag-stefano-domenicali","tag-temporada-2026-f1","42wp_author-marcos-gil-ribeiro"],"_links":{"self":[{"href":"https:\/\/grandepremio.com\/br\/wp-json\/wp\/v2\/posts\/12665","targetHints":{"allow":["GET"]}}],"collection":[{"href":"https:\/\/grandepremio.com\/br\/wp-json\/wp\/v2\/posts"}],"about":[{"href":"https:\/\/grandepremio.com\/br\/wp-json\/wp\/v2\/types\/post"}],"replies":[{"embeddable":true,"href":"https:\/\/grandepremio.com\/br\/wp-json\/wp\/v2\/comments?post=12665"}],"version-history":[{"count":0,"href":"https:\/\/grandepremio.com\/br\/wp-json\/wp\/v2\/posts\/12665\/revisions"}],"wp:featuredmedia":[{"embeddable":true,"href":"https:\/\/grandepremio.com\/br\/wp-json\/wp\/v2\/media\/1000606901"}],"wp:attachment":[{"href":"https:\/\/grandepremio.com\/br\/wp-json\/wp\/v2\/media?parent=12665"}],"wp:term":[{"taxonomy":"category","embeddable":true,"href":"https:\/\/grandepremio.com\/br\/wp-json\/wp\/v2\/categories?post=12665"},{"taxonomy":"post_tag","embeddable":true,"href":"https:\/\/grandepremio.com\/br\/wp-json\/wp\/v2\/tags?post=12665"},{"taxonomy":"42wp_author","embeddable":true,"href":"https:\/\/grandepremio.com\/br\/wp-json\/wp\/v2\/42wp_author?post=12665"}],"curies":[{"name":"wp","href":"https:\/\/api.w.org\/{rel}","templated":true}]}}