{"id":126669,"date":"2020-09-29T08:34:09","date_gmt":"2020-09-29T11:34:09","guid":{"rendered":"https:\/\/grandepremio.com\/br\/noticias\/rossi-perde-mecanicos-com-mudanca-para-srt-briguei-por-eles-mas-nao-consegui\/"},"modified":"2020-09-29T08:34:14","modified_gmt":"2020-09-29T11:34:14","slug":"rossi-perde-mecanicos-com-mudanca-para-srt-briguei-por-eles-mas-nao-consegui","status":"publish","type":"post","link":"https:\/\/grandepremio.com\/br\/motogp\/rossi-perde-mecanicos-com-mudanca-para-srt-briguei-por-eles-mas-nao-consegui\/","title":{"rendered":"Rossi perde mec\u00e2nicos com mudan\u00e7a para SRT: \u201cBriguei por eles, mas n\u00e3o consegui\u201d"},"content":{"rendered":"\n<p class=\"wp-block-paragraph\">Valentino Rossi vai enfrentar um processo de div\u00f3rcio na temporada 2021 da MotoGP. Com a mudan\u00e7a para a SRT, o italiano perder\u00e1 dois dos mec\u00e2nicos com quem trabalha na Yamaha: Alex Briggs e Brent Stephens.<\/p>\n\n\n\n<p class=\"wp-block-paragraph\">O australiano Briggs acompanha Rossi desde os tempos das Honda. Ex-Mick Doohan, o mec\u00e2nico seguiu o italiano para a Yamaha e depois para a Ducati, mas tampouco continuar\u00e1 trabalhando para a casa de Iwata, para onde voltou em 2013. Stephens, por sua vez, foi incorporado ao time do italiano em 2004 e tamb\u00e9m n\u00e3o ter\u00e1 o contrato renovado pela f\u00e1brica japonesa.<\/p>\n\n\n\n<p class=\"wp-block-paragraph\"><a href=\"https:\/\/www.grandepremio.com\/br\/motogp\/noticias\/composicao-da-equipe-retarda-assinatura-de-contrato-entre-rossi-e-srt-para-2021\/\" target=\"_blank\" rel=\"noreferrer noopener\">Valentino se empenhou para tentar manter o grupo unido<\/a>, mas apesar da demora das negocia\u00e7\u00f5es, n\u00e3o conseguiu convencer o time chefiado por Razlan Razali. <\/p>\n\n\n\n<figure class=\"wp-block-image size-large\"><img decoding=\"async\" src=\"https:\/\/www.grandepremio.com\/br\/wp-content\/uploads\/2020\/07\/MEYMm__AX71456-1024x683.jpg\" alt=\"\" class=\"wp-image-398464\"\/><figcaption>Valentino Rossi n\u00e3o poder\u00e1 seguir com a habitual equipe t\u00e9cnica (Foto: Yamaha)<\/figcaption><\/figure>\n\n\n\n<p class=\"wp-block-paragraph\"><strong>Conhe\u00e7a o canal do Grande Pr\u00eamio no&nbsp;<a href=\"https:\/\/www.youtube.com\/GrandePremioTV\">YouTube<\/a>.<br>Siga o Grande Pr\u00eamio no&nbsp;<a rel=\"noreferrer noopener\" href=\"https:\/\/twitter.com\/grandepremio\" target=\"_blank\">Twitter&nbsp;<\/a>e no&nbsp;<a rel=\"noreferrer noopener\" href=\"https:\/\/instagram.com\/grandepremio\" target=\"_blank\">Instagram<\/a>.<\/strong><\/p>\n\n\n\n<p class=\"wp-block-paragraph\">\u201cLutei muito para ter todo o time, mas \u00e0s vezes \u00e9 imposs\u00edvel. Tamb\u00e9m porque na Petronas trabalham muitas boas pessoas\u201d, disse Rossi. \u201cPara mim, durante a minha carreira, sempre foi importante ter o meu time. Por exemplo, eu e Alex Briggs estamos juntos desde 2000. Mas, neste momento da minha carreira, \u00e9 normal que nem tudo possa ser perfeito\u201d, seguiu.<\/p>\n\n\n\n<p class=\"wp-block-paragraph\">Ainda assim, Rossi n\u00e3o seguir\u00e1 sozinho para a equipe sat\u00e9lite. O piloto da moto #46 vai contar com o mec\u00e2nico-chefe David Mu\u00f1oz, o analista de performance Id\u00e1lio Gavira e o engenheiro de dados Matteo Flamigni.<\/p>\n\n\n\n<p class=\"wp-block-paragraph\">\u201cEu tentei manter meu mec\u00e2nico chefe, David, Id\u00e1lio e Matteo. Infelizmente, n\u00e3o foi poss\u00edvel com Alex e Brent. \u00c9 uma grande pena. Estou triste por n\u00e3o t\u00ea-los comigo no pr\u00f3ximo ano, mas \u00e9 assim que \u00e9\u201d, completou.<\/p>\n\n\n\n<p class=\"wp-block-paragraph\">Diretor da Yamaha, Lin Jarvis explicou que a sa\u00edda de Briggs e Stephens \u00e9 reflexo do fato de que Fabio Quartararo tamb\u00e9m quis levar alguns integrantes da atual equipe para a Yamaha.<\/p>\n\n\n\n<p class=\"wp-block-paragraph\">\u201cComo Valentino disse, ele est\u00e1 com parte de seu pessoal h\u00e1 muitos, muitos anos. E isso \u00e9 algo de que n\u00f3s, de fato, fizemos parte, pois quando tiramos Valentino da Honda muitos, muitos anos atr\u00e1s, n\u00f3s trouxemos ele e toda a equipe. E sabemos que isso foi importante para ele. Mas, como voc\u00ea pode imaginar, outros pilotos se sentem da mesma forma\u201d, falou Jarvis. \u201cFabio tamb\u00e9m quer trazer algumas pessoas com quem est\u00e1 familiarizado e com quem tem confian\u00e7a tamb\u00e9m. Este \u00e9 um momento em que \u00e9 meio uma mudan\u00e7a de guarda, ent\u00e3o, precis\u00e1vamos encontrar uma maneira de acomodar Fabio e alguns dos pedidos dele com a expertise que j\u00e1 temos na casa\u201d, continuou.<\/p>\n\n\n\n<p class=\"wp-block-paragraph\">\u201cN\u00e3o existem tantos lugares nos boxes, ent\u00e3o, n\u00f3s do time de f\u00e1brica n\u00e3o conseguimos oferecer uma extens\u00e3o a Brent e Alex. Eu trabalho com Brent desde 1999, ent\u00e3o, faz muito tempo, quando o time era Marlboro Yamaha, Brent estava conosco desde o in\u00edcio. Alex se juntou a n\u00f3s em 2004. Temos uma rela\u00e7\u00e3o muito boa. Claro, seria bom deixar todo mundo feliz e ter todo mundo a bordo, mas \u00e0s vezes voc\u00ea tamb\u00e9m precisa mudar o time. \u00c9 uma pena, mas eu gostaria de agradec\u00ea-los por toda a contribui\u00e7\u00e3o que fizeram e ainda fazem\u201d, encerrou.<\/p>\n\n\n\n<p class=\"wp-block-paragraph\"><strong>LEIA TAMB\u00c9M<\/strong><br><strong>+ <a href=\"https:\/\/www.grandepremio.com\/br\/motogp\/noticias\/peter-pan-rossi-ainda-tem-espaco-na-motogp-mesmo-aos-41-anos\/\" target=\"_blank\" rel=\"noreferrer noopener\">Peter Pan, Rossi ainda tem espa\u00e7o na MotoGP. Mesmo aos 41 anos<\/a><\/strong><\/p>\n\n\n\n<figure class=\"wp-block-embed-youtube wp-block-embed is-type-video is-provider-youtube wp-embed-aspect-16-9 wp-has-aspect-ratio\"><div class=\"wp-block-embed__wrapper\">\n<iframe loading=\"lazy\" title=\"Na F1, HAMILTON (se) perde na R\u00fassia + MotoGP e Indy | Paddock GP #216\" width=\"500\" height=\"281\" src=\"https:\/\/www.youtube.com\/embed\/nciq87bvbUQ?feature=oembed\" frameborder=\"0\" allow=\"accelerometer; autoplay; clipboard-write; encrypted-media; gyroscope; picture-in-picture; web-share\" referrerpolicy=\"strict-origin-when-cross-origin\" allowfullscreen><\/iframe>\n<\/div><\/figure>\n","protected":false},"excerpt":{"rendered":"<p>O italiano n\u00e3o conseguiu convencer a SRT a contratar toda a equipe com que trabalha na Yamaha. O multicampe\u00e3o n\u00e3o ser\u00e1 acompanhado por Alex Briggs e Brent Stephens em 2021<\/p>\n","protected":false},"author":0,"featured_media":1000422646,"comment_status":"closed","ping_status":"closed","sticky":false,"template":"","format":"standard","meta":{"42wp_featured_image_caption":"","42wp_featured_image_credits":"","42wp_featured_video":"","42wp_featured_image_hidden":false,"42wp_authors_list":[],"footnotes":""},"categories":[8],"tags":[79,174,26204,78,173,26244,25990,25441,172],"42wp_author":[47113],"class_list":["post-126669","post","type-post","status-publish","format-standard","has-post-thumbnail","hentry","category-motogp","tag-moto-gp","tag-moto-gp-2020","tag-moto-gp-hoje","tag-motogp","tag-motogp-2020","tag-motogp-calendario-2020","tag-motogp-classificacao","tag-srt","tag-yamaha","42wp_author-juliana-tesser"],"_links":{"self":[{"href":"https:\/\/grandepremio.com\/br\/wp-json\/wp\/v2\/posts\/126669","targetHints":{"allow":["GET"]}}],"collection":[{"href":"https:\/\/grandepremio.com\/br\/wp-json\/wp\/v2\/posts"}],"about":[{"href":"https:\/\/grandepremio.com\/br\/wp-json\/wp\/v2\/types\/post"}],"replies":[{"embeddable":true,"href":"https:\/\/grandepremio.com\/br\/wp-json\/wp\/v2\/comments?post=126669"}],"version-history":[{"count":0,"href":"https:\/\/grandepremio.com\/br\/wp-json\/wp\/v2\/posts\/126669\/revisions"}],"wp:featuredmedia":[{"embeddable":true,"href":"https:\/\/grandepremio.com\/br\/wp-json\/wp\/v2\/media\/1000422646"}],"wp:attachment":[{"href":"https:\/\/grandepremio.com\/br\/wp-json\/wp\/v2\/media?parent=126669"}],"wp:term":[{"taxonomy":"category","embeddable":true,"href":"https:\/\/grandepremio.com\/br\/wp-json\/wp\/v2\/categories?post=126669"},{"taxonomy":"post_tag","embeddable":true,"href":"https:\/\/grandepremio.com\/br\/wp-json\/wp\/v2\/tags?post=126669"},{"taxonomy":"42wp_author","embeddable":true,"href":"https:\/\/grandepremio.com\/br\/wp-json\/wp\/v2\/42wp_author?post=126669"}],"curies":[{"name":"wp","href":"https:\/\/api.w.org\/{rel}","templated":true}]}}