{"id":12668,"date":"2026-01-29T08:57:24","date_gmt":"2026-01-29T11:57:24","guid":{"rendered":"https:\/\/grandepremio.com\/br\/noticias\/mercedes-exalta-carro-impecavel-lamenta-tempo-perdido-quebras-outros\/"},"modified":"2026-01-29T09:20:52","modified_gmt":"2026-01-29T12:20:52","slug":"mercedes-exalta-carro-impecavel-lamenta-tempo-perdido-quebras-outros","status":"publish","type":"post","link":"https:\/\/grandepremio.com\/br\/f1\/mercedes-exalta-carro-impecavel-lamenta-tempo-perdido-quebras-outros\/","title":{"rendered":"Mercedes exalta &#8220;carro impec\u00e1vel&#8221; e lamenta &#8220;tempo perdido com quebras dos outros&#8221;"},"content":{"rendered":"\n<p class=\"wp-block-paragraph\">Diretor de engenharia de pista da <strong>Mercedes<\/strong>, <strong>Andrew Shovlin<\/strong> n\u00e3o escondeu o alto n\u00edvel de satisfa\u00e7\u00e3o com os dois dias de testes realizados em <strong>Barcelona<\/strong>. O dirigente destacou a alta quilometragem completada por <strong>Andrea Kimi Antonelli<\/strong> e <strong>George Russell<\/strong> e ressaltou que o carro funcionou de forma impec\u00e1vel at\u00e9 aqui. Segundo o engenheiro, o \u00fanico tempo perdido at\u00e9 o momento ocorreu por bandeiras vermelhas causadas por problemas enfrentados por equipes rivais.<\/p>\n\n\n\n<p class=\"wp-block-paragraph\">A Mercedes foi \u00e0 pista de Barcelona na <strong>segunda (26)<\/strong> e na <strong>quarta-feira (28)<\/strong>. No segundo dia, Antonelli registrou o melhor tempo da pr\u00e9-temporada at\u00e9 ent\u00e3o, com 1min17s362 \u2014 marca quebrada pelo pr\u00f3prio italiano, com 1min17s081 na manh\u00e3 desta quinta-feira (29). A dupla de pilotos realizou simula\u00e7\u00f5es de corrida sem qualquer intercorr\u00eancia, somando 183 voltas. Com o alcan\u00e7ado na segunda-feira \u2014 151 giros \u2014, a Mercedes j\u00e1 totaliza 334 voltas com o W17 na Espanha, principal motivo de comemora\u00e7\u00e3o para Shovlin.<\/p>\n\n\n\n<p class=\"wp-block-paragraph\">\u201cEm termos de quilometragem, estamos um pouco \u00e0 frente do que esper\u00e1vamos, ent\u00e3o isso \u00e9 positivo\u201d, disse o diretor da Mercedes. \u201cNormalmente, espera-se ter alguns problemas iniciais, alguma quest\u00e3o pontual de confiabilidade que acaba custando tempo de pista\u201d, comentou.<\/p>\n\n\n\n<p class=\"wp-block-paragraph\">\u201cO carro funcionou de forma impec\u00e1vel. Na verdade, estamos perdendo mais tempo de pista por quebras de outros carros e bandeiras vermelhas causadas por isso do que por qualquer problema do nosso lado\u201d, completou.<\/p>\n\n\n\n<figure class=\"wp-block-image size-large\"><img decoding=\"async\" src=\"https:\/\/www.grandepremio.com\/br\/wp-content\/uploads\/2026\/01\/mercedes-kimi-antonelli-f1-2026-testes-barcelona-02-1200x795.jpg\" alt=\"\" class=\"wp-image-1052891\"\/><figcaption class=\"wp-element-caption\">Andrea Kimi Antonelli (Foto: Mercedes)<\/figcaption><\/figure>\n\n\n\n<p class=\"wp-block-paragraph\">Shovlin avaliou que os objetivos dos dois primeiros dias de testes est\u00e3o \u201cmais ou menos cumpridos\u201d, o que tem animado a Mercedes. <\/p>\n\n\n\n<p class=\"wp-block-paragraph\">\u201cEstamos bastante satisfeitos [com a quarta-feira], com dois dos tr\u00eas dias j\u00e1 conclu\u00eddos. Mais ou menos cumprimos todos os nossos objetivos do primeiro e do segundo [dia]\u201d, frisou o diretor da Mercedes. \u201cEstamos realmente satisfeitos com o comportamento do carro. Conseguimos completar mais de duas dist\u00e2ncias de corrida. Ambos os pilotos j\u00e1 sentem isso no feedback, e o carro seguiu forte at\u00e9 o final. Isso foi muito encorajador\u201d, prosseguiu.<\/p>\n\n\n\n<p class=\"wp-block-paragraph\">A Mercedes encerra sua participa\u00e7\u00e3o nos testes de Barcelona nesta quinta-feira (29). Shovlin afirmou que a equipe ainda busca coletar mais dados, mas destacou que o cronograma est\u00e1 adiantado em rela\u00e7\u00e3o ao planejado.<\/p>\n\n\n\n<p class=\"wp-block-paragraph\">\u25b6\ufe0f&nbsp;<strong>Inscreva-se nos dois canais do GRANDE PR\u00caMIO no YouTube:&nbsp;<a href=\"https:\/\/www.youtube.com\/channel\/UC9OlHEgxoaY6QY6nWPoiqQg?sub_confirmation=1\" target=\"_blank\" rel=\"noreferrer noopener\">GP<\/a>&nbsp;|&nbsp;<a href=\"https:\/\/www.youtube.com\/channel\/UC9csiS6q_C3C0FYhyr1rnFA?sub_confirmation=1\" target=\"_blank\" rel=\"noreferrer noopener\">GP2<\/a><\/strong><\/p>\n\n\n\n<figure class=\"wp-block-image size-large\"><img decoding=\"async\" src=\"https:\/\/www.grandepremio.com\/br\/wp-content\/uploads\/2026\/01\/imagem_2026-01-16_111817876-e1768573144780-1200x800.png\" alt=\"\" class=\"wp-image-1050406\"\/><figcaption class=\"wp-element-caption\">Andrea Kimi Antonelli e George Russell (Foto: Mercedes)<\/figcaption><\/figure>\n\n\n\n<p class=\"wp-block-paragraph\">\u201cEm rela\u00e7\u00e3o aos dados coletados, estamos chegando l\u00e1, mas, como todos os sistemas el\u00e9tricos s\u00e3o novos, ainda existem v\u00e1rias quest\u00f5es que estamos ajustando, tanto na coleta quanto na garantia de que tudo esteja t\u00e3o preciso quanto normalmente temos\u201d, explicou o dirigente da Mercedes.<\/p>\n\n\n\n<p class=\"wp-block-paragraph\">\u201cMas, como disse, t\u00ednhamos uma longa lista de objetivos e, se for o caso, estamos ligeiramente \u00e0 frente do que esper\u00e1vamos j\u00e1 no segundo dia\u201d, concluiu Shovlin.<\/p>\n\n\n\n<p class=\"wp-block-paragraph\">Os testes de Barcelona s\u00e3o privados, e as equipes podem escolher at\u00e9 tr\u00eas dos cinco dias dispon\u00edveis para andarem na pista. S\u00e3o oito horas de atividades por dia, com in\u00edcio \u00e0s 5h (de Bras\u00edlia, GMT-3). Das 11 inscritas, apenas a Williams confirmou aus\u00eancia das sess\u00f5es por atraso no projeto do FW48.<\/p>\n\n\n\n<h2 class=\"wp-block-heading\" id=\"h-f1-hoje-saiba-aqui-as-noticias-mais-importantes-do-dia-da-formula-1\"><strong>F1 hoje: saiba aqui as not\u00edcias mais importantes do dia da F\u00f3rmula 1<\/strong><\/h2>\n\n\n\n<p class=\"wp-block-paragraph\">\u25b6\ufe0f&nbsp;<strong><a href=\"https:\/\/www.grandepremio.com\/br\/f1\/noticias\/aston-martin-estreia-ferrari-retorna-que-esperar-quarto-dia-testes-f1-barcelona\/\">Aston Martin estreia e Ferrari retorna: o que esperar do 4\u00ba dia de testes da F1 em Barcelona<\/a><br>\u25b6\ufe0f<\/strong>&nbsp;<strong><a href=\"https:\/\/www.grandepremio.com\/br\/f1\/noticias\/red-bull-aguarda-pecas-reposicao-perde-4o-dia-testes-coletivos-f1-barcelona\/\">Red Bull aguarda pe\u00e7as de reposi\u00e7\u00e3o e perde 4\u00ba dia de testes coletivos da F1 em Barcelona<\/a><\/strong><\/p>\n\n\n\n<figure class=\"wp-block-embed is-type-video is-provider-youtube wp-block-embed-youtube wp-embed-aspect-16-9 wp-has-aspect-ratio\"><div class=\"wp-block-embed__wrapper\">\n<iframe loading=\"lazy\" title=\"AUDI COM PROBLEMAS, MERCEDES MOSTRA FOR\u00c7A: DIA 3 DOS TESTES DA F1 | Briefing\" width=\"500\" height=\"281\" src=\"https:\/\/www.youtube.com\/embed\/I4IfVAbpWkE?feature=oembed\" frameborder=\"0\" allow=\"accelerometer; autoplay; clipboard-write; encrypted-media; gyroscope; picture-in-picture; web-share\" referrerpolicy=\"strict-origin-when-cross-origin\" allowfullscreen><\/iframe>\n<\/div><\/figure>\n","protected":false},"excerpt":{"rendered":"<p>Andrew Shovlin, diretor de engenharia de pista da Mercedes, ressaltou que programa\u00e7\u00e3o da equipe est\u00e1 al\u00e9m do planejado para Barcelona<\/p>\n","protected":false},"author":0,"featured_media":1001052863,"comment_status":"closed","ping_status":"closed","sticky":false,"template":"","format":"standard","meta":{"42wp_featured_image_caption":"","42wp_featured_image_credits":"","42wp_featured_video":"","42wp_featured_image_hidden":false,"42wp_authors_list":[],"footnotes":""},"categories":[2],"tags":[20491,970,729,29516,207,350,1390,1491,28285,31949,2810,13814,39291,2780,595,34502,90,82,217,30904,1521,6285,2693,27382,30336,27452,38179,204,4873,30847,18951,1979,6303,9685],"42wp_author":[47155],"class_list":["post-12668","post","type-post","status-publish","format-standard","has-post-thumbnail","hentry","category-f1","tag-alpine","tag-audi","tag-cadillac","tag-f1-2026","tag-ferrari","tag-gabriel-bortoleto","tag-gasly","tag-grande-premio","tag-grandepremio","tag-hadjar","tag-hamilton","tag-hulkenberg","tag-hulkenberg-audi","tag-leclerc","tag-liam-lawson","tag-lindblad","tag-mclaren","tag-mercedes","tag-motor-mercedes","tag-motores-f1","tag-nico-hulkenberg","tag-norris","tag-novo-regulamento-f1","tag-perez","tag-piastri","tag-pre-temporada-f1","tag-racing-bulls","tag-red-bull","tag-regulamento-f1","tag-russell","tag-testes-coletivos-f1","tag-testes-f1","tag-testes-f1-barcelona","tag-verstappen","42wp_author-daniel-balsa"],"_links":{"self":[{"href":"https:\/\/grandepremio.com\/br\/wp-json\/wp\/v2\/posts\/12668","targetHints":{"allow":["GET"]}}],"collection":[{"href":"https:\/\/grandepremio.com\/br\/wp-json\/wp\/v2\/posts"}],"about":[{"href":"https:\/\/grandepremio.com\/br\/wp-json\/wp\/v2\/types\/post"}],"replies":[{"embeddable":true,"href":"https:\/\/grandepremio.com\/br\/wp-json\/wp\/v2\/comments?post=12668"}],"version-history":[{"count":0,"href":"https:\/\/grandepremio.com\/br\/wp-json\/wp\/v2\/posts\/12668\/revisions"}],"wp:featuredmedia":[{"embeddable":true,"href":"https:\/\/grandepremio.com\/br\/wp-json\/wp\/v2\/media\/1001052863"}],"wp:attachment":[{"href":"https:\/\/grandepremio.com\/br\/wp-json\/wp\/v2\/media?parent=12668"}],"wp:term":[{"taxonomy":"category","embeddable":true,"href":"https:\/\/grandepremio.com\/br\/wp-json\/wp\/v2\/categories?post=12668"},{"taxonomy":"post_tag","embeddable":true,"href":"https:\/\/grandepremio.com\/br\/wp-json\/wp\/v2\/tags?post=12668"},{"taxonomy":"42wp_author","embeddable":true,"href":"https:\/\/grandepremio.com\/br\/wp-json\/wp\/v2\/42wp_author?post=12668"}],"curies":[{"name":"wp","href":"https:\/\/api.w.org\/{rel}","templated":true}]}}