{"id":12669,"date":"2026-01-29T08:43:43","date_gmt":"2026-01-29T11:43:43","guid":{"rendered":"https:\/\/grandepremio.com\/br\/noticias\/williams-avalia-testes-barcelona-diz-red-bull-nao-pode-ser-subestimada\/"},"modified":"2026-01-29T08:49:03","modified_gmt":"2026-01-29T11:49:03","slug":"williams-avalia-testes-barcelona-diz-red-bull-nao-pode-ser-subestimada","status":"publish","type":"post","link":"https:\/\/grandepremio.com\/br\/f1\/williams-avalia-testes-barcelona-diz-red-bull-nao-pode-ser-subestimada\/","title":{"rendered":"Williams avalia testes em Barcelona e diz que Red Bull \u201cn\u00e3o pode ser subestimada\u201d"},"content":{"rendered":"\n<p class=\"wp-block-paragraph\">A <strong>Williams <\/strong>teve problemas no desenvolvimento do carro e n\u00e3o <a href=\"https:\/\/www.grandepremio.com\/br\/?s=williams&amp;orderby=post_date&amp;rows=20\">conseguiu levar o <strong>FW48 <\/strong>para os testes<\/a> coletivos da <strong>F\u00f3rmula 1<\/strong>, mas o chefe <strong>James Vowles<\/strong> est\u00e1 de olho em tudo o que acontece em <strong>Barcelona<\/strong>. O dirigente elogiou o desempenho apresentado pela <strong>Mercedes<\/strong>, mas fez quest\u00e3o de lembrar que, embora a <strong>Red Bull<\/strong> esteja desenvolvendo um motor do zero pela primeira vez, a equipe n\u00e3o pode ser subestimada.<\/p>\n\n\n\n<p class=\"wp-block-paragraph\">Ap\u00f3s tr\u00eas dias completos de testes em <strong>Barcelona<\/strong>, <strong>Mercedes <\/strong>e <strong>Red Bull<\/strong> se destacaram positivamente. Embora os tempos de volta ainda n\u00e3o sejam muito relevantes, no primeiro dia <strong>Isack Hadjar<\/strong><a href=\"https:\/\/www.grandepremio.com\/br\/f1\/noticias\/isack-hadjar-lidera-1o-dia-testes-f1-barcelona-gabriel-bortoleto-sofre-pane\/\"><strong> <\/strong>colocou a equipe taurina no topo<\/a> da tabela com 1min18s159 e foi seguido por <strong>George Russell<\/strong>. Vale lembrar que os dois times tamb\u00e9m acumularam uma boa quilometragem e completaram mais de 50 voltas.<\/p>\n\n\n\n<p class=\"wp-block-paragraph\">Na ter\u00e7a-feira (27), apenas a <strong>Red Bull<\/strong> e a <strong>Ferrari <\/strong>estiveram na pista e, mais uma vez, a equipe taurina <a href=\"https:\/\/www.grandepremio.com\/br\/f1\/noticias\/max-verstappen-lidera-2o-dia-marcado-temporal-teste-privado-f1-barcelona\/\">apresentou bom desempenho<\/a>, embora a chuva tenha atrapalhado um pouco o cronograma. Por fim, na quarta-feira (28), <strong>Andrea Kimi Antonelli <\/strong>e <strong>Russell <\/strong>colocaram a <strong>Mercedes <\/strong><a href=\"https:\/\/www.grandepremio.com\/br\/f1\/noticias\/andrea-kimi-antonelli-crava-melhor-tempo-pre-temporada-lidera-dia-3-testes-f1-barcelona\/\">nas duas primeiras posi\u00e7\u00f5es<\/a> em um dia em que a equipe alem\u00e3 registrou mais de 92 voltas.<\/p>\n\n\n\n<p class=\"wp-block-paragraph\">Ao fazer uma avalia\u00e7\u00e3o do que aconteceu nos tr\u00eas primeiros dias em <strong>Barcelona<\/strong>, o chefe da <strong>Williams <\/strong>destacou o bom rendimento da <strong>Mercedes<\/strong>, mas disse que a for\u00e7a da <strong>Red Bull<\/strong> n\u00e3o pode ser subestimada.<\/p>\n\n\n\n<figure class=\"wp-block-image size-large\"><img decoding=\"async\" src=\"https:\/\/www.grandepremio.com\/br\/wp-content\/uploads\/2026\/01\/F1-2026-TESTES-BARCELONA-ISACK-HADJAR-RED-BULL-1200x675.jpg\" alt=\"\" class=\"wp-image-1052858\"\/><figcaption class=\"wp-element-caption\">A Red Bull est\u00e1 desenvolvendo o pr\u00f3prio motor na F1 (Foto: F1)<\/figcaption><\/figure>\n\n\n\n<p class=\"wp-block-paragraph\">\u201cAcho que a Mercedes est\u00e1 se saindo bem desde o in\u00edcio, cumprindo o cronograma que havia estipulado e atingindo a quilometragem prevista. Da mesma forma, a Red Bull, considerando que produziu uma unidade de pot\u00eancia do zero, n\u00e3o pode ser subestimada\u201d, disse o chefe da <strong>Williams<\/strong>.<\/p>\n\n\n\n<p class=\"wp-block-paragraph\">\u201cEles fizeram um trabalho brilhante no n\u00famero de voltas que completaram. Finalmente, temos a Ferrari, que \u00e9 exatamente a mesma coisa, de novo. Muitas equipes t\u00eam sido impressionantes desde o in\u00edcios, mas os tempos em Barcelona ser\u00e3o praticamente irrelevantes. \u00c9 s\u00f3 no Bahrein que isso poder\u00e1 ser levado em considera\u00e7\u00e3o\u201d, finalizou o chefe da <strong>Williams<\/strong>.<\/p>\n\n\n\n<p class=\"wp-block-paragraph\">Os testes de Barcelona s\u00e3o privados, e as equipes podem escolher at\u00e9 tr\u00eas dos cinco dias dispon\u00edveis para andarem na pista. S\u00e3o oito horas de atividades por dia, com in\u00edcio \u00e0s 5h (de Bras\u00edlia, GMT-3). Das 11 inscritas, apenas a Williams confirmou aus\u00eancia das sess\u00f5es por atraso no projeto do FW48.<\/p>\n\n\n\n<p class=\"wp-block-paragraph\">\u25b6\ufe0f&nbsp;<strong>Inscreva-se nos dois canais do GRANDE PR\u00caMIO no YouTube:&nbsp;<a href=\"https:\/\/www.youtube.com\/channel\/UC9OlHEgxoaY6QY6nWPoiqQg?sub_confirmation=1\" target=\"_blank\" rel=\"noreferrer noopener\">GP<\/a>&nbsp;|&nbsp;<a href=\"https:\/\/www.youtube.com\/channel\/UC9csiS6q_C3C0FYhyr1rnFA?sub_confirmation=1\" target=\"_blank\" rel=\"noreferrer noopener\">GP2<\/a><\/strong><\/p>\n\n\n\n<h2 class=\"wp-block-heading\" id=\"h-f1-hoje-saiba-aqui-as-noticias-mais-importantes-do-dia-da-formula-1\"><strong>F1 hoje: saiba aqui as not\u00edcias mais importantes do dia da F\u00f3rmula 1<\/strong><\/h2>\n\n\n\n<p class=\"wp-block-paragraph\">\u25b6\ufe0f\u00a0<strong><a href=\"https:\/\/www.grandepremio.com\/br\/f1\/noticias\/aston-martin-estreia-ferrari-retorna-que-esperar-quarto-dia-testes-f1-barcelona\/\">Aston Martin estreia e Ferrari retorna: o que esperar do 4\u00ba dia de testes da F1 em Barcelona<\/a><br>\u25b6\ufe0f<\/strong>\u00a0<strong><a href=\"https:\/\/www.grandepremio.com\/br\/f1\/noticias\/red-bull-aguarda-pecas-reposicao-perde-4o-dia-testes-coletivos-f1-barcelona\/\">Red Bull aguarda pe\u00e7as de reposi\u00e7\u00e3o e perde 4\u00ba dia de testes coletivos da F1 em Barcelona<\/a><\/strong><\/p>\n\n\n\n<figure class=\"wp-block-embed is-type-video is-provider-youtube wp-block-embed-youtube wp-embed-aspect-16-9 wp-has-aspect-ratio\"><div class=\"wp-block-embed__wrapper\">\n<iframe loading=\"lazy\" title=\"AUDI COM PROBLEMAS, MERCEDES MOSTRA FOR\u00c7A: DIA 3 DOS TESTES DA F1 | Briefing\" width=\"500\" height=\"281\" src=\"https:\/\/www.youtube.com\/embed\/I4IfVAbpWkE?feature=oembed\" frameborder=\"0\" allow=\"accelerometer; autoplay; clipboard-write; encrypted-media; gyroscope; picture-in-picture; web-share\" referrerpolicy=\"strict-origin-when-cross-origin\" allowfullscreen><\/iframe>\n<\/div><\/figure>\n","protected":false},"excerpt":{"rendered":"<p>James Vowles, chefe da Williams, fez um balan\u00e7o dos tr\u00eas primeiros dias de testes da F1 em Barcelona e destacou a for\u00e7a da Mercedes e da Red Bull<\/p>\n","protected":false},"author":0,"featured_media":1001016290,"comment_status":"closed","ping_status":"closed","sticky":false,"template":"","format":"standard","meta":{"42wp_featured_image_caption":"","42wp_featured_image_credits":"","42wp_featured_video":"","42wp_featured_image_hidden":false,"42wp_authors_list":[],"footnotes":""},"categories":[2],"tags":[29516,180,1491,28285,31949,41987,41986,28104,203,82,535,20798,2693,30650,45626,45637,204,27332,27716,1979,9685,215,25011,33777],"42wp_author":[47149],"class_list":["post-12669","post","type-post","status-publish","format-standard","has-post-thumbnail","hentry","category-f1","tag-f1-2026","tag-formula-1","tag-grande-premio","tag-grandepremio","tag-hadjar","tag-hadjar-f1","tag-hadjar-formula-1","tag-isack-hadjar","tag-max-verstappen","tag-mercedes","tag-mercedes-f1","tag-motores-mercedes","tag-novo-regulamento-f1","tag-novos-carros-f1","tag-pre-temporada-f1-2026","tag-rb22","tag-red-bull","tag-red-bull-f1","tag-red-bull-formula-1","tag-testes-f1","tag-verstappen","tag-williams","tag-williams-f1","tag-williams-formula-1","42wp_author-bernardo-castro"],"_links":{"self":[{"href":"https:\/\/grandepremio.com\/br\/wp-json\/wp\/v2\/posts\/12669","targetHints":{"allow":["GET"]}}],"collection":[{"href":"https:\/\/grandepremio.com\/br\/wp-json\/wp\/v2\/posts"}],"about":[{"href":"https:\/\/grandepremio.com\/br\/wp-json\/wp\/v2\/types\/post"}],"replies":[{"embeddable":true,"href":"https:\/\/grandepremio.com\/br\/wp-json\/wp\/v2\/comments?post=12669"}],"version-history":[{"count":0,"href":"https:\/\/grandepremio.com\/br\/wp-json\/wp\/v2\/posts\/12669\/revisions"}],"wp:featuredmedia":[{"embeddable":true,"href":"https:\/\/grandepremio.com\/br\/wp-json\/wp\/v2\/media\/1001016290"}],"wp:attachment":[{"href":"https:\/\/grandepremio.com\/br\/wp-json\/wp\/v2\/media?parent=12669"}],"wp:term":[{"taxonomy":"category","embeddable":true,"href":"https:\/\/grandepremio.com\/br\/wp-json\/wp\/v2\/categories?post=12669"},{"taxonomy":"post_tag","embeddable":true,"href":"https:\/\/grandepremio.com\/br\/wp-json\/wp\/v2\/tags?post=12669"},{"taxonomy":"42wp_author","embeddable":true,"href":"https:\/\/grandepremio.com\/br\/wp-json\/wp\/v2\/42wp_author?post=12669"}],"curies":[{"name":"wp","href":"https:\/\/api.w.org\/{rel}","templated":true}]}}