{"id":126748,"date":"2020-09-26T12:13:02","date_gmt":"2020-09-26T15:13:02","guid":{"rendered":"https:\/\/grandepremio.com\/br\/noticias\/arrisquei-e-perdi-o-carro-vettel-explica-acidente-que-destruiu-ferrari-na-russia\/"},"modified":"2020-09-26T12:13:07","modified_gmt":"2020-09-26T15:13:07","slug":"arrisquei-e-perdi-o-carro-vettel-explica-acidente-que-destruiu-ferrari-na-russia","status":"publish","type":"post","link":"https:\/\/grandepremio.com\/br\/f1\/arrisquei-e-perdi-o-carro-vettel-explica-acidente-que-destruiu-ferrari-na-russia\/","title":{"rendered":"&#8220;Arrisquei e perdi o carro&#8221;: Vettel explica acidente que destruiu Ferrari na R\u00fassia"},"content":{"rendered":"\n<figure class=\"wp-block-embed-youtube wp-block-embed is-type-video is-provider-youtube wp-embed-aspect-16-9 wp-has-aspect-ratio\"><div class=\"wp-block-embed__wrapper\">\n<iframe loading=\"lazy\" title=\"F1 com novo CHEF\u00c3O: o que muda com a VOLTA de DOMENICALI | GP \u00e0 10\" width=\"500\" height=\"281\" src=\"https:\/\/www.youtube.com\/embed\/refbs-nNKNE?feature=oembed\" frameborder=\"0\" allow=\"accelerometer; autoplay; clipboard-write; encrypted-media; gyroscope; picture-in-picture; web-share\" referrerpolicy=\"strict-origin-when-cross-origin\" allowfullscreen><\/iframe>\n<\/div><\/figure>\n\n\n\n<p class=\"wp-block-paragraph\">A classifica\u00e7\u00e3o de Sebastian Vettel terminou mais cedo em S\u00f3chi. <a href=\"https:\/\/www.grandepremio.com\/br\/f1\/noticias\/vettel-roda-bate-forte-e-causa-bandeira-vermelha-durante-classificacao-na-russia\/\">Com um forte acidente no Q2<\/a>, que originou uma bandeira vermelha, o piloto da Ferrari precisou abandonar a sess\u00e3o e larga apenas na 15\u00aa posi\u00e7\u00e3o.<\/p>\n\n\n\n<p class=\"wp-block-paragraph\">Ap\u00f3s o treino, ainda assustado com a pancada na barreira de pneus, o alem\u00e3o explicou o que causou o acidente no veloz circuito russo enquanto buscava uma vaga no top-10.<\/p>\n\n\n\n<p class=\"wp-block-paragraph\">&#8220;Bem, eu perdi o carro na curva 2. Na curva 4, perdi de novo e n\u00e3o consegui recuperar&#8221;, afirmou o tetracampe\u00e3o mundial.<\/p>\n\n\n\n<p class=\"wp-block-paragraph\"><strong>Conhe\u00e7a o canal do Grande Pr\u00eamio no YouTube! Clique\u00a0<a rel=\"noreferrer noopener\" href=\"https:\/\/youtube.com\/GrandePremioTV\" target=\"_blank\">aqui<\/a>.<br>Siga o Grande Pr\u00eamio no\u00a0<a rel=\"noreferrer noopener\" href=\"https:\/\/twitter.com\/grandepremio\" target=\"_blank\">Twitter\u00a0<\/a>e no\u00a0<a rel=\"noreferrer noopener\" href=\"https:\/\/instagram.com\/grandepremio\" target=\"_blank\">Instagram<\/a>!<\/strong><\/p>\n\n\n\n<figure class=\"wp-block-image size-large\"><img decoding=\"async\" src=\"https:\/\/www.grandepremio.com\/br\/wp-content\/uploads\/2020\/09\/vettel-acidente-russia-1024x576.jpg\" alt=\"\" class=\"wp-image-422097\"\/><figcaption>Sebastian Vettel bate com for\u00e7a durante classifica\u00e7\u00e3o em S\u00f3chi (Foto: Reprodu\u00e7\u00e3o\/TV)<\/figcaption><\/figure>\n\n\n\n<p class=\"wp-block-paragraph\">Questionado se a mudan\u00e7a da dire\u00e7\u00e3o do vento na classifica\u00e7\u00e3o, problema que afetou diversos pilotos, foi uma quest\u00e3o que afetou o carro no momento do incidente em S\u00f3chi, Vettel deu mais detalhes.<\/p>\n\n\n\n<p class=\"wp-block-paragraph\">&#8220;Sim, foi. Mas na classifica\u00e7\u00e3o, eu estava com dificuldades especialmente no primeiro setor. Tentei arriscar mais e, como disse, perdi o carro nas curvas 2 e 4. Obviamente n\u00e3o estou feliz, mas comparando com a sess\u00e3o da manh\u00e3, sofri um pouco durante a tarde&#8221;, completou.<\/p>\n\n\n\n<p class=\"wp-block-paragraph\">A largada do GP da R\u00fassia vai ser em hor\u00e1rio mais cedo que o habitual e est\u00e1 prevista para 8h10 (hor\u00e1rio de Bras\u00edlia). Antes, \u00e0s 7h, o\u00a0<a href=\"https:\/\/www.youtube.com\/watch?v=y5A4pUbXgRc\"><strong>GRANDE PR\u00caMIO<\/strong>\u00a0inicia a transmiss\u00e3o ao vivo do BRIEFING pr\u00e9-corrida<\/a>\u00a0com a an\u00e1lise do treino classificat\u00f3rio e as \u00faltimas informa\u00e7\u00f5es vindas diretas de\u00a0<a href=\"https:\/\/www.grandepremio.com\/br\/etapa\/f1\/gp-da-russia-formula-1-2020\/\" target=\"_blank\" rel=\"noreferrer noopener\">S\u00f3chi<\/a>. Tudo no\u00a0<a href=\"https:\/\/www.youtube.com\/c\/GrandePremioTV\/\">canal do\u00a0<strong>GRANDE PR\u00caMIO<\/strong>\u00a0no YouTube<\/a>.<\/p>\n","protected":false},"excerpt":{"rendered":"<p>Sebastian Vettel deu um susto em todos quando bateu com for\u00e7a na prote\u00e7\u00e3o de pneus durante o Q2 da classifica\u00e7\u00e3o em S\u00f3chi. Ap\u00f3s o treino, o tetracampe\u00e3o mundial explicou como aconteceu o acidente<\/p>\n","protected":false},"author":0,"featured_media":1000422152,"comment_status":"closed","ping_status":"closed","sticky":false,"template":"","format":"standard","meta":{"42wp_featured_image_caption":"","42wp_featured_image_credits":"","42wp_featured_video":"","42wp_featured_image_hidden":false,"42wp_authors_list":[],"footnotes":""},"categories":[2],"tags":[487,147,118,207,24837,24860,24975,210,25442],"42wp_author":[47135],"class_list":["post-126748","post","type-post","status-publish","format-standard","has-post-thumbnail","hentry","category-f1","tag-acidente","tag-f1","tag-f1-2020","tag-ferrari","tag-formula-1-2","tag-formula-1-2020-2","tag-gp-da-russia-2","tag-sebastian-vettel","tag-sochi-2","42wp_author-pedro-luis-cuenca"],"_links":{"self":[{"href":"https:\/\/grandepremio.com\/br\/wp-json\/wp\/v2\/posts\/126748","targetHints":{"allow":["GET"]}}],"collection":[{"href":"https:\/\/grandepremio.com\/br\/wp-json\/wp\/v2\/posts"}],"about":[{"href":"https:\/\/grandepremio.com\/br\/wp-json\/wp\/v2\/types\/post"}],"replies":[{"embeddable":true,"href":"https:\/\/grandepremio.com\/br\/wp-json\/wp\/v2\/comments?post=126748"}],"version-history":[{"count":0,"href":"https:\/\/grandepremio.com\/br\/wp-json\/wp\/v2\/posts\/126748\/revisions"}],"wp:featuredmedia":[{"embeddable":true,"href":"https:\/\/grandepremio.com\/br\/wp-json\/wp\/v2\/media\/1000422152"}],"wp:attachment":[{"href":"https:\/\/grandepremio.com\/br\/wp-json\/wp\/v2\/media?parent=126748"}],"wp:term":[{"taxonomy":"category","embeddable":true,"href":"https:\/\/grandepremio.com\/br\/wp-json\/wp\/v2\/categories?post=126748"},{"taxonomy":"post_tag","embeddable":true,"href":"https:\/\/grandepremio.com\/br\/wp-json\/wp\/v2\/tags?post=126748"},{"taxonomy":"42wp_author","embeddable":true,"href":"https:\/\/grandepremio.com\/br\/wp-json\/wp\/v2\/42wp_author?post=126748"}],"curies":[{"name":"wp","href":"https:\/\/api.w.org\/{rel}","templated":true}]}}