{"id":126775,"date":"2020-09-25T16:14:49","date_gmt":"2020-09-25T19:14:49","guid":{"rendered":"https:\/\/grandepremio.com\/br\/noticias\/mesmo-com-desempenho-decente-dupla-da-ferrari-ainda-pede-melhora-na-russia\/"},"modified":"2020-09-25T16:14:55","modified_gmt":"2020-09-25T19:14:55","slug":"mesmo-com-desempenho-decente-dupla-da-ferrari-ainda-pede-melhora-na-russia","status":"publish","type":"post","link":"https:\/\/grandepremio.com\/br\/f1\/mesmo-com-desempenho-decente-dupla-da-ferrari-ainda-pede-melhora-na-russia\/","title":{"rendered":"Mesmo com desempenho &#8220;decente&#8221;, dupla da Ferrari ainda pede melhora na R\u00fassia"},"content":{"rendered":"\n<figure class=\"wp-block-embed-youtube wp-block-embed is-type-video is-provider-youtube wp-embed-aspect-16-9 wp-has-aspect-ratio\"><div class=\"wp-block-embed__wrapper\">\n<iframe loading=\"lazy\" title=\"CHRISTIAN FITTIPALDI e o confronto de gera\u00e7\u00f5es da F1 | Cadeira Cativa #25\" width=\"500\" height=\"281\" src=\"https:\/\/www.youtube.com\/embed\/eFbj-Exgsrc?feature=oembed\" frameborder=\"0\" allow=\"accelerometer; autoplay; clipboard-write; encrypted-media; gyroscope; picture-in-picture; web-share\" referrerpolicy=\"strict-origin-when-cross-origin\" allowfullscreen><\/iframe>\n<\/div><\/figure>\n\n\n\n<p class=\"wp-block-paragraph\">A Ferrari ter\u00e1 dias de mais tranquilidade em S\u00f3chi? Ao menos nesta sexta-feira, a equipe italiana mostrou desempenho melhor do que tem sido o costume nas \u00faltimas etapas. O <a href=\"https:\/\/www.grandepremio.com\/br\/f1\/noticias\/bottas-lidera-1-2-da-mercedes-e-fecha-sexta-feira-na-frente-na-russia-ricciardo-e-3o\/\">segundo treino livre<\/a>, por exemplo, terminou com Charles Leclerc e Sebastian Vettel respectivamente na oitava e d\u00e9cima posi\u00e7\u00f5es. Os dois viram desempenho positivo, mas a dupla da Ferrari saiu com impress\u00f5es diferentes.<\/p>\n\n\n\n<p class=\"wp-block-paragraph\">Vettel gostou mais do dia que teve, sobretudo quando comparando o que conseguiu na pista aos demais &#8211; Mercedes \u00e0 parte.<\/p>\n\n\n\n<p class=\"wp-block-paragraph\">&#8220;A sexta-feira n\u00e3o foi muito ruim. Nosso carro parecia ter desempenho melhor que nas \u00faltimas corridas. Sabemos que ainda h\u00e1 espa\u00e7o para melhora, mas, comparando com os outros, a n\u00e3o ser os dois primeiros colocados, d\u00e1 para ver que foi um dia decente&#8221;, afirmou.<\/p>\n\n\n\n<p class=\"wp-block-paragraph\">&#8220;A classifica\u00e7\u00e3o ser\u00e1 bem apertada amanh\u00e3, n\u00e3o ser\u00e1 f\u00e1cil acertar uma volta inteira. Assim, \u00e9 importante dar voltas limpas, evitar os erros e deixar tudo acontecendo de maneira natural&#8221;, finalizou.<\/p>\n\n\n\n<figure class=\"wp-block-image size-large\"><img decoding=\"async\" src=\"https:\/\/www.grandepremio.com\/br\/wp-content\/uploads\/2020\/09\/ferrari-charlesleclerc-01-6-1024x683.jpg\" alt=\"\" class=\"wp-image-421808\"\/><figcaption>Charles Leclerc saindo dos boxes durante o segundo treino livre na R\u00fassia (Foto: Ferrari)<\/figcaption><\/figure>\n\n\n\n<p class=\"wp-block-paragraph\">J\u00e1 Leclerc, apesar da performance razo\u00e1vel, ainda n\u00e3o gostou muito do que teve no carro.<\/p>\n\n\n\n<p class=\"wp-block-paragraph\">&#8220;Tivemos dificuldades hoje, mas nossos tempos de volta foram melhores que o esperado. A coisa principal em que temos de focar \u00e9 o equil\u00edbrio, porque acredito que temos algo a melhorar em desempenho e dirigibilidade&#8221;, comentou.<\/p>\n\n\n\n<p class=\"wp-block-paragraph\">&#8220;Nesta pista, a situa\u00e7\u00e3o da classifica\u00e7\u00e3o \u00e9 totalmente diferente da corrida, o que complica para acertar o ajuste. Temos muito trabalho a fazer para amanh\u00e3&#8221;, encerrou o segundo membro da dupla da Ferrari.<\/p>\n\n\n\n<p class=\"wp-block-paragraph\">A F\u00f3rmula 1 volta a acelerar a partir das 6h deste s\u00e1bado com o terceiro treino livre do GP da R\u00fassia. O\u00a0<strong>GRANDE PR\u00caMIO<\/strong>\u00a0<a href=\"https:\/\/www.grandepremio.com\/br\/ao-vivo\/f1\/gp-da-russia-2020-treinos-livres\/\">acompanha tudo AO VIVO e em TEMPO REAL<\/a>.<\/p>\n\n\n\n<p class=\"wp-block-paragraph\"><strong>Conhe\u00e7a o canal do Grande Pr\u00eamio no YouTube! Clique\u00a0<a href=\"https:\/\/youtube.com\/GrandePremioTV\" target=\"_blank\" rel=\"noreferrer noopener\">aqui<\/a>.<br>Siga o Grande Pr\u00eamio no\u00a0<a href=\"https:\/\/twitter.com\/grandepremio\" target=\"_blank\" rel=\"noreferrer noopener\">Twitter\u00a0<\/a>e no\u00a0<a href=\"https:\/\/instagram.com\/grandepremio\" target=\"_blank\" rel=\"noreferrer noopener\">Instagram<\/a>!<\/strong><\/p>\n","protected":false},"excerpt":{"rendered":"<p>A dupla da Ferrari, formada por Vettel e Leclerc, ficou at\u00e9 acima do que esperava na sexta-feira de S\u00f3chi, mas ainda n\u00e3o \u00e9 o bastante<\/p>\n","protected":false},"author":0,"featured_media":1000421810,"comment_status":"closed","ping_status":"closed","sticky":false,"template":"","format":"standard","meta":{"42wp_featured_image_caption":"","42wp_featured_image_credits":"","42wp_featured_video":"","42wp_featured_image_hidden":false,"42wp_authors_list":[],"footnotes":""},"categories":[2],"tags":[209,118,207,157,159,158,210,3349],"42wp_author":[47120],"class_list":["post-126775","post","type-post","status-publish","format-standard","has-post-thumbnail","hentry","category-f1","tag-charles-leclerc","tag-f1-2020","tag-ferrari","tag-formula-1-2020","tag-horarios-da-f1","tag-horarios-da-formula-1","tag-sebastian-vettel","tag-sochi","42wp_author-pedro-henrique-marum"],"_links":{"self":[{"href":"https:\/\/grandepremio.com\/br\/wp-json\/wp\/v2\/posts\/126775","targetHints":{"allow":["GET"]}}],"collection":[{"href":"https:\/\/grandepremio.com\/br\/wp-json\/wp\/v2\/posts"}],"about":[{"href":"https:\/\/grandepremio.com\/br\/wp-json\/wp\/v2\/types\/post"}],"replies":[{"embeddable":true,"href":"https:\/\/grandepremio.com\/br\/wp-json\/wp\/v2\/comments?post=126775"}],"version-history":[{"count":0,"href":"https:\/\/grandepremio.com\/br\/wp-json\/wp\/v2\/posts\/126775\/revisions"}],"wp:featuredmedia":[{"embeddable":true,"href":"https:\/\/grandepremio.com\/br\/wp-json\/wp\/v2\/media\/1000421810"}],"wp:attachment":[{"href":"https:\/\/grandepremio.com\/br\/wp-json\/wp\/v2\/media?parent=126775"}],"wp:term":[{"taxonomy":"category","embeddable":true,"href":"https:\/\/grandepremio.com\/br\/wp-json\/wp\/v2\/categories?post=126775"},{"taxonomy":"post_tag","embeddable":true,"href":"https:\/\/grandepremio.com\/br\/wp-json\/wp\/v2\/tags?post=126775"},{"taxonomy":"42wp_author","embeddable":true,"href":"https:\/\/grandepremio.com\/br\/wp-json\/wp\/v2\/42wp_author?post=126775"}],"curies":[{"name":"wp","href":"https:\/\/api.w.org\/{rel}","templated":true}]}}