{"id":126784,"date":"2020-09-25T12:19:10","date_gmt":"2020-09-25T15:19:10","guid":{"rendered":"https:\/\/grandepremio.com\/br\/noticias\/chefe-da-mercedes-ate-elogia-novo-ceo-da-formula-1-mas-diz-vai-tentar-nos-frear\/"},"modified":"2020-09-25T12:31:33","modified_gmt":"2020-09-25T15:31:33","slug":"chefe-da-mercedes-ate-elogia-novo-ceo-da-formula-1-mas-diz-vai-tentar-nos-frear","status":"publish","type":"post","link":"https:\/\/grandepremio.com\/br\/f1\/chefe-da-mercedes-ate-elogia-novo-ceo-da-formula-1-mas-diz-vai-tentar-nos-frear\/","title":{"rendered":"Chefe da Mercedes at\u00e9 elogia novo CEO da F\u00f3rmula 1, mas diz: &#8220;Vai tentar nos frear&#8221;"},"content":{"rendered":"\n<figure class=\"wp-block-embed-youtube wp-block-embed is-type-video is-provider-youtube wp-embed-aspect-16-9 wp-has-aspect-ratio\"><div class=\"wp-block-embed__wrapper\">\n<iframe loading=\"lazy\" title=\"CHRISTIAN FITTIPALDI e o confronto de gera\u00e7\u00f5es da F1 | Cadeira Cativa #25\" width=\"500\" height=\"281\" src=\"https:\/\/www.youtube.com\/embed\/eFbj-Exgsrc?feature=oembed\" frameborder=\"0\" allow=\"accelerometer; autoplay; clipboard-write; encrypted-media; gyroscope; picture-in-picture; web-share\" referrerpolicy=\"strict-origin-when-cross-origin\" allowfullscreen><\/iframe>\n<\/div><\/figure>\n\n\n\n<p class=\"wp-block-paragraph\">A F\u00f3rmula 1<a href=\"https:\/\/www.grandepremio.com\/br\/f1\/noticias\/bottas-lidera-1-2-da-mercedes-e-fecha-sexta-feira-na-frente-na-russia-ricciardo-e-3o\/\"> anunciou Stefano Domenicali como novo CEO<\/a> durante o segundo treino livre para o GP da R\u00fassia, na manh\u00e3 desta sexta-feira (25). O italiano, que j\u00e1 trabalhou na Ferrari e na FIA, vai substituir Chase Carey no comando da categoria a partir de 2021. A not\u00edcia repercutiu no paddock de S\u00f3chi, especialmente entre os dirigentes. Toto Wolff, chefe de equipe da Mercedes, foi um dos que comentou a mudan\u00e7a.<\/p>\n\n\n\n<p class=\"wp-block-paragraph\">&#8220;Estou feliz pelo Stefano. \u00c9 uma pessoa que entende corridas e seus neg\u00f3cios, ent\u00e3o \u00e9 uma boa escolha. Ele vai liderar a F\u00f3rmula 1 com integridade, mas com certeza vai tentar nos frear de qualquer jeito. \u00c9 parte do jogo&#8221;, afirmou o austr\u00edaco \u00e0 Sky Sports. A Mercedes conquistou todos os t\u00edtulos, de pilotos e construtores, desde 2014.<\/p>\n\n\n\n<p class=\"wp-block-paragraph\"><strong>Conhe\u00e7a o canal do Grande Pr\u00eamio no YouTube! Clique&nbsp;<a href=\"https:\/\/youtube.com\/GrandePremioTV\" target=\"_blank\" rel=\"noreferrer noopener\">aqui<\/a>.<br>Siga o Grande Pr\u00eamio no&nbsp;<a href=\"https:\/\/twitter.com\/grandepremio\" target=\"_blank\" rel=\"noreferrer noopener\">Twitter&nbsp;<\/a>e no&nbsp;<a href=\"https:\/\/instagram.com\/grandepremio\" target=\"_blank\" rel=\"noreferrer noopener\">Instagram<\/a>!<\/strong><\/p>\n\n\n\n<figure class=\"wp-block-image size-large\"><img decoding=\"async\" src=\"https:\/\/www.grandepremio.com\/br\/wp-content\/uploads\/2014\/03\/20143131048186_2014-f1-01-australia-QUI-stefano-domenicali_II.jpg\" alt=\"\" class=\"wp-image-332122\"\/><figcaption>Stefano Domenicali ser\u00e1 o novo chef\u00e3o da F1 (Foto: Reprodu\u00e7\u00e3o\/Ferrari)<\/figcaption><\/figure>\n\n\n\n<p class=\"wp-block-paragraph\">Questionado sobre uma poss\u00edvel mudan\u00e7a no futuro para um cargo de comando da F\u00f3rmula 1, como o de CEO, Wolff fez quest\u00e3o de desconversar e manteve um discurso de lealdade \u00e0 Mercedes. Ele est\u00e1 no time desde 2013 e, recentemente, viu seu nome especulado para sair da chefia do time. Rumores indicam que o austr\u00edaco pode assumir um papel executivo, saindo assim do dia a dia e viajando menos para as corridas..<\/p>\n\n\n\n<p class=\"wp-block-paragraph\">&#8220;Meu lugar \u00e9 com a Mercedes. Me sinto confort\u00e1vel. N\u00e3o sou apenas chefe da equipe, mas tamb\u00e9m parceiro. Juntos, acredito que podemos levar o time \u00e0 outro patamar&#8221;, completou.<\/p>\n\n\n\n<p class=\"wp-block-paragraph\">A F\u00f3rmula 1 volta a acelerar a partir das 6h deste s\u00e1bado com o terceiro treino livre do GP da R\u00fassia. O&nbsp;<strong>GRANDE PR\u00caMIO<\/strong>&nbsp;<a href=\"https:\/\/www.grandepremio.com\/br\/ao-vivo\/f1\/gp-da-russia-2020-treinos-livres\/\">acompanha tudo AO VIVO e em TEMPO REAL<\/a>.<\/p>\n","protected":false},"excerpt":{"rendered":"<p>Toto Wolff, chefe da Mercedes, n\u00e3o deixou de elogiar Stefano Domenicali, novo CEO da F\u00f3rmula 1, mas acredita que o dirigente vai tentar interromper o dom\u00ednio da equipe, campe\u00e3 de pilotos e construtores desde 2014<\/p>\n","protected":false},"author":0,"featured_media":1000413321,"comment_status":"closed","ping_status":"closed","sticky":false,"template":"","format":"standard","meta":{"42wp_featured_image_caption":"","42wp_featured_image_credits":"","42wp_featured_video":"","42wp_featured_image_hidden":false,"42wp_authors_list":[],"footnotes":""},"categories":[2],"tags":[147,118,24837,24860,24975,82,907,150],"42wp_author":[47135],"class_list":["post-126784","post","type-post","status-publish","format-standard","has-post-thumbnail","hentry","category-f1","tag-f1","tag-f1-2020","tag-formula-1-2","tag-formula-1-2020-2","tag-gp-da-russia-2","tag-mercedes","tag-stefano-domenicali","tag-toto-wolff","42wp_author-pedro-luis-cuenca"],"_links":{"self":[{"href":"https:\/\/grandepremio.com\/br\/wp-json\/wp\/v2\/posts\/126784","targetHints":{"allow":["GET"]}}],"collection":[{"href":"https:\/\/grandepremio.com\/br\/wp-json\/wp\/v2\/posts"}],"about":[{"href":"https:\/\/grandepremio.com\/br\/wp-json\/wp\/v2\/types\/post"}],"replies":[{"embeddable":true,"href":"https:\/\/grandepremio.com\/br\/wp-json\/wp\/v2\/comments?post=126784"}],"version-history":[{"count":0,"href":"https:\/\/grandepremio.com\/br\/wp-json\/wp\/v2\/posts\/126784\/revisions"}],"wp:featuredmedia":[{"embeddable":true,"href":"https:\/\/grandepremio.com\/br\/wp-json\/wp\/v2\/media\/1000413321"}],"wp:attachment":[{"href":"https:\/\/grandepremio.com\/br\/wp-json\/wp\/v2\/media?parent=126784"}],"wp:term":[{"taxonomy":"category","embeddable":true,"href":"https:\/\/grandepremio.com\/br\/wp-json\/wp\/v2\/categories?post=126784"},{"taxonomy":"post_tag","embeddable":true,"href":"https:\/\/grandepremio.com\/br\/wp-json\/wp\/v2\/tags?post=126784"},{"taxonomy":"42wp_author","embeddable":true,"href":"https:\/\/grandepremio.com\/br\/wp-json\/wp\/v2\/42wp_author?post=126784"}],"curies":[{"name":"wp","href":"https:\/\/api.w.org\/{rel}","templated":true}]}}