{"id":126785,"date":"2020-09-25T12:10:43","date_gmt":"2020-09-25T15:10:43","guid":{"rendered":"https:\/\/grandepremio.com\/br\/noticias\/nao-poderiam-ter-escolhido-alguem-melhor-hamilton-exalta-domenicali-como-ceo-da-f1\/"},"modified":"2020-09-25T12:15:34","modified_gmt":"2020-09-25T15:15:34","slug":"nao-poderiam-ter-escolhido-alguem-melhor-hamilton-exalta-domenicali-como-ceo-da-f1","status":"publish","type":"post","link":"https:\/\/grandepremio.com\/br\/f1\/nao-poderiam-ter-escolhido-alguem-melhor-hamilton-exalta-domenicali-como-ceo-da-f1\/","title":{"rendered":"\u201cN\u00e3o poderiam ter escolhido algu\u00e9m melhor\u201d: Hamilton exalta Domenicali como CEO da F1"},"content":{"rendered":"\n<figure class=\"wp-block-embed-youtube wp-block-embed is-type-video is-provider-youtube wp-embed-aspect-16-9 wp-has-aspect-ratio\"><div class=\"wp-block-embed__wrapper\">\n<iframe loading=\"lazy\" title=\"CHRISTIAN FITTIPALDI e o confronto de gera\u00e7\u00f5es da F1 | Cadeira Cativa #25\" width=\"500\" height=\"281\" src=\"https:\/\/www.youtube.com\/embed\/eFbj-Exgsrc?start=8&amp;feature=oembed\" frameborder=\"0\" allow=\"accelerometer; autoplay; clipboard-write; encrypted-media; gyroscope; picture-in-picture; web-share\" referrerpolicy=\"strict-origin-when-cross-origin\" allowfullscreen><\/iframe>\n<\/div><\/figure>\n\n\n\n<p class=\"wp-block-paragraph\">A confirma\u00e7\u00e3o da <a href=\"https:\/\/www.grandepremio.com\/br\/f1\/noticias\/liberty-media-confirma-domenicali-no-lugar-carey-chefia-f1-2021\/\">escolha de Stefano Domenicali, dirigente italiano de 55 anos que vai assumir como novo presidente e CEO da F\u00f3rmula 1 no lugar de Chase Carey a partir de 2021<\/a>, foi bastante elogiada por Lewis Hamilton. Nome maior da categoria na atualidade, o hexacampe\u00e3o do mundo destacou o car\u00e1ter do graduado em administra\u00e7\u00e3o pela Universidade de Bolonha e antigo chefe da Ferrari, entre 2008 e 2014.<\/p>\n\n\n\n<p class=\"wp-block-paragraph\">Entrevistado nesta sexta-feira (25) depois dos treinos livres do GP da R\u00fassia, em S\u00f3chi, Hamilton ressaltou a capacidade de trabalho do italiano nascido em \u00cdmola.<\/p>\n\n\n\n<figure class=\"wp-block-image size-large\"><img decoding=\"async\" src=\"https:\/\/www.grandepremio.com\/br\/wp-content\/uploads\/2020\/05\/Domenicali.jpg\" alt=\"STEFANO DOMENICALI; LAMBORGHINI;\" class=\"wp-image-421743\"\/><figcaption>Ex-CEO da Lamborghini, Stefano Domenicali vai comandar a F1 no lugar de Chase Carey (Foto: Lamborghini)<\/figcaption><\/figure>\n\n\n\n<p class=\"wp-block-paragraph\"><strong>Conhe\u00e7a o canal do Grande Pr\u00eamio no YouTube! Clique\u00a0<a href=\"https:\/\/youtube.com\/GrandePremioTV\" target=\"_blank\" rel=\"noreferrer noopener\">aqui<\/a>.<br>Siga o Grande Pr\u00eamio no\u00a0<a href=\"https:\/\/twitter.com\/grandepremio\" target=\"_blank\" rel=\"noreferrer noopener\">Twitter\u00a0<\/a>e no\u00a0<a href=\"https:\/\/instagram.com\/grandepremio\" target=\"_blank\" rel=\"noreferrer noopener\">Instagram<\/a>!<\/strong><\/p>\n\n\n\n<p class=\"wp-block-paragraph\">\u201cConhe\u00e7o Stefano muito bem. Ele \u00e9 um dos caras mais legais\u201d, afirmou o dono de 90 vit\u00f3rias e que, neste fim de semana, pode igualar o recorde de triunfos que hoje ainda pertence a Michael Schumacher.<\/p>\n\n\n\n<p class=\"wp-block-paragraph\">Na vis\u00e3o de Hamilton, n\u00e3o h\u00e1 reparos sobre a escolha feita pelo Liberty Media para substituir o dirigente norte-americano Chase Carey que, com a transi\u00e7\u00e3o na c\u00fapula da F\u00f3rmula 1 em 2021, vai assumir a fun\u00e7\u00e3o de presidente n\u00e3o-executivo.<\/p>\n\n\n\n<p class=\"wp-block-paragraph\">Para o hexacampe\u00e3o, Domenicali \u00e9 o melhor nome para assumir tamanha responsabilidade que hoje est\u00e1 sob os ombros de Carey.<\/p>\n\n\n\n<p class=\"wp-block-paragraph\">\u201cNa verdade, n\u00e3o acho que eles poderiam ter escolhido algu\u00e9m melhor, para ser sincero, para assumir as grandes responsabilidades que Chase tem. Ele fez um trabalho incr\u00edvel e sempre teve uma postura excelente\u201d, ressaltou.<\/p>\n\n\n\n<p class=\"wp-block-paragraph\">\u201cAcho que Stefano tem um grande cora\u00e7\u00e3o, uma boa fam\u00edlia. O futuro \u00e9 positivo\u201d, concluiu.<\/p>\n\n\n\n<p class=\"wp-block-paragraph\">O <strong>GRANDE PR\u00caMIO<\/strong> acompanha, <a href=\"http:\/\/bit.ly\/TLGPRussia\">AO VIVO e em TEMPO REAL, todas as atividades do GP da R\u00fassia de F\u00f3rmula 1<\/a>. Siga tudo <a href=\"https:\/\/www.grandepremio.com\/br\/f1\/\">aqui<\/a>.<\/p>\n\n\n\n<figure class=\"wp-block-embed-youtube wp-block-embed is-type-video is-provider-youtube wp-embed-aspect-16-9 wp-has-aspect-ratio\"><div class=\"wp-block-embed__wrapper\">\n<iframe loading=\"lazy\" title=\"REI da F1, HAMILTON est\u00e1 prestes a ser MAIOR DA HIST\u00d3RIA | GP \u00e0s 10\" width=\"500\" height=\"281\" src=\"https:\/\/www.youtube.com\/embed\/RrduE6vpOhs?feature=oembed\" frameborder=\"0\" allow=\"accelerometer; autoplay; clipboard-write; encrypted-media; gyroscope; picture-in-picture; web-share\" referrerpolicy=\"strict-origin-when-cross-origin\" allowfullscreen><\/iframe>\n<\/div><\/figure>\n","protected":false},"excerpt":{"rendered":"<p>Lewis Hamilton destacou o car\u00e1ter do dirigente italiano que, a partir de 2021, vai substituir Chase Carey como dirigente m\u00e1ximo da F\u00f3rmula 1: \u201c\u00c9 um dos caras mais legais\u201d, disse<\/p>\n","protected":false},"author":0,"featured_media":1000421831,"comment_status":"closed","ping_status":"closed","sticky":false,"template":"","format":"standard","meta":{"42wp_featured_image_caption":"","42wp_featured_image_credits":"","42wp_featured_video":"","42wp_featured_image_hidden":false,"42wp_authors_list":[],"footnotes":""},"categories":[2],"tags":[771,24837,24836,87,714,907],"42wp_author":[47110],"class_list":["post-126785","post","type-post","status-publish","format-standard","has-post-thumbnail","hentry","category-f1","tag-chase-carey","tag-formula-1-2","tag-grande-premio-2","tag-lewis-hamilton","tag-liberty-media","tag-stefano-domenicali","42wp_author-fernando-silva"],"_links":{"self":[{"href":"https:\/\/grandepremio.com\/br\/wp-json\/wp\/v2\/posts\/126785","targetHints":{"allow":["GET"]}}],"collection":[{"href":"https:\/\/grandepremio.com\/br\/wp-json\/wp\/v2\/posts"}],"about":[{"href":"https:\/\/grandepremio.com\/br\/wp-json\/wp\/v2\/types\/post"}],"replies":[{"embeddable":true,"href":"https:\/\/grandepremio.com\/br\/wp-json\/wp\/v2\/comments?post=126785"}],"version-history":[{"count":0,"href":"https:\/\/grandepremio.com\/br\/wp-json\/wp\/v2\/posts\/126785\/revisions"}],"wp:featuredmedia":[{"embeddable":true,"href":"https:\/\/grandepremio.com\/br\/wp-json\/wp\/v2\/media\/1000421831"}],"wp:attachment":[{"href":"https:\/\/grandepremio.com\/br\/wp-json\/wp\/v2\/media?parent=126785"}],"wp:term":[{"taxonomy":"category","embeddable":true,"href":"https:\/\/grandepremio.com\/br\/wp-json\/wp\/v2\/categories?post=126785"},{"taxonomy":"post_tag","embeddable":true,"href":"https:\/\/grandepremio.com\/br\/wp-json\/wp\/v2\/tags?post=126785"},{"taxonomy":"42wp_author","embeddable":true,"href":"https:\/\/grandepremio.com\/br\/wp-json\/wp\/v2\/42wp_author?post=126785"}],"curies":[{"name":"wp","href":"https:\/\/api.w.org\/{rel}","templated":true}]}}