{"id":12682,"date":"2026-01-28T17:10:27","date_gmt":"2026-01-28T20:10:27","guid":{"rendered":"https:\/\/grandepremio.com\/br\/noticias\/andrea-kimi-antonelli-valoriza-quilometragem-progresso-mercedes-em-3o-dia-testes\/"},"modified":"2026-01-28T17:49:23","modified_gmt":"2026-01-28T20:49:23","slug":"andrea-kimi-antonelli-valoriza-quilometragem-progresso-mercedes-em-3o-dia-testes","status":"publish","type":"post","link":"https:\/\/grandepremio.com\/br\/f1\/andrea-kimi-antonelli-valoriza-quilometragem-progresso-mercedes-em-3o-dia-testes\/","title":{"rendered":"Antonelli valoriza quilometragem e progresso da Mercedes em 3\u00ba dia de testes"},"content":{"rendered":"\n<p class=\"wp-block-paragraph\"><strong>Andrea Kimi Antonelli<\/strong> destacou o progresso da <strong>Mercedes<\/strong> durante o terceiro dia de testes da <strong>F1<\/strong> em <strong>Barcelona<\/strong>, o segundo em que a equipe de <strong>Brackley<\/strong> foi \u00e0 pista, realizado nesta <strong>quarta-feira (28)<\/strong>. Sem mencionar o fato de ter alcan\u00e7ado o melhor tempo da pr\u00e9-temporada at\u00e9 aqui \u2014 <strong>1min17s362<\/strong> \u2014, o italiano ressaltou a alta quilometragem acumulada e a simula\u00e7\u00e3o de corrida realizada ao longo do dia.<\/p>\n\n\n\n<p class=\"wp-block-paragraph\">Antonelli tamb\u00e9m apontou que o grande n\u00famero de voltas com o<strong> W17<\/strong> tem aumentado a confian\u00e7a com o carro, que \u00e9 completamente diferente do modelo utilizado pela Mercedes na \u00faltima temporada, quando fez sua estreia na F1.<\/p>\n\n\n\n<p class=\"wp-block-paragraph\">&#8220;Foi um dia melhor, porque o primeiro acabou sendo um pouco prejudicado pela pista molhada pela manh\u00e3. Ent\u00e3o, foi muito agrad\u00e1vel. \u00c0 tarde, dei muitas voltas e consegui simular uma corrida, o que foi legal. O mais importante \u00e9 que completamos muitas voltas, acumulamos bastante quilometragem e coletamos muitos dados para a equipe. No geral, foi um bom dia&#8221;, disse Antonelli.<\/p>\n\n\n\n<p class=\"wp-block-paragraph\">&#8220;Com certeza [estou cada vez mais confort\u00e1vel]. Esse carro \u00e9 completamente novo e representa um salto bem grande em rela\u00e7\u00e3o ao do ano passado. Ent\u00e3o, sempre que entro no carro, ganho um pouco mais de confian\u00e7a. Ao longo do stint, fui aprendendo mais sobre o carro, entendendo os limites e onde d\u00e1 para for\u00e7ar um pouco mais. \u00c9 um aprendizado constante toda vez que vamos \u00e0 pista, mas at\u00e9 agora tem sido positivo&#8221;, completou.<\/p>\n\n\n\n<figure class=\"wp-block-image size-large\"><img decoding=\"async\" src=\"https:\/\/www.grandepremio.com\/br\/wp-content\/uploads\/2026\/01\/mercedes-kimi-antonelli-f1-2026-testes-barcelona-1200x727.jpg\" alt=\"\" class=\"wp-image-1052890\"\/><figcaption class=\"wp-element-caption\">Andrea Kimi Antonelli (Foto: Mercedes)<\/figcaption><\/figure>\n\n\n\n<p class=\"wp-block-paragraph\">A Mercedes ainda tem mais um dia de testes em Barcelona, que pode ser utilizado nesta quinta-feira (29) ou na sexta-feira (30). Antonelli indicou qual deve ser o foco da equipe da montadora alem\u00e3 quando voltar \u00e0 pista no circuito espanhol.<\/p>\n\n\n\n<p class=\"wp-block-paragraph\">&#8220;Ainda vamos trabalhar em stints longos, tentando entender ainda melhor o desgaste e o comportamento dos pneus. Tamb\u00e9m vamos focar no acerto, buscando um compromisso melhor. Talvez fa\u00e7amos algumas voltas r\u00e1pidas para entender os diferentes modos de motor para a classifica\u00e7\u00e3o, porque a diferen\u00e7a em rela\u00e7\u00e3o ao ritmo normal \u00e9 bem grande. A ideia \u00e9 continuar trabalhando de forma completa, em todos os aspectos, e alcan\u00e7ar uma compreens\u00e3o ainda maior do carro&#8221;, encerrou Antonelli.<\/p>\n\n\n\n<p class=\"wp-block-paragraph\">A<strong>\u00a0F\u00f3rmula 1\u00a0<\/strong>est\u00e1 em\u00a0<strong>Barcelona\u00a0<\/strong>esta semana para a primeira bateria de testes coletivos da temporada 2026. Depois seguir\u00e3o para o\u00a0<strong>Bahrein<\/strong>, onde acontecem mais duas rodadas: de 11 a 13 e, depois, de 18 a 20 de fevereiro. O\u00a0<strong>GRANDE PR\u00caMIO<\/strong>\u00a0acompanha todas as atividades.<\/p>\n\n\n\n<p class=\"wp-block-paragraph\">\u25b6\ufe0f&nbsp;<strong>Inscreva-se nos dois canais do GRANDE PR\u00caMIO no YouTube:&nbsp;<a href=\"https:\/\/www.youtube.com\/channel\/UC9OlHEgxoaY6QY6nWPoiqQg?sub_confirmation=1\" target=\"_blank\" rel=\"noreferrer noopener\">GP<\/a>&nbsp;|&nbsp;<a href=\"https:\/\/www.youtube.com\/channel\/UC9csiS6q_C3C0FYhyr1rnFA?sub_confirmation=1\" target=\"_blank\" rel=\"noreferrer noopener\">GP2<\/a><\/strong><\/p>\n\n\n\n<h2 class=\"wp-block-heading\" id=\"h-f1-hoje-saiba-aqui-as-noticias-mais-importantes-do-dia-da-formula-1\"><strong>F1 hoje: saiba aqui as not\u00edcias mais importantes do dia da F\u00f3rmula 1<\/strong><\/h2>\n\n\n\n<p class=\"wp-block-paragraph\"><strong>\u25b6\ufe0f&nbsp;<a href=\"https:\/\/www.grandepremio.com\/br\/video\/f1\/lando-norris-abre-trabalhos-mclaren-mcl40-durante-testes-f1-barcelona\/\">Norris abre trabalhos da McLaren com MCL40 durante testes da F1 em Barcelona<\/a><br>\u25b6\ufe0f&nbsp;<a href=\"https:\/\/www.grandepremio.com\/br\/f1\/noticias\/oliver-bearman-para-curva-2-causa-2a-bandeira-vermelha-dia-3-teste-barcelona\/\">Bearman para na curva 2 e causa 2\u00aa bandeira vermelha no dia 3 do teste de Barcelona<\/a><br>\u25b6\ufe0f&nbsp;<a href=\"https:\/\/www.grandepremio.com\/br\/video\/f1\/nico-hulkenberg-para-pista-tem-carro-rebocado-durante-testes-f1-2026-barcelona\/\">H\u00fclkenberg para na pista e tem carro rebocado durante testes da F1 2026 em Barcelona<\/a><\/strong><\/p>\n\n\n\n<figure class=\"wp-block-embed is-type-video is-provider-youtube wp-block-embed-youtube wp-embed-aspect-16-9 wp-has-aspect-ratio\"><div class=\"wp-block-embed__wrapper\">\n<iframe loading=\"lazy\" title=\"AUDI COM PROBLEMAS, MERCEDES MOSTRA FOR\u00c7A: DIA 3 DOS TESTES DA F1 | Briefing\" width=\"500\" height=\"281\" src=\"https:\/\/www.youtube.com\/embed\/I4IfVAbpWkE?feature=oembed\" frameborder=\"0\" allow=\"accelerometer; autoplay; clipboard-write; encrypted-media; gyroscope; picture-in-picture; web-share\" referrerpolicy=\"strict-origin-when-cross-origin\" allowfullscreen><\/iframe>\n<\/div><\/figure>\n","protected":false},"excerpt":{"rendered":"<p>Andrea Kimi Antonelli passou ao largo do fato de ter alcan\u00e7ado o melhor tempo da pr\u00e9-temporada e preferiu focar na evolu\u00e7\u00e3o da Mercedes<\/p>\n","protected":false},"author":0,"featured_media":1001052891,"comment_status":"closed","ping_status":"closed","sticky":false,"template":"","format":"standard","meta":{"42wp_featured_image_caption":"","42wp_featured_image_credits":"","42wp_featured_video":"","42wp_featured_image_hidden":false,"42wp_authors_list":[],"footnotes":""},"categories":[2],"tags":[20491,970,729,29516,207,350,1390,1491,28285,31949,2810,13814,39291,2780,595,34502,90,82,217,30904,1521,6285,2693,27382,30336,27452,38179,204,4873,30847,18951,1979,6303,9685],"42wp_author":[47155],"class_list":["post-12682","post","type-post","status-publish","format-standard","has-post-thumbnail","hentry","category-f1","tag-alpine","tag-audi","tag-cadillac","tag-f1-2026","tag-ferrari","tag-gabriel-bortoleto","tag-gasly","tag-grande-premio","tag-grandepremio","tag-hadjar","tag-hamilton","tag-hulkenberg","tag-hulkenberg-audi","tag-leclerc","tag-liam-lawson","tag-lindblad","tag-mclaren","tag-mercedes","tag-motor-mercedes","tag-motores-f1","tag-nico-hulkenberg","tag-norris","tag-novo-regulamento-f1","tag-perez","tag-piastri","tag-pre-temporada-f1","tag-racing-bulls","tag-red-bull","tag-regulamento-f1","tag-russell","tag-testes-coletivos-f1","tag-testes-f1","tag-testes-f1-barcelona","tag-verstappen","42wp_author-daniel-balsa"],"_links":{"self":[{"href":"https:\/\/grandepremio.com\/br\/wp-json\/wp\/v2\/posts\/12682","targetHints":{"allow":["GET"]}}],"collection":[{"href":"https:\/\/grandepremio.com\/br\/wp-json\/wp\/v2\/posts"}],"about":[{"href":"https:\/\/grandepremio.com\/br\/wp-json\/wp\/v2\/types\/post"}],"replies":[{"embeddable":true,"href":"https:\/\/grandepremio.com\/br\/wp-json\/wp\/v2\/comments?post=12682"}],"version-history":[{"count":0,"href":"https:\/\/grandepremio.com\/br\/wp-json\/wp\/v2\/posts\/12682\/revisions"}],"wp:featuredmedia":[{"embeddable":true,"href":"https:\/\/grandepremio.com\/br\/wp-json\/wp\/v2\/media\/1001052891"}],"wp:attachment":[{"href":"https:\/\/grandepremio.com\/br\/wp-json\/wp\/v2\/media?parent=12682"}],"wp:term":[{"taxonomy":"category","embeddable":true,"href":"https:\/\/grandepremio.com\/br\/wp-json\/wp\/v2\/categories?post=12682"},{"taxonomy":"post_tag","embeddable":true,"href":"https:\/\/grandepremio.com\/br\/wp-json\/wp\/v2\/tags?post=12682"},{"taxonomy":"42wp_author","embeddable":true,"href":"https:\/\/grandepremio.com\/br\/wp-json\/wp\/v2\/42wp_author?post=12682"}],"curies":[{"name":"wp","href":"https:\/\/api.w.org\/{rel}","templated":true}]}}