{"id":126868,"date":"2020-09-23T07:06:53","date_gmt":"2020-09-23T10:06:53","guid":{"rendered":"https:\/\/grandepremio.com\/br\/noticias\/com-netflix-em-sochi-mercedes-recorda-2019-e-torce-por-boa-corrida-e-bom-conteudo\/"},"modified":"2020-09-23T07:06:58","modified_gmt":"2020-09-23T10:06:58","slug":"com-netflix-em-sochi-mercedes-recorda-2019-e-torce-por-boa-corrida-e-bom-conteudo","status":"publish","type":"post","link":"https:\/\/grandepremio.com\/br\/f1\/com-netflix-em-sochi-mercedes-recorda-2019-e-torce-por-boa-corrida-e-bom-conteudo\/","title":{"rendered":"Com Netflix em S\u00f3chi, Mercedes recorda 2019 e torce por \u201cboa corrida e bom conte\u00fado\u201d"},"content":{"rendered":"\n<figure class=\"wp-block-embed-youtube wp-block-embed is-type-video is-provider-youtube wp-embed-aspect-16-9 wp-has-aspect-ratio\"><div class=\"wp-block-embed__wrapper\">\n<iframe loading=\"lazy\" title=\"REI da F1, HAMILTON est\u00e1 prestes a ser MAIOR DA HIST\u00d3RIA | GP \u00e0s 10\" width=\"500\" height=\"281\" src=\"https:\/\/www.youtube.com\/embed\/RrduE6vpOhs?feature=oembed\" frameborder=\"0\" allow=\"accelerometer; autoplay; clipboard-write; encrypted-media; gyroscope; picture-in-picture; web-share\" referrerpolicy=\"strict-origin-when-cross-origin\" allowfullscreen><\/iframe>\n<\/div><\/figure>\n\n\n\n<p class=\"wp-block-paragraph\">A Mercedes rendeu um dos epis\u00f3dios mais marcantes da segunda temporada de Drive to Survive, com a equipe do Netflix acompanhando em detalhes a atua\u00e7\u00e3o catastr\u00f3fica de Lewis Hamilton e Valtteri Bottas no GP da Alemanha de 2019. Um ano se passou e <strong><a href=\"https:\/\/www.grandepremio.com\/br\/f1\/noticias\/perto-de-igualar-recorde-de-vitorias-na-f1-hamilton-ganha-companhia-da-netflix-em-sochi\/\">as c\u00e2meras voltam a focar na escuderia<\/a><\/strong>, agora no GP da R\u00fassia. O chefe Toto Wolff quer ajudar a criar bom conte\u00fado, mas preferencialmente por conta de uma corrida positiva.<\/p>\n\n\n\n<p class=\"wp-block-paragraph\">\u201cO GP da R\u00fassia \u00e9 tamb\u00e9m a corrida em que a Netflix vai acompanhar nossa equipe para a terceira temporada de Drive to Survive\u201d, disse Wolff em comunicado da Mercedes. \u201cEles nos acompanharam em Hockenheim ano passado, quando celebramos nossa corrida em casa e nossos 125 anos de automobilismo\u201d, seguiu.&nbsp;<\/p>\n\n\n\n<figure class=\"wp-block-image size-large\"><img decoding=\"async\" src=\"https:\/\/www.grandepremio.com\/br\/wp-content\/uploads\/2019\/07\/20197281220868_000_1J61Y8_DMa.jpg\" alt=\"\" class=\"wp-image-362371\"\/><figcaption>Tudo deu errado para a Mercedes na Alemanha em 2019 (Foto: Mercedes)<\/figcaption><\/figure>\n\n\n\n<p class=\"wp-block-paragraph\"><strong>Conhe\u00e7a o canal do Grande Pr\u00eamio no YouTube! Clique\u00a0<a href=\"https:\/\/youtube.com\/GrandePremioTV\" target=\"_blank\" rel=\"noreferrer noopener\">aqui<\/a>.<br>Siga o Grande Pr\u00eamio no\u00a0<a href=\"https:\/\/twitter.com\/grandepremio\" target=\"_blank\" rel=\"noreferrer noopener\">Twitter\u00a0<\/a>e no\u00a0<a href=\"https:\/\/instagram.com\/grandepremio\" target=\"_blank\" rel=\"noreferrer noopener\">Instagram<\/a>!<\/strong><\/p>\n\n\n\n<p class=\"wp-block-paragraph\">\u201cAcabou sendo nossa pior corrida no ano. Isso rendeu um epis\u00f3dio muito empolgante para o Netflix, mas esse ano espero ter bom conte\u00fado e tamb\u00e9m uma boa corrida\u201d, recordou.<\/p>\n\n\n\n<p class=\"wp-block-paragraph\">A Netflix vai acompanhar a Mercedes como um todo, mas o foco de verdade \u00e9 em Lewis Hamilton. O GP da R\u00fassia \u00e9 a primeira chance do brit\u00e2nico de igualar o recorde de vit\u00f3rias na F\u00f3rmula 1, hoje pertencente a Michael Schumacher. O alem\u00e3o acumula 91 triunfos, enquanto o brit\u00e2nico chegou a 90 em Mugello.<\/p>\n\n\n\n<p class=\"wp-block-paragraph\">Se depender do hist\u00f3rico da Mercedes em S\u00f3chi, Hamilton tem boas chances. A equipe venceu todas as corridas realizadas na pista, presente no calend\u00e1rio desde 2014. Em contrapartida, o companheiro Valtteri Bottas \u00e9 dono de bom retrospecto em solo russo e tem chances de surgir mais forte do que de costume.<\/p>\n","protected":false},"excerpt":{"rendered":"<p>O GP da Alemanha de 2019 rendeu bom epis\u00f3dio em Drive to Survive, mas porque deu tudo errado para a Mercedes. Um ano depois, a escuderia volta a receber a equipe da Netflix<\/p>\n","protected":false},"author":0,"featured_media":0,"comment_status":"closed","ping_status":"closed","sticky":false,"template":"","format":"standard","meta":{"42wp_featured_image_caption":"","42wp_featured_image_credits":"","42wp_featured_video":"","42wp_featured_image_hidden":false,"42wp_authors_list":[],"footnotes":""},"categories":[2],"tags":[118,980,87,82,674,25442,150,612],"42wp_author":[47118],"class_list":["post-126868","post","type-post","status-publish","format-standard","hentry","category-f1","tag-f1-2020","tag-hockenheim","tag-lewis-hamilton","tag-mercedes","tag-netflix","tag-sochi-2","tag-toto-wolff","tag-valtteri-bottas","42wp_author-vitor-fazio"],"_links":{"self":[{"href":"https:\/\/grandepremio.com\/br\/wp-json\/wp\/v2\/posts\/126868","targetHints":{"allow":["GET"]}}],"collection":[{"href":"https:\/\/grandepremio.com\/br\/wp-json\/wp\/v2\/posts"}],"about":[{"href":"https:\/\/grandepremio.com\/br\/wp-json\/wp\/v2\/types\/post"}],"replies":[{"embeddable":true,"href":"https:\/\/grandepremio.com\/br\/wp-json\/wp\/v2\/comments?post=126868"}],"version-history":[{"count":0,"href":"https:\/\/grandepremio.com\/br\/wp-json\/wp\/v2\/posts\/126868\/revisions"}],"wp:attachment":[{"href":"https:\/\/grandepremio.com\/br\/wp-json\/wp\/v2\/media?parent=126868"}],"wp:term":[{"taxonomy":"category","embeddable":true,"href":"https:\/\/grandepremio.com\/br\/wp-json\/wp\/v2\/categories?post=126868"},{"taxonomy":"post_tag","embeddable":true,"href":"https:\/\/grandepremio.com\/br\/wp-json\/wp\/v2\/tags?post=126868"},{"taxonomy":"42wp_author","embeddable":true,"href":"https:\/\/grandepremio.com\/br\/wp-json\/wp\/v2\/42wp_author?post=126868"}],"curies":[{"name":"wp","href":"https:\/\/api.w.org\/{rel}","templated":true}]}}