{"id":126874,"date":"2020-09-22T19:29:29","date_gmt":"2020-09-22T22:29:29","guid":{"rendered":"https:\/\/grandepremio.com\/br\/noticias\/erick-goldner-poe-shell-na-lideranca-de-nova-competicao-nos-esports\/"},"modified":"2020-09-22T19:29:34","modified_gmt":"2020-09-22T22:29:34","slug":"erick-goldner-poe-shell-na-lideranca-de-nova-competicao-nos-esports","status":"publish","type":"post","link":"https:\/\/grandepremio.com\/br\/esports\/erick-goldner-poe-shell-na-lideranca-de-nova-competicao-nos-esports\/","title":{"rendered":"Erick Goldner coloca Shell na lideran\u00e7a em abertura de nova competi\u00e7\u00e3o nos eSports"},"content":{"rendered":"\n<figure class=\"wp-block-embed-youtube wp-block-embed is-type-video is-provider-youtube wp-embed-aspect-16-9 wp-has-aspect-ratio\"><div class=\"wp-block-embed__wrapper\">\n<iframe loading=\"lazy\" title=\"MOTOGP embolada, Le Mans e HAMILTON atr\u00e1s do recorde na F1 | Paddock GP #215\" width=\"500\" height=\"281\" src=\"https:\/\/www.youtube.com\/embed\/ewtbOaTpaY4?feature=oembed\" frameborder=\"0\" allow=\"accelerometer; autoplay; clipboard-write; encrypted-media; gyroscope; picture-in-picture; web-share\" referrerpolicy=\"strict-origin-when-cross-origin\" allowfullscreen><\/iframe>\n<\/div><\/figure>\n\n\n\n<p class=\"wp-block-paragraph\">Erick Goldner est\u00e1 de volta \u00e0 ativa. Ap\u00f3s algumas semanas de f\u00e9rias das competi\u00e7\u00f5es do automobilismo virtual, o mineiro de Juiz de Fora e membro da Shell e tamb\u00e9m piloto das equipes Crown Racing e W2 Racing para os eSports, iniciou nova competi\u00e7\u00e3o nesta semana. E na posi\u00e7\u00e3o em que se habituou a ocupar neste 2020 dourado: a lideran\u00e7a.<\/p>\n\n\n\n<p class=\"wp-block-paragraph\">A competi\u00e7\u00e3o da vez \u00e9 o Masters of Track Pro 2020, que abriu o campeonato com uma rodada dupla realizada na pista de Watkins Glen, nos Estados Unidos. Com acerto aberto, a disputa promovida pela iRacing Brasil \u00e9 disputada com modelo Porsche 911 GT3 Cup, modelo que <a href=\"https:\/\/www.grandepremio.com\/br\/esports\/noticias\/erick-goldner-confirma-titulo-do-masters-of-track-para-shell-racing\/\">Goldner, campe\u00e3o do Masters of Track<\/a>, est\u00e1 acostumado a pilotar no automobilismo virtual.<\/p>\n\n\n\n<figure class=\"wp-block-image size-large\"><img decoding=\"async\" src=\"https:\/\/www.grandepremio.com\/br\/wp-content\/uploads\/2020\/09\/P911-Watkins-4-1024x563.jpg\" alt=\"ESPORTS; ERICK GOLDNER; AUTOMOBILISMO VIRTUAL;\" class=\"wp-image-421125\"\/><figcaption>Erick Goldner somou pontos importantes e est\u00e1 na lideran\u00e7a do campeonato (Foto: Ferrari Promo)<\/figcaption><\/figure>\n\n\n\n<p class=\"wp-block-paragraph\"><strong>Conhe\u00e7a o canal do Grande Pr\u00eamio no YouTube! Clique\u00a0<a href=\"https:\/\/youtube.com\/GrandePremioTV\" target=\"_blank\" rel=\"noreferrer noopener\">aqui<\/a>.<br>Siga o Grande Pr\u00eamio no\u00a0<a href=\"https:\/\/twitter.com\/grandepremio\" target=\"_blank\" rel=\"noreferrer noopener\">Twitter\u00a0<\/a>e no\u00a0<a href=\"https:\/\/instagram.com\/grandepremio\" target=\"_blank\" rel=\"noreferrer noopener\">Instagram<\/a>!<\/strong><\/p>\n\n\n\n<p class=\"wp-block-paragraph\">Nesta semana, o piloto radicado em Bras\u00edlia garantiu dois top-5. Na primeira corrida, depois de ter perdido suas melhores tentativas de volta r\u00e1pida na classifica\u00e7\u00e3o, Goldner largou em s\u00e9timo. O competidor evoluiu ao longo da prova de 30 minutos de dura\u00e7\u00e3o, escalou o pelot\u00e3o e, na metade da corrida, j\u00e1 estava em segundo. No fim das contas, Erick recebeu a bandeirada com menos de 1s de desvantagem para o dono do triunfo, Eduardo Borgert.<\/p>\n\n\n\n<p class=\"wp-block-paragraph\">O regulamento, que compreende a invers\u00e3o do grid para os dez primeiros da corrida 1 no alinhamento inicial da segunda, fez com que Goldner largasse em nono na corrida 2. Inteligente, o mineiro fez uma prova do jeito que est\u00e1 acostumado: cerebral, o competidor evitou os incidentes \u00e0 sua frente e, logo na primeira volta, j\u00e1 era o quarto colocado quando houve o acionamento da bandeira amarela.<\/p>\n\n\n\n<p class=\"wp-block-paragraph\">Na relargada, o piloto da Shell subiu para terceiro e, pouco depois, j\u00e1 estava disputando a lideran\u00e7a, em embate com mais dois pilotos. O ritmo do l\u00edder, um pouco mais lento, permitiu a aproxima\u00e7\u00e3o de mais tr\u00eas competidores, que formaram um pelot\u00e3o de seis carros, o que proporcionou cen\u00e1rios como jogo de v\u00e1cuo e tr\u00eas carros alinhados lado a lado.<\/p>\n\n\n\n<figure class=\"wp-block-image size-large\"><img decoding=\"async\" src=\"https:\/\/www.grandepremio.com\/br\/wp-content\/uploads\/2020\/09\/P911-Watkins-6-1024x530.jpg\" alt=\"ESPORTS; ERICK GOLDNER; AUTOMOBILISMO VIRTUAL;\" class=\"wp-image-421126\"\/><figcaption>Erick Goldner entre o pelot\u00e3o de carros em disputa em Watkins Glen (Foto: Ferrari Promo)<\/figcaption><\/figure>\n\n\n\n<p class=\"wp-block-paragraph\">Na volta final, Goldner caiu para quinto, mas ganhou uma posi\u00e7\u00e3o depois do choque de um advers\u00e1rio no guard-rail e cruzou a linha de chegada na quarta coloca\u00e7\u00e3o, a somente 0s8 do vencedor.<\/p>\n\n\n\n<p class=\"wp-block-paragraph\">\u201cA primeira bateria foi uma quest\u00e3o meio at\u00edpica\u201d, comentou o piloto. \u201cQueimei as voltas da classifica\u00e7\u00e3o e sa\u00ed de s\u00e9timo, ent\u00e3o, tive de vir trabalhando para conseguir as posi\u00e7\u00f5es, mas o pessoal tamb\u00e9m saiu \u2018se matando\u2019, o que facilitou um pouco. No fim, tinha alguma diferen\u00e7a para o bloco de tr\u00e1s e fui ao meu limite para for\u00e7ar o ritmo, tirei a diferen\u00e7a para o l\u00edder, mas n\u00e3o tive como atacar pela vit\u00f3ria\u201d, explicou.<\/p>\n\n\n\n<p class=\"wp-block-paragraph\">\u201cNa segunda, foi uma quest\u00e3o de sobreviv\u00eancia. J\u00e1 vinha como o segundo na primeira prova, ent\u00e3o, corri um pouco pelos pontos. \u00c9 diferente quando o piloto abandona na primeira e vem sem nada a perder. Logo, pensei no campeonato, e o quarto lugar foi show de bola para os pontos e fundamental para sair na lideran\u00e7a\u201d, destacou o ponteiro da tabela.<\/p>\n\n\n\n<p class=\"wp-block-paragraph\">\u201cAgrade\u00e7o ao pessoal da Shell, Crown e W2 Racing pelo apoio ao longo do ano e espero represent\u00e1-los bem novamente neste campeonato\u201d, complementou Erick.<\/p>\n\n\n\n<p class=\"wp-block-paragraph\">A soma dos resultados da rodada dupla mostra Erick Goldner como l\u00edder do campeonato, que compreende mais cinco etapas. A pr\u00f3xima jornada da competi\u00e7\u00e3o est\u00e1 marcada para 5 de outubro e vai ser disputada na pista inglesa de Oulton Park. Antes, no primeiro dia do d\u00e9cimo m\u00eas, o mineiro vai competir a bordo de um LMP2 na abertura do P1Speed Sports Car Championship com a etapa no circuito de Suzuka.<\/p>\n\n\n\n<figure class=\"wp-block-embed-youtube wp-block-embed is-type-video is-provider-youtube wp-embed-aspect-16-9 wp-has-aspect-ratio\"><div class=\"wp-block-embed__wrapper\">\n<iframe loading=\"lazy\" title=\"Como a MERCEDES \u00e9 respons\u00e1vel pelo problema da F1 atual | GP \u00e0s 10\" width=\"500\" height=\"281\" src=\"https:\/\/www.youtube.com\/embed\/zuaO-KqvTI8?feature=oembed\" frameborder=\"0\" allow=\"accelerometer; autoplay; clipboard-write; encrypted-media; gyroscope; picture-in-picture; web-share\" referrerpolicy=\"strict-origin-when-cross-origin\" allowfullscreen><\/iframe>\n<\/div><\/figure>\n","protected":false},"excerpt":{"rendered":"<p>O mineiro de Juiz de Fora radicado em Bras\u00edlia iniciou a primeira rodada dupla do Masters of Track Pro 2020 com corridas em que terminou em segundo e quarto lugares em Watkins Glen<\/p>\n","protected":false},"author":0,"featured_media":1000421124,"comment_status":"closed","ping_status":"closed","sticky":false,"template":"","format":"standard","meta":{"42wp_featured_image_caption":"","42wp_featured_image_credits":"","42wp_featured_video":"","42wp_featured_image_hidden":false,"42wp_authors_list":[],"footnotes":""},"categories":[34],"tags":[3867,403,24836,444,443],"42wp_author":[47110],"class_list":["post-126874","post","type-post","status-publish","format-standard","has-post-thumbnail","hentry","category-esports","tag-automobilismo-virtual","tag-esports","tag-grande-premio-2","tag-shell","tag-shell-racing","42wp_author-fernando-silva"],"_links":{"self":[{"href":"https:\/\/grandepremio.com\/br\/wp-json\/wp\/v2\/posts\/126874","targetHints":{"allow":["GET"]}}],"collection":[{"href":"https:\/\/grandepremio.com\/br\/wp-json\/wp\/v2\/posts"}],"about":[{"href":"https:\/\/grandepremio.com\/br\/wp-json\/wp\/v2\/types\/post"}],"replies":[{"embeddable":true,"href":"https:\/\/grandepremio.com\/br\/wp-json\/wp\/v2\/comments?post=126874"}],"version-history":[{"count":0,"href":"https:\/\/grandepremio.com\/br\/wp-json\/wp\/v2\/posts\/126874\/revisions"}],"wp:featuredmedia":[{"embeddable":true,"href":"https:\/\/grandepremio.com\/br\/wp-json\/wp\/v2\/media\/1000421124"}],"wp:attachment":[{"href":"https:\/\/grandepremio.com\/br\/wp-json\/wp\/v2\/media?parent=126874"}],"wp:term":[{"taxonomy":"category","embeddable":true,"href":"https:\/\/grandepremio.com\/br\/wp-json\/wp\/v2\/categories?post=126874"},{"taxonomy":"post_tag","embeddable":true,"href":"https:\/\/grandepremio.com\/br\/wp-json\/wp\/v2\/tags?post=126874"},{"taxonomy":"42wp_author","embeddable":true,"href":"https:\/\/grandepremio.com\/br\/wp-json\/wp\/v2\/42wp_author?post=126874"}],"curies":[{"name":"wp","href":"https:\/\/api.w.org\/{rel}","templated":true}]}}