{"id":126892,"date":"2020-09-22T06:56:50","date_gmt":"2020-09-22T09:56:50","guid":{"rendered":"https:\/\/grandepremio.com\/br\/noticias\/rebellion-antecipa-saida-do-wec-apos-podio-nas-24h-de-le-mans\/"},"modified":"2020-09-22T06:59:06","modified_gmt":"2020-09-22T09:59:06","slug":"rebellion-antecipa-saida-do-wec-apos-podio-nas-24h-de-le-mans","status":"publish","type":"post","link":"https:\/\/grandepremio.com\/br\/endurance\/rebellion-antecipa-saida-do-wec-apos-podio-nas-24h-de-le-mans\/","title":{"rendered":"Rebellion antecipa sa\u00edda do Mundial de Endurance ap\u00f3s p\u00f3dio nas 24 Horas de Le Mans"},"content":{"rendered":"\n<figure class=\"wp-block-embed-youtube wp-block-embed is-type-video is-provider-youtube wp-embed-aspect-16-9 wp-has-aspect-ratio\"><div class=\"wp-block-embed__wrapper\">\n<iframe loading=\"lazy\" title=\"MOTOGP embolada, Le Mans e HAMILTON atr\u00e1s do recorde na F1 | Paddock GP #215\" width=\"500\" height=\"281\" src=\"https:\/\/www.youtube.com\/embed\/ewtbOaTpaY4?feature=oembed\" frameborder=\"0\" allow=\"accelerometer; autoplay; clipboard-write; encrypted-media; gyroscope; picture-in-picture; web-share\" referrerpolicy=\"strict-origin-when-cross-origin\" allowfullscreen><\/iframe>\n<\/div><\/figure>\n\n\n\n<p class=\"wp-block-paragraph\"><strong>Leia tamb\u00e9m<\/strong><br><a href=\"https:\/\/grandepremium.com.br\/analise\/materias\/os-melhores-resultados-de-brasileiros-em-le-mans\/\"><strong>GRANDE PREMIUM<\/strong>: <strong>Os melhores resultados de brasileiros em Le Mans<\/strong><\/a><\/p>\n\n\n\n<p class=\"wp-block-paragraph\">A Rebellion antecipou a sa\u00edda j\u00e1 prevista do grid do Mundial de Endurance e anunciou, nesta ter\u00e7a-feira (22), <a href=\"https:\/\/www.grandepremio.com\/br\/endurance\/noticias\/toyota-8-conta-com-sorte-novamente-e-vence-24-horas-de-le-mans-pela-3a-vez-seguida\/\">que encerrou seu ciclo na categoria com o p\u00f3dio conquistado por Bruno Senna, Norman Nato e Gustavo Menezes nas 24 Horas de Le Mans do \u00faltimo domingo<\/a>. Calim Bouhadra, CEO da Rebellion, confirmou a informa\u00e7\u00e3o \u00e0 revista brit\u00e2nica Autosport.<\/p>\n\n\n\n<p class=\"wp-block-paragraph\">A equipe su\u00ed\u00e7a condicionava a ida para a \u00faltima prova da supertemporada 2019\/20, as 8 Horas do Bahrein, prova marcada para 14 de novembro, \u00e0 possibilidade de ainda ter chances de disputar o t\u00edtulo. Mas a tripula\u00e7\u00e3o do carro #1 soma 145 pontos, contra 175 dos vencedores de Le Mans Brendon Hartley, Kazuki Nakajima e S\u00e9bastien Buemi, da Toyota.<\/p>\n\n\n\n<figure class=\"wp-block-image size-large\"><img decoding=\"async\" src=\"https:\/\/www.grandepremio.com\/br\/wp-content\/uploads\/2020\/09\/3-Rebellion.jpg\" alt=\"\" class=\"wp-image-420822\"\/><figcaption>Bruno Senna foi um dos pilotos do LMP1 na \u00faltima participa\u00e7\u00e3o da Rebellion no WEC (Foto: WEC)<\/figcaption><\/figure>\n\n\n\n<p class=\"wp-block-paragraph\"><strong>Conhe\u00e7a o canal do Grande Pr\u00eamio no YouTube! Clique\u00a0<a href=\"https:\/\/youtube.com\/GrandePremioTV\" target=\"_blank\" rel=\"noreferrer noopener\">aqui<\/a>.<br>Siga o Grande Pr\u00eamio no\u00a0<a href=\"https:\/\/twitter.com\/grandepremio\" target=\"_blank\" rel=\"noreferrer noopener\">Twitter\u00a0<\/a>e no\u00a0<a href=\"https:\/\/instagram.com\/grandepremio\" target=\"_blank\" rel=\"noreferrer noopener\">Instagram<\/a>!<\/strong><\/p>\n\n\n\n<p class=\"wp-block-paragraph\">Com 39 pontos em jogo no Bahrein, sendo um extra pela pole, a dire\u00e7\u00e3o da equipe entendeu que, mesmo ainda tendo chances matem\u00e1ticas de t\u00edtulo, n\u00e3o valeria, em termos de custos, seguir para o Oriente M\u00e9dio.<\/p>\n\n\n\n<p class=\"wp-block-paragraph\">Em Le Mans, apenas cinco LMP1 estiveram inscritos para disputar a prova, sendo dois da Toyota, dois da Rebellion e um da ByKolles, com o prot\u00f3tipo ENSO CLM P1. Mas uma vez que a ByKolles s\u00f3 tinha como projeto participar da corrida em La Sarthe, a sa\u00edda da Rebellion vai deixar o grid das 8 Horas do Bahrein com somente os dois carros da Toyota.<\/p>\n\n\n\n<p class=\"wp-block-paragraph\">Sendo assim, na principal classe do Mundial de Endurance, que sai de cena em novembro para dar lugar aos hipercarros, a luta do trio do Toyota #8 pelo t\u00edtulo mundial vai ser contra os companheiros de equipe e advers\u00e1rios do TS050 #7, com Kamui Kobayashi, Mike Conway e Jos\u00e9 Mar\u00eda \u2018Pechito\u2019 L\u00f3pez, que somam 168.<\/p>\n\n\n\n<p class=\"wp-block-paragraph\">Desta forma, quem terminar na frente as 8 Horas do Bahrein vai levar a \u00faltima ta\u00e7a de campe\u00e3o da classe LMP1 antes da transi\u00e7\u00e3o para uma nova era no Mundial de Endurance a partir de 2021.<\/p>\n\n\n\n<figure class=\"wp-block-embed-youtube wp-block-embed is-type-video is-provider-youtube wp-embed-aspect-16-9 wp-has-aspect-ratio\"><div class=\"wp-block-embed__wrapper\">\n<iframe loading=\"lazy\" title=\"Como a MERCEDES \u00e9 respons\u00e1vel pelo problema da F1 atual | GP \u00e0s 10\" width=\"500\" height=\"281\" src=\"https:\/\/www.youtube.com\/embed\/zuaO-KqvTI8?feature=oembed\" frameborder=\"0\" allow=\"accelerometer; autoplay; clipboard-write; encrypted-media; gyroscope; picture-in-picture; web-share\" referrerpolicy=\"strict-origin-when-cross-origin\" allowfullscreen><\/iframe>\n<\/div><\/figure>\n","protected":false},"excerpt":{"rendered":"<p>A equipe su\u00ed\u00e7a, que j\u00e1 havia confirmado o fim do ciclo na competi\u00e7\u00e3o, n\u00e3o vai correr a etapa final da supertemporada 2019\/20, no Bahrein, deixando o grid da classe LMP1 somente com os dois prot\u00f3tipos da Toyota <\/p>\n","protected":false},"author":0,"featured_media":1000420053,"comment_status":"closed","ping_status":"closed","sticky":false,"template":"","format":"standard","meta":{"42wp_featured_image_caption":"","42wp_featured_image_credits":"","42wp_featured_video":"","42wp_featured_image_hidden":false,"42wp_authors_list":[],"footnotes":""},"categories":[18],"tags":[1674,427,24836,1208,357,1673,178],"42wp_author":[47110],"class_list":["post-126892","post","type-post","status-publish","format-standard","has-post-thumbnail","hentry","category-endurance","tag-bruno-senna","tag-endurance","tag-grande-premio-2","tag-le-mans","tag-mundial-de-endurance","tag-rebellion","tag-toyota","42wp_author-fernando-silva"],"_links":{"self":[{"href":"https:\/\/grandepremio.com\/br\/wp-json\/wp\/v2\/posts\/126892","targetHints":{"allow":["GET"]}}],"collection":[{"href":"https:\/\/grandepremio.com\/br\/wp-json\/wp\/v2\/posts"}],"about":[{"href":"https:\/\/grandepremio.com\/br\/wp-json\/wp\/v2\/types\/post"}],"replies":[{"embeddable":true,"href":"https:\/\/grandepremio.com\/br\/wp-json\/wp\/v2\/comments?post=126892"}],"version-history":[{"count":0,"href":"https:\/\/grandepremio.com\/br\/wp-json\/wp\/v2\/posts\/126892\/revisions"}],"wp:featuredmedia":[{"embeddable":true,"href":"https:\/\/grandepremio.com\/br\/wp-json\/wp\/v2\/media\/1000420053"}],"wp:attachment":[{"href":"https:\/\/grandepremio.com\/br\/wp-json\/wp\/v2\/media?parent=126892"}],"wp:term":[{"taxonomy":"category","embeddable":true,"href":"https:\/\/grandepremio.com\/br\/wp-json\/wp\/v2\/categories?post=126892"},{"taxonomy":"post_tag","embeddable":true,"href":"https:\/\/grandepremio.com\/br\/wp-json\/wp\/v2\/tags?post=126892"},{"taxonomy":"42wp_author","embeddable":true,"href":"https:\/\/grandepremio.com\/br\/wp-json\/wp\/v2\/42wp_author?post=126892"}],"curies":[{"name":"wp","href":"https:\/\/api.w.org\/{rel}","templated":true}]}}