{"id":126907,"date":"2020-09-21T08:08:16","date_gmt":"2020-09-21T11:08:16","guid":{"rendered":"https:\/\/grandepremio.com\/br\/noticias\/nurburgring-segue-tendencia-e-anuncia-venda-de-20-mil-ingressos-para-novo-gp-de-eifel\/"},"modified":"2020-09-21T08:10:53","modified_gmt":"2020-09-21T11:10:53","slug":"nurburgring-segue-tendencia-e-anuncia-venda-de-20-mil-ingressos-para-novo-gp-de-eifel","status":"publish","type":"post","link":"https:\/\/grandepremio.com\/br\/f1\/nurburgring-segue-tendencia-e-anuncia-venda-de-20-mil-ingressos-para-novo-gp-de-eifel\/","title":{"rendered":"N\u00fcrburgring segue tend\u00eancia e anuncia venda de 20 mil ingressos para novo GP de Eifel"},"content":{"rendered":"\n<figure class=\"wp-block-embed-youtube wp-block-embed is-type-video is-provider-youtube wp-embed-aspect-16-9 wp-has-aspect-ratio\"><div class=\"wp-block-embed__wrapper\">\n<iframe loading=\"lazy\" title=\"JO\u00c3O PAULO DE OLIVEIRA: a carreira de quem viveu fora do eixo e longe da F1 | Cadeira Cativa #24\" width=\"500\" height=\"281\" src=\"https:\/\/www.youtube.com\/embed\/tAIM1ZcpMms?feature=oembed\" frameborder=\"0\" allow=\"accelerometer; autoplay; clipboard-write; encrypted-media; gyroscope; picture-in-picture; web-share\" referrerpolicy=\"strict-origin-when-cross-origin\" allowfullscreen><\/iframe>\n<\/div><\/figure>\n\n\n\n<p class=\"wp-block-paragraph\">O GP de Eifel, que marca o retorno de N\u00fcrburgring ao calend\u00e1rio da <strong><a href=\"https:\/\/www.grandepremio.com\/br\/f1\/\">F\u00f3rmula 1<\/a><\/strong>, \u00e9 mais um com presen\u00e7a de p\u00fablico confirmada. Seguindo tend\u00eancia j\u00e1 vista em outras corridas da F1 e em eventos esportivos na Alemanha, a administra\u00e7\u00e3o do aut\u00f3dromo confirmou o plano de receber at\u00e9 20 mil pessoas no GP.<\/p>\n\n\n\n<p class=\"wp-block-paragraph\">A pandemia do coronav\u00edrus for\u00e7ou, entretanto, uma estrat\u00e9gia diferente de venda. Os ingressos ser\u00e3o disponibilizados aos poucos, de arquibancada em arquibancada. Caso a segunda onda do coronav\u00edrus se intensifique na Alemanha, N\u00fcrburgring se reserva o direito de suspender a venda dos lotes finais e repensar a presen\u00e7a de p\u00fablico.<\/p>\n\n\n\n<p class=\"wp-block-paragraph\">Mesmo com tantas limita\u00e7\u00f5es, a venda de ingressos \u00e9 motivo de celebra\u00e7\u00e3o para N\u00fcrburgring. A administra\u00e7\u00e3o do aut\u00f3dromo sofre com problemas financeiros, o que inclusive levou \u00e0 aus\u00eancia no calend\u00e1rio da F1 de 2013 para c\u00e1. A receita extra certamente \u00e9 bem-vinda.<\/p>\n\n\n\n<figure class=\"wp-block-image size-large\"><img decoding=\"async\" src=\"https:\/\/www.grandepremio.com\/br\/wp-content\/uploads\/2015\/03\/201377148104_173102583_DMa.jpg\" alt=\"\" class=\"wp-image-269057\"\/><figcaption>A F1 volta a correr em N\u00fcrburgring ap\u00f3s longo hiato (Foto: Reprodu\u00e7\u00e3o)<\/figcaption><\/figure>\n\n\n\n<p class=\"wp-block-paragraph\"><strong>Conhe\u00e7a o canal do Grande Pr\u00eamio no YouTube! Clique\u00a0<a rel=\"noreferrer noopener\" href=\"https:\/\/youtube.com\/GrandePremioTV\" target=\"_blank\">aqui<\/a>.<br>Siga o Grande Pr\u00eamio no\u00a0<a rel=\"noreferrer noopener\" href=\"https:\/\/twitter.com\/grandepremio\" target=\"_blank\">Twitter\u00a0<\/a>e no\u00a0<a rel=\"noreferrer noopener\" href=\"https:\/\/instagram.com\/grandepremio\" target=\"_blank\">Instagram<\/a>!<\/strong><\/p>\n\n\n\n<p class=\"wp-block-paragraph\">\u201c\u00c9 importante para n\u00f3s nesse primeiro momento oferecer ingressos em diferentes categorias de pre\u00e7o. Claro, o coronav\u00edrus exige muitos funcion\u00e1rios e um esfor\u00e7o de planejamento. Tudo vira uma quest\u00e3o de custo, mas tamb\u00e9m quest\u00e3o de dar aos f\u00e3s a oportunidade de comprar ingressos e viver uma experi\u00eancia segura\u201d, disse Mirco Markfort, diretor de N\u00fcrburgring.<\/p>\n\n\n\n<p class=\"wp-block-paragraph\">A presen\u00e7a de 20 mil pessoas j\u00e1 \u00e9 um salto grande em rela\u00e7\u00e3o ao visto no GP da Toscana, primeiro com port\u00f5es abertos na F1 2020. Mugello teve presen\u00e7a de apenas 2.880 espectadores. Mesmo em partidas da Bundesliga, campeonato alem\u00e3o de futebol, a presen\u00e7a m\u00e9dia de p\u00fablico nas primeiras partidas gira na casa de 5 mil pessoas.<\/p>\n\n\n\n<p class=\"wp-block-paragraph\">N\u00fcrburgring foi uma das surpresas em um calend\u00e1rio altamente modificado. Ao lado de Mugello, Portim\u00e3o, \u00cdmola e Istanbul, a pista alem\u00e3 foi uma das solu\u00e7\u00f5es para rechear uma temporada que se tornou majoritariamente europeia. O GP do Eifel acontece em 11 de outubro.<\/p>\n","protected":false},"excerpt":{"rendered":"<p>O p\u00fablico estar\u00e1 presente tamb\u00e9m no GP de Eifel, em N\u00fcrburgring. A organiza\u00e7\u00e3o do aut\u00f3dromo tem estrat\u00e9gia para se proteger da segunda onda e de poss\u00edvel reviravolta na pandemia<\/p>\n","protected":false},"author":0,"featured_media":0,"comment_status":"closed","ping_status":"closed","sticky":false,"template":"","format":"standard","meta":{"42wp_featured_image_caption":"","42wp_featured_image_credits":"","42wp_featured_video":"","42wp_featured_image_hidden":false,"42wp_authors_list":[],"footnotes":""},"categories":[2],"tags":[983,118,25716,25145,24967],"42wp_author":[47118],"class_list":["post-126907","post","type-post","status-publish","format-standard","hentry","category-f1","tag-alemanha","tag-f1-2020","tag-gp-de-eifel","tag-nurburgring-2","tag-publico","42wp_author-vitor-fazio"],"_links":{"self":[{"href":"https:\/\/grandepremio.com\/br\/wp-json\/wp\/v2\/posts\/126907","targetHints":{"allow":["GET"]}}],"collection":[{"href":"https:\/\/grandepremio.com\/br\/wp-json\/wp\/v2\/posts"}],"about":[{"href":"https:\/\/grandepremio.com\/br\/wp-json\/wp\/v2\/types\/post"}],"replies":[{"embeddable":true,"href":"https:\/\/grandepremio.com\/br\/wp-json\/wp\/v2\/comments?post=126907"}],"version-history":[{"count":0,"href":"https:\/\/grandepremio.com\/br\/wp-json\/wp\/v2\/posts\/126907\/revisions"}],"wp:attachment":[{"href":"https:\/\/grandepremio.com\/br\/wp-json\/wp\/v2\/media?parent=126907"}],"wp:term":[{"taxonomy":"category","embeddable":true,"href":"https:\/\/grandepremio.com\/br\/wp-json\/wp\/v2\/categories?post=126907"},{"taxonomy":"post_tag","embeddable":true,"href":"https:\/\/grandepremio.com\/br\/wp-json\/wp\/v2\/tags?post=126907"},{"taxonomy":"42wp_author","embeddable":true,"href":"https:\/\/grandepremio.com\/br\/wp-json\/wp\/v2\/42wp_author?post=126907"}],"curies":[{"name":"wp","href":"https:\/\/api.w.org\/{rel}","templated":true}]}}