{"id":126929,"date":"2020-09-20T05:21:36","date_gmt":"2020-09-20T08:21:36","guid":{"rendered":"https:\/\/grandepremio.com\/br\/noticias\/ferrari-vence-corrida-2-da-motoe-na-emilia-romanha-granado-e-7o-e-aegerter-cai\/"},"modified":"2020-09-20T05:43:56","modified_gmt":"2020-09-20T08:43:56","slug":"ferrari-vence-corrida-2-da-motoe-na-emilia-romanha-granado-e-7o-e-aegerter-cai","status":"publish","type":"post","link":"https:\/\/grandepremio.com\/br\/motociclismo\/ferrari-vence-corrida-2-da-motoe-na-emilia-romanha-granado-e-7o-e-aegerter-cai\/","title":{"rendered":"Ferrari vence corrida 2 da MotoE na Em\u00edlia-Romanha. Granado \u00e9 7\u00ba e Aegerter cai"},"content":{"rendered":"\n<p class=\"wp-block-paragraph\">Matteo Ferrari mostrou mais uma vez ser o dono de Misano para garantir a vit\u00f3ria da corrida 2 do GP da Em\u00edlia-Romanha e da Riviera de Rimini da Copa do Mundo de MotoE. Neste domingo (20), o italiano dominou a disputa para conseguir o segundo triunfo de 2020.<\/p>\n\n\n\n<p class=\"wp-block-paragraph\">Mattia Casadei cruzou a linha de chegada na segunda coloca\u00e7\u00e3o e precisou lidar com press\u00e3o durante toda a prova. O italiano e Jordi Torres trocaram de posi\u00e7\u00f5es durante a maior parte das sete voltas, mas o piloto da Sic58 levou a melhor. O espanhol da Pons conseguiu o terceiro p\u00f3dio do ano.<\/p>\n\n\n\n<p class=\"wp-block-paragraph\">Niccolo Canepa garantiu a quarta coloca\u00e7\u00e3o, seu melhor resultado da temporada at\u00e9 o momento. Alessandro Zaccone foi o quinto, com Mike di Meglio aparecendo logo na sequ\u00eancia.<\/p>\n\n\n\n<figure class=\"wp-block-image size-large\"><img decoding=\"async\" src=\"https:\/\/www.grandepremio.com\/br\/wp-content\/uploads\/2020\/09\/Ferrari-1024x576.jpg\" alt=\"\" class=\"wp-image-420654\"\/><figcaption>Matteo Ferrari venceu com folga em Misano (Foto: reprodu\u00e7\u00e3o)<\/figcaption><\/figure>\n\n\n\n<p class=\"wp-block-paragraph\"><strong>Conhe\u00e7a o canal do Grande Pr\u00eamio no YouTube! Clique&nbsp;<a rel=\"noreferrer noopener\" href=\"https:\/\/youtube.com\/GrandePremioTV\" target=\"_blank\">aqui<\/a>.<br>Siga o Grande Pr\u00eamio no&nbsp;<a rel=\"noreferrer noopener\" href=\"https:\/\/twitter.com\/grandepremio\" target=\"_blank\">Twitter&nbsp;<\/a>e no&nbsp;<a rel=\"noreferrer noopener\" href=\"https:\/\/instagram.com\/grandepremio\" target=\"_blank\">Instagram<\/a>!<\/strong><\/p>\n\n\n\n<p class=\"wp-block-paragraph\">Eric Granado sofreu um acidente na disputa do s\u00e1bado e precisou largar do fundo do pelot\u00e3o. Mas o brasileiro ganhou terreno e terminou em s\u00e9timo. Mike de Angelis, Alejandro Medina e Xavi Cardel\u00fas completaram o top-10.<\/p>\n\n\n\n<p class=\"wp-block-paragraph\">Dominique Aegerter recebeu duro golpe na campanha da temporada 2020. O su\u00ed\u00e7o foi v\u00edtima em um incidente, foi derrubado e terminou a corrida em 16\u00ba, caindo para a segunda coloca\u00e7\u00e3o da classifica\u00e7\u00e3o do campeonato.<\/p>\n\n\n\n<p class=\"wp-block-paragraph\">A pr\u00f3xima etapa da MotoE acontece na Fran\u00e7a, nos dias 10 e 11 de outubro. Novamente em formato de rodada dupla, encerra a segunda temporada da hist\u00f3ria da categoria el\u00e9trica.<\/p>\n\n\n\n<p class=\"wp-block-paragraph\"><strong>Saiba como foi a corrida 2 da MotoE em Em\u00edlia-Romanha:<\/strong><\/p>\n\n\n\n<p class=\"wp-block-paragraph\">A Copa do Mundo de MotoE abriu a programa\u00e7\u00e3o de mais um domingo de sol em Misano. \u00c0s v\u00e9speras do complemento da rodada dupla no circuito Marco Simoncelli, a temperatura estava na casa dos 24\u00b0C, com o asfalto chegando a 22\u00b0C. A velocidade do vento era de 2 km\/h.<\/p>\n\n\n\n<p class=\"wp-block-paragraph\">Conforme a mudan\u00e7a anunciada pela FIM (Federa\u00e7\u00e3o Internacional de Motociclismo) na \u00faltima sexta-feira, o <a href=\"https:\/\/www.grandepremio.com\/br\/motociclismo\/noticias\/motoe-muda-formato-de-rodada-dupla-e-usa-resultado-do-sabado-para-grid-do-domingo\/\" target=\"_blank\" rel=\"noreferrer noopener\">grid de largada da corrida 2 era baseado no resultado da prova de s\u00e1bado<\/a>, o que colocava <a href=\"https:\/\/www.grandepremio.com\/br\/motociclismo\/noticias\/aegerter-da-bote-no-fim-e-vence-acidentada-corrida-1-da-motoe-na-emilia-romanha\/\" target=\"_blank\" rel=\"noreferrer noopener\">Dominique Aegerter na pole<\/a>.<\/p>\n\n\n\n<figure class=\"wp-block-embed-twitter wp-block-embed is-type-rich is-provider-twitter\"><div class=\"wp-block-embed__wrapper\">\n<blockquote class=\"twitter-tweet\" data-width=\"500\" data-dnt=\"true\"><p lang=\"en\" dir=\"ltr\">WE ARE RACING! \ud83d\udea6<a href=\"https:\/\/x.com\/DomiAegerter77?ref_src=twsrc%5Etfw\">@DomiAegerter77<\/a> holds them off through sector 1! \u2694\ufe0f<a href=\"https:\/\/x.com\/hashtag\/MotoE?src=hash&amp;ref_src=twsrc%5Etfw\">#MotoE<\/a> | <a href=\"https:\/\/x.com\/hashtag\/EmiliaRomagnaGP?src=hash&amp;ref_src=twsrc%5Etfw\">#EmiliaRomagnaGP<\/a> \ud83c\udfc1 <a href=\"https:\/\/t.co\/CpcLH9xrQQ\">pic.twitter.com\/CpcLH9xrQQ<\/a><\/p>&mdash; MotoGP\u2122\ud83c\udfc1 (@MotoGP) <a href=\"https:\/\/x.com\/MotoGP\/status\/1307591902850699265?ref_src=twsrc%5Etfw\">September 20, 2020<\/a><\/blockquote><script async src=\"https:\/\/platform.x.com\/widgets.js\" charset=\"utf-8\"><\/script>\n<\/div><\/figure>\n\n\n\n<p class=\"wp-block-paragraph\">Quando as luzes se apagaram, o su\u00ed\u00e7o da IntactGP manteve a ponta, com Matteo Ferrari saltando para a segunda coloca\u00e7\u00e3o depois de pressionar Dominique na freada da curva 1. Metros adiante, o piloto da Gresini conseguiu ultrapassar Aegerter.<\/p>\n\n\n\n<p class=\"wp-block-paragraph\">T\u00e3o logo tomou a ponta, Ferrari passou a abrir vantagem, de cara se afastando 0s3 de Aegerter. Na segunda volta, por\u00e9m, Tommaso Marcon tentou uma manobra agressiva para passar dois pilotos de uma s\u00f3 vez na curva 2, mas caiu e acabou derrubando Dominique.<\/p>\n\n\n\n<p class=\"wp-block-paragraph\">Assim, Ferrari ganhou um respiro ainda maior, de cerca de 0s6, em rela\u00e7\u00e3o a Casadei, que avan\u00e7ou para segundo, \u00e0 frente de Torres, Canepa, Medina e Granado.<\/p>\n\n\n\n<figure class=\"wp-block-image size-large\"><img decoding=\"async\" src=\"https:\/\/pbs.twimg.com\/media\/EiWAfahWAAIE9Od?format=jpg&amp;name=small\" alt=\"\"\/><figcaption>Dominique Aegerter foi derrubado ainda no in\u00edcio da corrida (Foto: Reprodu\u00e7\u00e3o)<\/figcaption><\/figure>\n\n\n\n<p class=\"wp-block-paragraph\">Restando quatro voltas para o fim, Torres tentou um ataque na dire\u00e7\u00e3o de Casadei, mas o piloto da Sic58 conseguiu manter a segunda coloca\u00e7\u00e3o. Mais atr\u00e1s, Granado tinha ca\u00eddo para oitavo, superado por Zaccone e Di Meglio.<\/p>\n\n\n\n<p class=\"wp-block-paragraph\">Assim como Ferrari se isolou na lideran\u00e7a, Casadei e Torres tamb\u00e9m desgrudaram do pelot\u00e3o, abrindo 2s5 de diferen\u00e7a em rela\u00e7\u00e3o a Canepa, o quarto colocado, apesar de seguirem envolvidos em uma disputa pelo segundo posto. Com dois giros para o fim, ali\u00e1s, Torres aproveitou um erro de Mattia e assumiu brevemente o segundo posto, mas levou o troco na sequ\u00eancia.<\/p>\n\n\n\n<p class=\"wp-block-paragraph\">Mais atr\u00e1s, Granado voltava a escalar o pelot\u00e3o depois de cair para d\u00e9cimo e agora aparecia em s\u00e9timo, posi\u00e7\u00e3o que manteve na bandeirada.<\/p>\n\n\n\n<p class=\"wp-block-paragraph\"><strong>LEIA TAMB\u00c9M<\/strong><br>+\u00a0<strong><a rel=\"noreferrer noopener\" href=\"https:\/\/www.grandepremio.com\/br\/motogp\/noticias\/de-destemido-a-desempregado-dovizioso-faz-graca-com-macacao-para-gp-da-emilia-romanha\/\" target=\"_blank\">De destemido a desempregado: Dovizioso faz gra\u00e7a com macac\u00e3o na Em\u00edlia-Romanha<\/a><\/strong><br><strong>+\u00a0<a rel=\"noreferrer noopener\" href=\"https:\/\/grandepremium.com.br\/conta-giro\/materias\/protesto-solitario\/\" target=\"_blank\">Francis Bradfield, o homem que protesta contra o racismo sozinho na\u00a0<\/a><a rel=\"noreferrer noopener\" href=\"https:\/\/www.grandepremio.com\/br\/motogp\/\" target=\"_blank\">MotoGP<\/a><\/strong><\/p>\n\n\n\n<p class=\"wp-block-paragraph\"><strong>MotoE 2020, GP da Em\u00edlia-Romanha, Misano, corrida 2<\/strong><\/p>\n\n\n\n<figure class=\"wp-block-table\"><table><tbody><tr><td>1<\/td><td>M FERRARI<\/td><td>Gresini<\/td><td>&nbsp;<\/td><td>7 voltas<\/td><\/tr><tr><td>2<\/td><td>M CASADEI<\/td><td>SIC58 Squadra Corse<\/td><td>+0.996<\/td><td>&nbsp;<\/td><\/tr><tr><td>3<\/td><td>J TORRES<\/td><td>Pons<\/td><td>+1.098<\/td><td>&nbsp;<\/td><\/tr><tr><td>4<\/td><td>N CANEPA<\/td><td>LCR<\/td><td>+3.907<\/td><td>&nbsp;<\/td><\/tr><tr><td>5<\/td><td>A ZACCONE<\/td><td>Gresini<\/td><td>+4.619<\/td><td>&nbsp;<\/td><\/tr><tr><td>6<\/td><td>M DI MEGLIO<\/td><td>Marc VDS<\/td><td>+6.046<\/td><td>&nbsp;<\/td><\/tr><tr><td>7<\/td><td>E GRANADO<\/td><td>Avintia<\/td><td>+6.097<\/td><td>&nbsp;<\/td><\/tr><tr><td>8<\/td><td>A DE ANGELIS<\/td><td>Pramac<\/td><td>+6.775<\/td><td>&nbsp;<\/td><\/tr><tr><td>9<\/td><td>A MEDINA<\/td><td>Aspar<\/td><td>+6.672<\/td><td>&nbsp;<\/td><\/tr><tr><td>10<\/td><td>X CARDEL\u00daS<\/td><td>Avintia<\/td><td>+7.042<\/td><td>&nbsp;<\/td><\/tr><tr><td>11<\/td><td>M HERRERA<\/td><td>Aspar<\/td><td>+7.868<\/td><td>&nbsp;<\/td><\/tr><tr><td>12<\/td><td>N TUULI<\/td><td>Ajo<\/td><td>+8.514<\/td><td>&nbsp;<\/td><\/tr><tr><td>13<\/td><td>J KORNFEIL<\/td><td>WithU<\/td><td>+12.652<\/td><td>&nbsp;<\/td><\/tr><tr><td>14<\/td><td>X SIMEON<\/td><td>LCR<\/td><td>+15.533<\/td><td>&nbsp;<\/td><\/tr><tr><td>15<\/td><td>L TULOVIC<\/td><td>Tech3<\/td><td>+27.210<\/td><td>&nbsp;<\/td><\/tr><tr><td>16<\/td><td>D AEGERTER<\/td><td>Intact GP<\/td><td>+38.363<\/td><td>&nbsp;<\/td><\/tr><tr><td>&nbsp;<\/td><td>J HOOK<\/td><td>Pramac<\/td><td>&nbsp;<\/td><td>&nbsp;<\/td><\/tr><tr><td>&nbsp;<\/td><td>T MARCON<\/td><td>Tech3<\/td><td>&nbsp;<\/td><td>&nbsp;<\/td><\/tr><\/tbody><\/table><\/figure>\n\n\n\n<figure class=\"wp-block-embed-dailymotion wp-block-embed is-type-video is-provider-dailymotion wp-embed-aspect-16-9 wp-has-aspect-ratio\"><div class=\"wp-block-embed__wrapper\">\n<iframe loading=\"lazy\" title=\"QUARTARARO falha em momentos errados na MOTOGP e deixa t\u00edtulo escapar | GP \u00e0s 10\" frameborder=\"0\" width=\"500\" height=\"281\" src=\"https:\/\/geo.dailymotion.com\/player.html?video=x7wapin&#038;\" allowfullscreen allow=\"autoplay; fullscreen; picture-in-picture; web-share\"><\/iframe>\n<\/div><\/figure>\n","protected":false},"excerpt":{"rendered":"<p>O italiano assumiu a ponta ainda no in\u00edcio da disputa para garantir o segundo triunfo de 2020. Mattia Casadei e Jordi Torres completaram o p\u00f3dio<\/p>\n","protected":false},"author":0,"featured_media":1000417650,"comment_status":"closed","ping_status":"closed","sticky":false,"template":"","format":"standard","meta":{"42wp_featured_image_caption":"","42wp_featured_image_credits":"","42wp_featured_video":"","42wp_featured_image_hidden":false,"42wp_authors_list":[],"footnotes":""},"categories":[28],"tags":[3464,79,174,26204,280,78,26244,25990],"42wp_author":[47113,47123],"class_list":["post-126929","post","type-post","status-publish","format-standard","has-post-thumbnail","hentry","category-motociclismo","tag-misano","tag-moto-gp","tag-moto-gp-2020","tag-moto-gp-hoje","tag-motoe","tag-motogp","tag-motogp-calendario-2020","tag-motogp-classificacao","42wp_author-juliana-tesser","42wp_author-nathalia-de-vivo"],"_links":{"self":[{"href":"https:\/\/grandepremio.com\/br\/wp-json\/wp\/v2\/posts\/126929","targetHints":{"allow":["GET"]}}],"collection":[{"href":"https:\/\/grandepremio.com\/br\/wp-json\/wp\/v2\/posts"}],"about":[{"href":"https:\/\/grandepremio.com\/br\/wp-json\/wp\/v2\/types\/post"}],"replies":[{"embeddable":true,"href":"https:\/\/grandepremio.com\/br\/wp-json\/wp\/v2\/comments?post=126929"}],"version-history":[{"count":0,"href":"https:\/\/grandepremio.com\/br\/wp-json\/wp\/v2\/posts\/126929\/revisions"}],"wp:featuredmedia":[{"embeddable":true,"href":"https:\/\/grandepremio.com\/br\/wp-json\/wp\/v2\/media\/1000417650"}],"wp:attachment":[{"href":"https:\/\/grandepremio.com\/br\/wp-json\/wp\/v2\/media?parent=126929"}],"wp:term":[{"taxonomy":"category","embeddable":true,"href":"https:\/\/grandepremio.com\/br\/wp-json\/wp\/v2\/categories?post=126929"},{"taxonomy":"post_tag","embeddable":true,"href":"https:\/\/grandepremio.com\/br\/wp-json\/wp\/v2\/tags?post=126929"},{"taxonomy":"42wp_author","embeddable":true,"href":"https:\/\/grandepremio.com\/br\/wp-json\/wp\/v2\/42wp_author?post=126929"}],"curies":[{"name":"wp","href":"https:\/\/api.w.org\/{rel}","templated":true}]}}