{"id":126954,"date":"2020-09-18T14:53:28","date_gmt":"2020-09-18T17:53:28","guid":{"rendered":"https:\/\/grandepremio.com\/br\/noticias\/formula-1-realiza-mais-de-1-500-testes-e-confirma-nova-infeccao-por-coronavirus\/"},"modified":"2020-09-18T14:53:33","modified_gmt":"2020-09-18T17:53:33","slug":"formula-1-realiza-mais-de-1-500-testes-e-confirma-nova-infeccao-por-coronavirus","status":"publish","type":"post","link":"https:\/\/grandepremio.com\/br\/f1\/formula-1-realiza-mais-de-1-500-testes-e-confirma-nova-infeccao-por-coronavirus\/","title":{"rendered":"F\u00f3rmula 1 realiza mais de 1.500 testes e confirma nova infec\u00e7\u00e3o por coronav\u00edrus"},"content":{"rendered":"\n<p class=\"wp-block-paragraph\">A F\u00f3rmula 1 confirmou uma bateria de testes de <a href=\"https:\/\/www.grandepremio.com\/br\/f1\/noticias\/f1-conduz-mais-de-5-mil-testes-e-confirma-duas-novas-infeccoes-por-coronavirus\/\">coronav\u00edrus <\/a>e constatou uma nova infec\u00e7\u00e3o no paddock. Foram 1.938 testes conduzidos entre os dias 11 e 17 de setembro e um caso positivo.<\/p>\n\n\n\n<p class=\"wp-block-paragraph\">Em nota oficial, a FIA e a categoria justificaram que o menor n\u00famero de testes aconteceu por conta do espa\u00e7o de duas semanas entre as etapas da Toscana e R\u00fassia, dando uma pequena pausa ao calend\u00e1rio, que teve tr\u00eas provas em fins de semanas consecutivos.<\/p>\n\n\n\n<figure class=\"wp-block-image size-large\"><img decoding=\"async\" src=\"https:\/\/www.grandepremio.com\/br\/wp-content\/uploads\/2020\/09\/racingpoint-largada-01-1024x683.jpg\" alt=\"\" class=\"wp-image-418830\"\/><figcaption>Mugello proporcionou \u00e0 F1 a chance de uma bela corrida (Foto: Racing Point)<\/figcaption><\/figure>\n\n\n\n<p class=\"wp-block-paragraph\"><strong>GUIA DAS 24 HORAS DE LE MANS 2020<\/strong><\/p>\n\n\n\n<ul class=\"wp-block-list\"><li><strong><a href=\"https:\/\/www.grandepremio.com\/br\/endurance\/noticias\/sem-publico-24h-de-le-mans-tem-edicao-atipica-e-disputa-imprevisivel-por-vitoria\/\">Sem p\u00fablico, 24h de Le Mans tem edi\u00e7\u00e3o at\u00edpica e disputa imprevis\u00edvel por vit\u00f3ria<\/a><\/strong><\/li><li><strong><a href=\"https:\/\/www.grandepremio.com\/br\/endurance\/noticias\/edicao-2020-sofre-com-pandemia-e-tem-baixas-de-ultima-hora-o-grid-das-24h-de-le-mans\/\">Edi\u00e7\u00e3o 2020 sofre com pandemia e v\u00ea baixas de \u00faltima hora: o grid das 24h de Le Mans<\/a><\/strong><\/li><li><strong><a href=\"https:\/\/www.grandepremio.com\/br\/endurance\/noticias\/esperanca-redencao-e-chances-de-vitoria-os-sete-brasileiros-das-24-horas-de-le-mans\/\" target=\"_blank\" rel=\"noreferrer noopener\">Esperan\u00e7a, reden\u00e7\u00e3o e chances de vit\u00f3ria: os sete brasileiros das 24 Horas de Le Mans<\/a><\/strong><\/li><li><strong><a href=\"https:\/\/www.grandepremio.com\/br\/endurance\/noticias\/24h-de-le-mans-tem-classificacao-mais-curta-e-hiperpole-como-novidades-em-mes-incomum\/\">24h de Le Mans t\u00eam classifica\u00e7\u00e3o mais curta e hiperpole como novidades em m\u00eas incomum<\/a><\/strong><\/li><li><a href=\"https:\/\/grandepremium.com.br\/guia-24-horas-de-le-mans-2020\/endurance\/materias\/equipes-e-pilotos-lmp1-3\/\"><strong>GUIA DAS 24 HORAS DE LE MANS: todas as equipes e pilotos da classe LMP1<\/strong><\/a><\/li><li><a href=\"https:\/\/grandepremium.com.br\/guia-24-horas-de-le-mans-2020\/endurance\/materias\/equipes-e-pilotos-lmp2-3\/\"><strong>GUIA DAS 24 HORAS DE LE MANS: todas as equipes e pilotos da classe LMP2<\/strong><\/a><\/li><li><strong><a href=\"https:\/\/grandepremium.com.br\/guia-das-24-horas-de-le-mans-2020\/materias\/equipes-e-pilotos-lmgte-am-3\/\">GUIA DAS 24 HORAS DE LE MANS: todas as equipes e pilotos da classe LMGTE-Am<\/a><\/strong><\/li><li><strong><a href=\"https:\/\/grandepremium.com.br\/guia-24-horas-de-le-mans-2020\/materias\/equipes-e-pilotos-lmgte-pro-3\/\">GUIA DAS 24 HORAS DE LE MANS: todas as equipes e pilotos da classe LMGTE-Pro<\/a><\/strong><\/li><\/ul>\n\n\n\n<p class=\"wp-block-paragraph\">A identidade da pessoa infectada n\u00e3o foi informada, como de praxe.. Desde o in\u00edcio da temporada, o \u00fanico funcion\u00e1rio de alto escal\u00e3o que testou positivo foi o mexicano Sergio P\u00e9rez, piloto da Racing Point, que perdeu as corridas da F\u00f3rmula 1 disputadas em Silverstone, em julho.<\/p>\n\n\n\n<p class=\"wp-block-paragraph\">O GP da Toscana, disputado em Mugello, foi a primeira prova da F\u00f3rmula 1 com a presen\u00e7a de p\u00fablico. Cerca de 5.000 torcedores estiveram no aut\u00f3dromo. A pr\u00f3xima etapa acontece em S\u00f3chi, na R\u00fassia, no dia 27, e f\u00e3s tamb\u00e9m s\u00e3o esperados.<\/p>\n\n\n\n<p class=\"wp-block-paragraph\"><strong>Conhe\u00e7a o canal do Grande Pr\u00eamio no YouTube! Clique\u00a0<a href=\"https:\/\/youtube.com\/GrandePremioTV\" target=\"_blank\" rel=\"noreferrer noopener\">aqui<\/a>.<br>Siga o Grande Pr\u00eamio no\u00a0<a href=\"https:\/\/twitter.com\/grandepremio\" target=\"_blank\" rel=\"noreferrer noopener\">Twitter\u00a0<\/a>e no\u00a0<a href=\"https:\/\/instagram.com\/grandepremio\" target=\"_blank\" rel=\"noreferrer noopener\">Instagram<\/a>!<\/strong><\/p>\n\n\n\n<figure class=\"wp-block-embed-youtube wp-block-embed is-type-video is-provider-youtube wp-embed-aspect-16-9 wp-has-aspect-ratio\"><div class=\"wp-block-embed__wrapper\">\n<iframe loading=\"lazy\" title=\"JO\u00c3O PAULO DE OLIVEIRA: a carreira de quem viveu fora do eixo e longe da F1 | Cadeira Cativa #24\" width=\"500\" height=\"281\" src=\"https:\/\/www.youtube.com\/embed\/tAIM1ZcpMms?feature=oembed\" frameborder=\"0\" allow=\"accelerometer; autoplay; clipboard-write; encrypted-media; gyroscope; picture-in-picture; web-share\" referrerpolicy=\"strict-origin-when-cross-origin\" allowfullscreen><\/iframe>\n<\/div><\/figure>\n","protected":false},"excerpt":{"rendered":"<p>F\u00f3rmula 1 reduziu o n\u00famero de testes por conta de intervalo entre corridas. Uma nova infec\u00e7\u00e3o foi confirmada. Categoria retorna no GP da R\u00fassia<\/p>\n","protected":false},"author":0,"featured_media":1000418428,"comment_status":"closed","ping_status":"closed","sticky":false,"template":"","format":"standard","meta":{"42wp_featured_image_caption":"","42wp_featured_image_credits":"","42wp_featured_video":"","42wp_featured_image_hidden":false,"42wp_authors_list":[],"footnotes":""},"categories":[2],"tags":[147,24837,25443,305],"42wp_author":[47119],"class_list":["post-126954","post","type-post","status-publish","format-standard","has-post-thumbnail","hentry","category-f1","tag-f1","tag-formula-1-2","tag-gp-da-toscana","tag-testes","42wp_author-gabriel-carvalho"],"_links":{"self":[{"href":"https:\/\/grandepremio.com\/br\/wp-json\/wp\/v2\/posts\/126954","targetHints":{"allow":["GET"]}}],"collection":[{"href":"https:\/\/grandepremio.com\/br\/wp-json\/wp\/v2\/posts"}],"about":[{"href":"https:\/\/grandepremio.com\/br\/wp-json\/wp\/v2\/types\/post"}],"replies":[{"embeddable":true,"href":"https:\/\/grandepremio.com\/br\/wp-json\/wp\/v2\/comments?post=126954"}],"version-history":[{"count":0,"href":"https:\/\/grandepremio.com\/br\/wp-json\/wp\/v2\/posts\/126954\/revisions"}],"wp:featuredmedia":[{"embeddable":true,"href":"https:\/\/grandepremio.com\/br\/wp-json\/wp\/v2\/media\/1000418428"}],"wp:attachment":[{"href":"https:\/\/grandepremio.com\/br\/wp-json\/wp\/v2\/media?parent=126954"}],"wp:term":[{"taxonomy":"category","embeddable":true,"href":"https:\/\/grandepremio.com\/br\/wp-json\/wp\/v2\/categories?post=126954"},{"taxonomy":"post_tag","embeddable":true,"href":"https:\/\/grandepremio.com\/br\/wp-json\/wp\/v2\/tags?post=126954"},{"taxonomy":"42wp_author","embeddable":true,"href":"https:\/\/grandepremio.com\/br\/wp-json\/wp\/v2\/42wp_author?post=126954"}],"curies":[{"name":"wp","href":"https:\/\/api.w.org\/{rel}","templated":true}]}}