{"id":126979,"date":"2020-09-17T18:26:08","date_gmt":"2020-09-17T21:26:08","guid":{"rendered":"https:\/\/grandepremio.com\/br\/noticias\/morbidelli-se-atrasa-para-coletiva-e-rossi-liga-para-avisar-estamos-te-esperando\/"},"modified":"2020-09-17T18:26:14","modified_gmt":"2020-09-17T21:26:14","slug":"morbidelli-se-atrasa-para-coletiva-e-rossi-liga-para-avisar-estamos-te-esperando","status":"publish","type":"post","link":"https:\/\/grandepremio.com\/br\/motogp\/morbidelli-se-atrasa-para-coletiva-e-rossi-liga-para-avisar-estamos-te-esperando\/","title":{"rendered":"Morbidelli se atrasa para coletiva e Rossi liga para avisar: \u201cEstamos te esperando\u201d"},"content":{"rendered":"\n<p class=\"wp-block-paragraph\">O atraso de Franco Morbidelli para a entrevista coletiva pr\u00e9via ao GP de Emilia-Romanha e da Riviera de Rimini resultou em um momento divertido na tarde desta quinta-feira (17) em Misano: Valentino Rossi sacou o celular e ligou para o pupilo para lembrar do encontro com os profissionais de imprensa.<\/p>\n\n\n\n<p class=\"wp-block-paragraph\"><a href=\"https:\/\/www.grandepremio.com\/br\/motogp\/noticias\/morbidelli-domina-san-marino-e-vence-a-primeira-na-motogp-quartararo-cai-duas-vezes\/\" target=\"_blank\" rel=\"noreferrer noopener\">Vencedor do GP de San Marino da semana passada<\/a>, Morbidelli foi escalado para a coletiva junto com Andrea Dovizioso, Joan Mir, Valentino Rossi, Francesco Bagnaia e Aleix Espargar\u00f3. Os cinco, por\u00e9m, chegaram no hor\u00e1rio marcado, mas o \u00edtalo-brasileiro se atrasou.<\/p>\n\n\n\n<figure class=\"wp-block-video\"><video class=\"video-js vjs-big-play-centered\" data-gp-vjs=\"1\" controls src=\"https:\/\/www.grandepremio.com\/br\/wp-content\/uploads\/2020\/09\/Rossi.mp4\"><\/video><\/figure>\n\n\n\n<p class=\"wp-block-paragraph\"><strong>Conhe\u00e7a o canal do Grande Pr\u00eamio no YouTube! Clique\u00a0<a href=\"https:\/\/youtube.com\/GrandePremioTV\" target=\"_blank\" rel=\"noreferrer noopener\">aqui<\/a>.<br>Siga o Grande Pr\u00eamio no\u00a0<a href=\"https:\/\/twitter.com\/grandepremio\" target=\"_blank\" rel=\"noreferrer noopener\">Twitter\u00a0<\/a>e no\u00a0<a href=\"https:\/\/instagram.com\/grandepremio\" target=\"_blank\" rel=\"noreferrer noopener\">Instagram<\/a>!<\/strong><\/p>\n\n\n\n<p class=\"wp-block-paragraph\">J\u00e1 sentado para a entrevista, Rossi tirou o celular do bolso e ligou para Morbidelli: \u201cEstamos esperando\u201d. Ao desligar, o piloto da Yamaha transmitiu a informa\u00e7\u00e3o: \u201cEle est\u00e1 vindo\u201d.<\/p>\n\n\n\n<p class=\"wp-block-paragraph\">Na mesma oportunidade, Rossi rasgou elogiou a Morbidelli pela atua\u00e7\u00e3o na corrida da semana passada.<\/p>\n\n\n\n<p class=\"wp-block-paragraph\">\u201cConhe\u00e7o Franco e o estilo de pilotagem dele muito bem. Ele est\u00e1 em grande forma, fez uma obra de arte na corrida, pois n\u00e3o \u00e9 f\u00e1cil manter o ritmo sem cometer erros\u201d, elogiou. \u201cEle est\u00e1 treinando muito, \u00e0s vezes cria problemas para mim e Bagnaia, pois \u00e0s 9h da manh\u00e3 ele est\u00e1 pronto para correr\u201d, contou.<\/p>\n\n\n\n<p class=\"wp-block-paragraph\">\u201cPara ser r\u00e1pido com a Yamaha, voc\u00ea tem de ser doce, pilotar da forma que ela quer. Franco s\u00f3 precisava de tempo para entender isso depois de vir da Honda\u201d, completou.<\/p>\n\n\n\n<figure class=\"wp-block-embed-youtube wp-block-embed is-type-video is-provider-youtube wp-embed-aspect-16-9 wp-has-aspect-ratio\"><div class=\"wp-block-embed__wrapper\">\n<iframe loading=\"lazy\" title=\"Vit\u00f3ria de HAMILTON na F1 na casa da FERRARI + MotoGP e Indy | Paddock GP #214\" width=\"500\" height=\"281\" src=\"https:\/\/www.youtube.com\/embed\/gBZyy6q8j0A?feature=oembed\" frameborder=\"0\" allow=\"accelerometer; autoplay; clipboard-write; encrypted-media; gyroscope; picture-in-picture; web-share\" referrerpolicy=\"strict-origin-when-cross-origin\" allowfullscreen><\/iframe>\n<\/div><\/figure>\n","protected":false},"excerpt":{"rendered":"<p>O heptacampe\u00e3o da MotoGP provocou risos entre os pilotos ao ligar para o pupilo da SRT Yamaha para lembr\u00e1-lo do encontro com os jornalistas em Misano<\/p>\n","protected":false},"author":0,"featured_media":1000420079,"comment_status":"closed","ping_status":"closed","sticky":false,"template":"","format":"standard","meta":{"42wp_featured_image_caption":"","42wp_featured_image_credits":"","42wp_featured_video":"","42wp_featured_image_hidden":false,"42wp_authors_list":[],"footnotes":""},"categories":[8],"tags":[140,79,174,26204,78,24850,25441,80,172],"42wp_author":[47113],"class_list":["post-126979","post","type-post","status-publish","format-standard","has-post-thumbnail","hentry","category-motogp","tag-franco-morbidelli","tag-moto-gp","tag-moto-gp-2020","tag-moto-gp-hoje","tag-motogp","tag-motogp-fox-sports","tag-srt","tag-valentino-rossi","tag-yamaha","42wp_author-juliana-tesser"],"_links":{"self":[{"href":"https:\/\/grandepremio.com\/br\/wp-json\/wp\/v2\/posts\/126979","targetHints":{"allow":["GET"]}}],"collection":[{"href":"https:\/\/grandepremio.com\/br\/wp-json\/wp\/v2\/posts"}],"about":[{"href":"https:\/\/grandepremio.com\/br\/wp-json\/wp\/v2\/types\/post"}],"replies":[{"embeddable":true,"href":"https:\/\/grandepremio.com\/br\/wp-json\/wp\/v2\/comments?post=126979"}],"version-history":[{"count":0,"href":"https:\/\/grandepremio.com\/br\/wp-json\/wp\/v2\/posts\/126979\/revisions"}],"wp:featuredmedia":[{"embeddable":true,"href":"https:\/\/grandepremio.com\/br\/wp-json\/wp\/v2\/media\/1000420079"}],"wp:attachment":[{"href":"https:\/\/grandepremio.com\/br\/wp-json\/wp\/v2\/media?parent=126979"}],"wp:term":[{"taxonomy":"category","embeddable":true,"href":"https:\/\/grandepremio.com\/br\/wp-json\/wp\/v2\/categories?post=126979"},{"taxonomy":"post_tag","embeddable":true,"href":"https:\/\/grandepremio.com\/br\/wp-json\/wp\/v2\/tags?post=126979"},{"taxonomy":"42wp_author","embeddable":true,"href":"https:\/\/grandepremio.com\/br\/wp-json\/wp\/v2\/42wp_author?post=126979"}],"curies":[{"name":"wp","href":"https:\/\/api.w.org\/{rel}","templated":true}]}}