{"id":12699,"date":"2026-01-28T06:28:19","date_gmt":"2026-01-28T09:28:19","guid":{"rendered":"https:\/\/grandepremio.com\/br\/noticias\/nico-hulkenberg-sofre-problemas-audi-causa-bandeira-vermelha-barcelona\/"},"modified":"2026-01-28T06:36:16","modified_gmt":"2026-01-28T09:36:16","slug":"nico-hulkenberg-sofre-problemas-audi-causa-bandeira-vermelha-barcelona","status":"publish","type":"post","link":"https:\/\/grandepremio.com\/br\/f1\/nico-hulkenberg-sofre-problemas-audi-causa-bandeira-vermelha-barcelona\/","title":{"rendered":"H\u00fclkenberg sofre com problemas da Audi e causa bandeira vermelha em Barcelona"},"content":{"rendered":"\n<p class=\"wp-block-paragraph\"><strong>Nico H\u00fclkenberg<\/strong> teve problemas durante o terceiro dia de testes da <strong>F1 <\/strong>em <strong>Barcelona<\/strong>. O carro da <strong>Audi<\/strong>, pilotado pelo alem\u00e3o, voltou a apresentar falhas t\u00e9cnicas e parou na pista entre as curvas 9 e 10, o que provocou a bandeira vermelha e causou a interrup\u00e7\u00e3o moment\u00e2nea da sess\u00e3o.<\/p>\n\n\n\n<p class=\"wp-block-paragraph\">Ainda n\u00e3o h\u00e1 detalhes oficiais sobre a falha no carro de <strong>H\u00fclkenberg<\/strong>, mas o incidente ocorreu cerca de 57 minutos ap\u00f3s o in\u00edcio das atividades. A sess\u00e3o foi retomada normalmente no<strong> Aut\u00f3dromo de Barcelona<\/strong> ap\u00f3s a equipe de resgate retirar o carro da pista e lev\u00e1-lo para os boxes.<\/p>\n\n\n\n<p class=\"wp-block-paragraph\">Este n\u00e3o \u00e9 o primeiro problema da <strong>Audi <\/strong>durante a pr\u00e9-temporada da <strong>F1 <\/strong>em Barcelona. No primeiro dia de atividades, <strong>Gabriel Bortoleto<\/strong> <a href=\"https:\/\/www.grandepremio.com\/br\/f1\/noticias\/gabriel-bortoleto-ve-audi-parar-pista-barcelona-causa-bandeira-vermelha-teste-f1\/\">tamb\u00e9m enfrentou um problema t\u00e9cnico<\/a>, ficou parado na pista na curva 11 e n\u00e3o retornou \u00e0 sess\u00e3o.<\/p>\n\n\n\n<p class=\"wp-block-paragraph\">Devido \u00e0 grande mudan\u00e7a t\u00e9cnica, a F\u00f3rmula 1 alterou o formato da pr\u00e9-temporada em 2026. Diferente de 2025, ano da estreia de <strong>Bortoleto <\/strong>na categoria, quando houve apenas um teste de tr\u00eas dias no <strong>Bahrein<\/strong>, as equipes ter\u00e3o mais tempo de prepara\u00e7\u00e3o neste ano. Portanto, al\u00e9m da sess\u00e3o em <strong>Barcelona<\/strong>, outras duas atividades est\u00e3o programadas no <strong>Bahrein<\/strong>. A primeira acontece entre 11 e 13 de fevereiro, enquanto a segunda ser\u00e1 realizada uma semana depois, entre 18 e 20 de fevereiro.<\/p>\n\n\n\n<figure class=\"wp-block-image size-large\"><img decoding=\"async\" src=\"https:\/\/www.grandepremio.com\/br\/wp-content\/uploads\/2026\/01\/A260222_large-1200x800.jpg\" alt=\"\" class=\"wp-image-1051352\"\/><figcaption class=\"wp-element-caption\">Audi voltou a ter problemas com o carro em Barcelona (Foto: Audi)<\/figcaption><\/figure>\n\n\n\n<p class=\"wp-block-paragraph\">O teste coletivo de Barcelona, no entanto, acontecer\u00e1 em um formato diferente. Embora haja cinco dias reservados para as atividades, cada equipe s\u00f3 poder\u00e1 ir \u00e0 pista em tr\u00eas oportunidades.<\/p>\n\n\n\n<p class=\"wp-block-paragraph\">\u25b6\ufe0f\u00a0<strong>Inscreva-se nos dois canais do GRANDE PR\u00caMIO no YouTube:\u00a0<a href=\"https:\/\/www.youtube.com\/channel\/UC9OlHEgxoaY6QY6nWPoiqQg?sub_confirmation=1\" target=\"_blank\" rel=\"noreferrer noopener\">GP<\/a>\u00a0|\u00a0<a href=\"https:\/\/www.youtube.com\/channel\/UC9csiS6q_C3C0FYhyr1rnFA?sub_confirmation=1\" target=\"_blank\" rel=\"noreferrer noopener\">GP2<\/a><\/strong><\/p>\n","protected":false},"excerpt":{"rendered":"<p>Depois de ver Gabriel Bortoleto ficar parado na pista no primeiro dia de testes, a Audi voltou a apresentar problemas e deixou Nico H\u00fclkenberg a p\u00e9 na Espanha<\/p>\n","protected":false},"author":0,"featured_media":1001051396,"comment_status":"closed","ping_status":"closed","sticky":false,"template":"","format":"standard","meta":{"42wp_featured_image_caption":"","42wp_featured_image_credits":"","42wp_featured_video":"","42wp_featured_image_hidden":false,"42wp_authors_list":[],"footnotes":""},"categories":[2],"tags":[970,350,1491,28285,13814,39291,30904,1521,2693,27452,1979,6303],"42wp_author":[47149],"class_list":["post-12699","post","type-post","status-publish","format-standard","has-post-thumbnail","hentry","category-f1","tag-audi","tag-gabriel-bortoleto","tag-grande-premio","tag-grandepremio","tag-hulkenberg","tag-hulkenberg-audi","tag-motores-f1","tag-nico-hulkenberg","tag-novo-regulamento-f1","tag-pre-temporada-f1","tag-testes-f1","tag-testes-f1-barcelona","42wp_author-bernardo-castro"],"_links":{"self":[{"href":"https:\/\/grandepremio.com\/br\/wp-json\/wp\/v2\/posts\/12699","targetHints":{"allow":["GET"]}}],"collection":[{"href":"https:\/\/grandepremio.com\/br\/wp-json\/wp\/v2\/posts"}],"about":[{"href":"https:\/\/grandepremio.com\/br\/wp-json\/wp\/v2\/types\/post"}],"replies":[{"embeddable":true,"href":"https:\/\/grandepremio.com\/br\/wp-json\/wp\/v2\/comments?post=12699"}],"version-history":[{"count":0,"href":"https:\/\/grandepremio.com\/br\/wp-json\/wp\/v2\/posts\/12699\/revisions"}],"wp:featuredmedia":[{"embeddable":true,"href":"https:\/\/grandepremio.com\/br\/wp-json\/wp\/v2\/media\/1001051396"}],"wp:attachment":[{"href":"https:\/\/grandepremio.com\/br\/wp-json\/wp\/v2\/media?parent=12699"}],"wp:term":[{"taxonomy":"category","embeddable":true,"href":"https:\/\/grandepremio.com\/br\/wp-json\/wp\/v2\/categories?post=12699"},{"taxonomy":"post_tag","embeddable":true,"href":"https:\/\/grandepremio.com\/br\/wp-json\/wp\/v2\/tags?post=12699"},{"taxonomy":"42wp_author","embeddable":true,"href":"https:\/\/grandepremio.com\/br\/wp-json\/wp\/v2\/42wp_author?post=12699"}],"curies":[{"name":"wp","href":"https:\/\/api.w.org\/{rel}","templated":true}]}}