{"id":127022,"date":"2020-09-16T09:43:58","date_gmt":"2020-09-16T12:43:58","guid":{"rendered":"https:\/\/grandepremio.com\/br\/noticias\/ceo-diz-que-promessas-cumpridas-pela-mclaren-convenceram-ricciardo-para-2021\/"},"modified":"2020-09-16T09:44:06","modified_gmt":"2020-09-16T12:44:06","slug":"ceo-diz-que-promessas-cumpridas-pela-mclaren-convenceram-ricciardo-para-2021","status":"publish","type":"post","link":"https:\/\/grandepremio.com\/br\/f1\/ceo-diz-que-promessas-cumpridas-pela-mclaren-convenceram-ricciardo-para-2021\/","title":{"rendered":"CEO diz que promessas cumpridas pela McLaren convenceram Ricciardo para 2021"},"content":{"rendered":"\n<figure class=\"wp-block-embed-youtube wp-block-embed is-type-video is-provider-youtube wp-embed-aspect-16-9 wp-has-aspect-ratio\"><div class=\"wp-block-embed__wrapper\">\n<iframe loading=\"lazy\" title=\"Vit\u00f3ria de HAMILTON na F1 na casa da FERRARI + MotoGP e Indy | Paddock GP #214\" width=\"500\" height=\"281\" src=\"https:\/\/www.youtube.com\/embed\/gBZyy6q8j0A?feature=oembed\" frameborder=\"0\" allow=\"accelerometer; autoplay; clipboard-write; encrypted-media; gyroscope; picture-in-picture; web-share\" referrerpolicy=\"strict-origin-when-cross-origin\" allowfullscreen><\/iframe>\n<\/div><\/figure>\n\n\n\n<p class=\"wp-block-paragraph\">Daniel Ricciardo ser\u00e1 piloto da McLaren <a href=\"https:\/\/www.grandepremio.com\/br\/f1\/noticias\/contrato-de-dois-anos-mais-opcao-e-ate-r-580-milhoes-como-ricciardo-vai-para-mclaren\/\" target=\"_blank\" rel=\"noreferrer noopener\">a partir de 2021<\/a>. Depois de recusar uma proposta da equipe para substituir Fernando Alonso na temporada 2019, o australiano aceitou sair da Renault \u2014 onde corre atualmente \u2014 para defender o time de Woking a partir do pr\u00f3ximo ano at\u00e9 o fim de 2022. <\/p>\n\n\n\n<p class=\"wp-block-paragraph\">Para Zak Brown, CEO da McLaren, a evolu\u00e7\u00e3o da equipe nas \u00faltimas duas temporadas ajudou a conquistar Ricciardo durante as negocia\u00e7\u00f5es, fazendo as promessas atuais mais f\u00e1ceis de cumprir do que anos atr\u00e1s.<\/p>\n\n\n\n<p class=\"wp-block-paragraph\">&#8220;H\u00e1 alguns anos, est\u00e1vamos em uma horr\u00edvel temporada, uma das piores da hist\u00f3ria da McLaren. Tudo que eu poderia fazer era prometer para o Daniel as minhas inten\u00e7\u00f5es. Mas, em algum ponto, eram s\u00f3 palavras. Foram muitas promessas. Eu acho que ele pensou &#8216;\u00e9, parece bom, mas n\u00e3o depois de uma temporada ruim da McLaren&#8217;. Agora, o conquistamos por essas raz\u00f5es&#8221;, afirmou Brown ao podcast In the Fast Lane.<\/p>\n\n\n\n<p class=\"wp-block-paragraph\"><strong>Conhe\u00e7a o canal do Grande Pr\u00eamio no YouTube! Clique\u00a0<a href=\"https:\/\/youtube.com\/GrandePremioTV\" target=\"_blank\" rel=\"noreferrer noopener\">aqui<\/a>.<br>Siga o Grande Pr\u00eamio no\u00a0<a href=\"https:\/\/twitter.com\/grandepremio\" target=\"_blank\" rel=\"noreferrer noopener\">Twitter\u00a0<\/a>e no\u00a0<a href=\"https:\/\/instagram.com\/grandepremio\" target=\"_blank\" rel=\"noreferrer noopener\">Instagram<\/a>!<\/strong><\/p>\n\n\n\n<figure class=\"wp-block-image size-large\"><img decoding=\"async\" src=\"https:\/\/www.grandepremio.com\/br\/wp-content\/uploads\/2019\/07\/2019741242906_2019McLarenSeidlBrown_DMa.jpg\" alt=\"\" class=\"wp-image-364194\"\/><figcaption>Andreas Seidl (esq.) e Zak Brown (dir.), da McLaren (Foto: McLaren)<\/figcaption><\/figure>\n\n\n\n<p class=\"wp-block-paragraph\">&#8220;Agora, n\u00e3o digo &#8216;vou conseguir um chefe de equipe&#8217;, eu falo que tenho o Andreas Seidl, que est\u00e1 fazendo uma enorme diferen\u00e7a no time. N\u00e3o digo &#8216;vou pegar um bom diretor-t\u00e9cnico&#8217;, tenho o James Key aqui. Acho que um mostrou que cumpro aquilo que prometo e os resultados est\u00e3o aparecendo&#8221;, completou Brown.<\/p>\n\n\n\n<p class=\"wp-block-paragraph\">Segundo o dirigente, a presen\u00e7a de Andreas Seidl na McLaren foi um fator determinante para a contrata\u00e7\u00e3o de Ricciardo. O piloto que atualmente defende a Renault \u00e9 apreciador do trabalho do ex-Porsche.<\/p>\n\n\n\n<p class=\"wp-block-paragraph\">&#8220;Ele \u00e9 um grande f\u00e3 do Andreas, acho que isso fez a diferen\u00e7a na negocia\u00e7\u00e3o. Ele diz que o Andreas \u00e9 &#8216;um monstro&#8217;. E acho que diz no bom sentido&#8221;, comentou.<\/p>\n","protected":false},"excerpt":{"rendered":"<p>Para Zak Brown, CEO da McLaren, as promessas feitas pela equipe ajudaram a convencer Daniel Ricciardo para 2021 ap\u00f3s o fracasso das negocia\u00e7\u00f5es em anos anteriores<\/p>\n","protected":false},"author":0,"featured_media":1000402456,"comment_status":"closed","ping_status":"closed","sticky":false,"template":"","format":"standard","meta":{"42wp_featured_image_caption":"","42wp_featured_image_credits":"","42wp_featured_video":"","42wp_featured_image_hidden":false,"42wp_authors_list":[],"footnotes":""},"categories":[2],"tags":[211,147,118,24837,24860,90,229,580],"42wp_author":[47135],"class_list":["post-127022","post","type-post","status-publish","format-standard","has-post-thumbnail","hentry","category-f1","tag-daniel-ricciardo","tag-f1","tag-f1-2020","tag-formula-1-2","tag-formula-1-2020-2","tag-mclaren","tag-renault","tag-zak-brown","42wp_author-pedro-luis-cuenca"],"_links":{"self":[{"href":"https:\/\/grandepremio.com\/br\/wp-json\/wp\/v2\/posts\/127022","targetHints":{"allow":["GET"]}}],"collection":[{"href":"https:\/\/grandepremio.com\/br\/wp-json\/wp\/v2\/posts"}],"about":[{"href":"https:\/\/grandepremio.com\/br\/wp-json\/wp\/v2\/types\/post"}],"replies":[{"embeddable":true,"href":"https:\/\/grandepremio.com\/br\/wp-json\/wp\/v2\/comments?post=127022"}],"version-history":[{"count":0,"href":"https:\/\/grandepremio.com\/br\/wp-json\/wp\/v2\/posts\/127022\/revisions"}],"wp:featuredmedia":[{"embeddable":true,"href":"https:\/\/grandepremio.com\/br\/wp-json\/wp\/v2\/media\/1000402456"}],"wp:attachment":[{"href":"https:\/\/grandepremio.com\/br\/wp-json\/wp\/v2\/media?parent=127022"}],"wp:term":[{"taxonomy":"category","embeddable":true,"href":"https:\/\/grandepremio.com\/br\/wp-json\/wp\/v2\/categories?post=127022"},{"taxonomy":"post_tag","embeddable":true,"href":"https:\/\/grandepremio.com\/br\/wp-json\/wp\/v2\/tags?post=127022"},{"taxonomy":"42wp_author","embeddable":true,"href":"https:\/\/grandepremio.com\/br\/wp-json\/wp\/v2\/42wp_author?post=127022"}],"curies":[{"name":"wp","href":"https:\/\/api.w.org\/{rel}","templated":true}]}}