{"id":127039,"date":"2020-09-15T14:24:05","date_gmt":"2020-09-15T17:24:05","guid":{"rendered":"https:\/\/grandepremio.com\/br\/noticias\/anuncio-antecipado-da-saida-de-vettel-mostra-que-ferrari-ja-planejava-mudanca\/"},"modified":"2020-09-15T14:24:12","modified_gmt":"2020-09-15T17:24:12","slug":"anuncio-antecipado-da-saida-de-vettel-mostra-que-ferrari-ja-planejava-mudanca","status":"publish","type":"post","link":"https:\/\/grandepremio.com\/br\/f1\/anuncio-antecipado-da-saida-de-vettel-mostra-que-ferrari-ja-planejava-mudanca\/","title":{"rendered":"An\u00fancio antecipado da sa\u00edda de Vettel mostra que Ferrari j\u00e1 planejava mudan\u00e7a"},"content":{"rendered":"\n<p class=\"wp-block-paragraph\">No Cadeira Cativa #23, Ubiratan Leal analisou o precoce an\u00fancio da Ferrari sobre a dupla de pilotos para 2021. Segundo o jornalista, a sa\u00edda de Vettel antes mesmo do in\u00edcio da temporada mostra que o alem\u00e3o estava fora dos planos da escuderia h\u00e1 muito tempo.<\/p>\n\n\n\n<p class=\"wp-block-paragraph\">O Cadeira Cativa \u00e9 o programa do&nbsp;<strong>GRANDE PR\u00caMIO<\/strong>&nbsp;<a href=\"https:\/\/www.youtube.com\/playlist?list=PLULYLQYUzB5quTd-TVZPMhYwfGBYPTVy7\">que recebe jornalistas e personalidades marcantes da cobertura de esporte a motor do Brasil<\/a>.<\/p>\n\n\n\n<p class=\"wp-block-paragraph\"><strong>Conhe\u00e7a o canal do Grande Pr\u00eamio no YouTube! Clique&nbsp;<a href=\"https:\/\/youtube.com\/GrandePremioTV\" target=\"_blank\" rel=\"noreferrer noopener\">aqui<\/a>.<br>Siga o Grande Pr\u00eamio no&nbsp;<a href=\"https:\/\/twitter.com\/grandepremio\" target=\"_blank\" rel=\"noreferrer noopener\">Twitter&nbsp;<\/a>e no&nbsp;<a href=\"https:\/\/instagram.com\/grandepremio\" target=\"_blank\" rel=\"noreferrer noopener\">Instagram<\/a>!<\/strong><\/p>\n\n\n\n<p class=\"wp-block-paragraph\"><strong>Assista ao trecho completo abaixo:<\/strong><\/p>\n\n\n\n<figure class=\"wp-block-embed-youtube wp-block-embed is-type-video is-provider-youtube wp-embed-aspect-16-9 wp-has-aspect-ratio\"><div class=\"wp-block-embed__wrapper\">\n<iframe loading=\"lazy\" title=\"EVERALDO MARQUES, VETTEL, ALONSO e vit\u00f3ria da ALPHATAURI: 2020 mudou F1 | Cadeira Cativa #23\" width=\"500\" height=\"281\" src=\"https:\/\/www.youtube.com\/embed\/BSRYIBvhZ1c?start=2465&amp;feature=oembed\" frameborder=\"0\" allow=\"accelerometer; autoplay; clipboard-write; encrypted-media; gyroscope; picture-in-picture; web-share\" referrerpolicy=\"strict-origin-when-cross-origin\" allowfullscreen><\/iframe>\n<\/div><\/figure>\n\n\n","protected":false},"excerpt":{"rendered":"<p>A Ferrari escolheu a pr\u00f3xima dupla de pilotos para 2021, sem Sebastian Vettel, antes mesmo da atual temporada come\u00e7ar. No Cadeira Cativa #23, o movimento foi visto como uma demonstra\u00e7\u00e3o de que o tetracampe\u00e3o n\u00e3o fazia parte dos planos da escuderia h\u00e1 muito tempo<\/p>\n","protected":false},"author":0,"featured_media":1000418915,"comment_status":"closed","ping_status":"closed","sticky":false,"template":"","format":"standard","meta":{"42wp_featured_image_caption":"","42wp_featured_image_credits":"","42wp_featured_video":"","42wp_featured_image_hidden":false,"42wp_authors_list":[],"footnotes":""},"categories":[2],"tags":[24900,25084,25283,147,118,207,122,24837,24860,210,26170],"42wp_author":[47135],"class_list":["post-127039","post","type-post","status-publish","format-standard","has-post-thumbnail","hentry","category-f1","tag-cadeira-cativa","tag-cadeira-cativa-gp","tag-castilho-de-andrade","tag-f1","tag-f1-2020","tag-ferrari","tag-flavio-gomes","tag-formula-1-2","tag-formula-1-2020-2","tag-sebastian-vettel","tag-ubiratan-leal","42wp_author-pedro-luis-cuenca"],"_links":{"self":[{"href":"https:\/\/grandepremio.com\/br\/wp-json\/wp\/v2\/posts\/127039","targetHints":{"allow":["GET"]}}],"collection":[{"href":"https:\/\/grandepremio.com\/br\/wp-json\/wp\/v2\/posts"}],"about":[{"href":"https:\/\/grandepremio.com\/br\/wp-json\/wp\/v2\/types\/post"}],"replies":[{"embeddable":true,"href":"https:\/\/grandepremio.com\/br\/wp-json\/wp\/v2\/comments?post=127039"}],"version-history":[{"count":0,"href":"https:\/\/grandepremio.com\/br\/wp-json\/wp\/v2\/posts\/127039\/revisions"}],"wp:featuredmedia":[{"embeddable":true,"href":"https:\/\/grandepremio.com\/br\/wp-json\/wp\/v2\/media\/1000418915"}],"wp:attachment":[{"href":"https:\/\/grandepremio.com\/br\/wp-json\/wp\/v2\/media?parent=127039"}],"wp:term":[{"taxonomy":"category","embeddable":true,"href":"https:\/\/grandepremio.com\/br\/wp-json\/wp\/v2\/categories?post=127039"},{"taxonomy":"post_tag","embeddable":true,"href":"https:\/\/grandepremio.com\/br\/wp-json\/wp\/v2\/tags?post=127039"},{"taxonomy":"42wp_author","embeddable":true,"href":"https:\/\/grandepremio.com\/br\/wp-json\/wp\/v2\/42wp_author?post=127039"}],"curies":[{"name":"wp","href":"https:\/\/api.w.org\/{rel}","templated":true}]}}