{"id":127100,"date":"2020-09-13T17:32:09","date_gmt":"2020-09-13T20:32:09","guid":{"rendered":"https:\/\/grandepremio.com\/br\/noticias\/confira-declaracoes-dos-pilotos-apos-gp-da-toscana-2020-de-formula-1\/"},"modified":"2020-09-13T17:35:40","modified_gmt":"2020-09-13T20:35:40","slug":"confira-declaracoes-dos-pilotos-apos-gp-da-toscana-2020-de-formula-1","status":"publish","type":"post","link":"https:\/\/grandepremio.com\/br\/f1\/confira-declaracoes-dos-pilotos-apos-gp-da-toscana-2020-de-formula-1\/","title":{"rendered":"Confira declara\u00e7\u00f5es dos pilotos ap\u00f3s GP da Toscana 2020 de F\u00f3rmula 1"},"content":{"rendered":"\n<figure class=\"wp-block-embed-youtube wp-block-embed is-type-video is-provider-youtube wp-embed-aspect-16-9 wp-has-aspect-ratio\"><div class=\"wp-block-embed__wrapper\">\n<iframe loading=\"lazy\" title=\"F1 2020: Hamilton 90. E Bottas? An\u00e1lise do caos no GP DA TOSCANA | BRIEFING\" width=\"500\" height=\"281\" src=\"https:\/\/www.youtube.com\/embed\/_5QXRT0H1xg?feature=oembed\" frameborder=\"0\" allow=\"accelerometer; autoplay; clipboard-write; encrypted-media; gyroscope; picture-in-picture; web-share\" referrerpolicy=\"strict-origin-when-cross-origin\" allowfullscreen><\/iframe>\n<\/div><\/figure>\n\n\n\n<p class=\"wp-block-paragraph\">O GP da Toscana foi movimentado e, principalmente, acidentado. A etapa que marcou a 1000\u00aa corrida da Ferrari na F\u00f3rmula 1 contou uma entrada do safety-car e duas bandeiras vermelhas. O vencedor mais uma vez foi Lewis Hamilton, da Mercedes.<\/p>\n\n\n\n<p class=\"wp-block-paragraph\">Largando na pole, Hamilton chegou a perder a lideran\u00e7a no in\u00edcio da prova. Ap\u00f3s a primeira bandeira vermelha, no entanto, recuperou o posto e seguiu firme para a 90\u00aa vit\u00f3ria na carreira \u2014 agora, est\u00e1 a uma conquista de igualar o recorde de Michael Schumacher na F\u00f3rmula 1.<\/p>\n\n\n\n<p class=\"wp-block-paragraph\">Valtteri Bottas novamente foi o segundo colocado, fechando a dobradinha da Mercedes. Alexander Albon, da Red Bull, terminou a surpresa e conquistou o primeiro p\u00f3dio na F1.<\/p>\n\n\n\n<p class=\"wp-block-paragraph\">Daniel Ricciardo foi quarto colocado, com Sergio P\u00e9rez em quinto. Lando Norris, Daniil Kvyat, Charles Leclerc, Kimi R\u00e4ikk\u00f6nen e Sebastian Vettel completaram a zona de pontua\u00e7\u00e3o. Max Verstappen e Pierre Gasly, que j\u00e1 venceram em 2020, abandonaram a prova ainda na primeira volta.<\/p>\n\n\n\n<p class=\"wp-block-paragraph\"><strong>Conhe\u00e7a o canal do Grande Pr\u00eamio no YouTube! Clique&nbsp;<a href=\"https:\/\/youtube.com\/GrandePremioTV\" target=\"_blank\" rel=\"noreferrer noopener\">aqui<\/a>.<br>Siga o Grande Pr\u00eamio no&nbsp;<a href=\"https:\/\/twitter.com\/grandepremio\" target=\"_blank\" rel=\"noreferrer noopener\">Twitter&nbsp;<\/a>e no&nbsp;<a href=\"https:\/\/instagram.com\/grandepremio\" target=\"_blank\" rel=\"noreferrer noopener\">Instagram<\/a>!<\/strong><\/p>\n\n\n\n<figure class=\"wp-block-image size-large\"><img decoding=\"async\" src=\"https:\/\/www.grandepremio.com\/br\/wp-content\/uploads\/2020\/09\/mercedes-valtteribottas-01-5-1024x683.jpg\" alt=\"\" class=\"wp-image-418827\"\/><figcaption>A festa da Mercedes ap\u00f3s mais uma dobradinha na temporada 2020 (Foto: Mercedes)<\/figcaption><\/figure>\n\n\n\n<p class=\"wp-block-paragraph\"><strong>Confira declara\u00e7\u00f5es dos pilotos ap\u00f3s o GP da Toscana de 2020:<\/strong><\/p>\n\n\n\n<p class=\"wp-block-paragraph\"><strong>Lewis Hamilton, vencedor: <\/strong><a href=\"https:\/\/www.grandepremio.com\/br\/f1\/noticias\/em-mugello-fenomenal-hamilton-vibra-e-diz-que-e-insano-ter-90-vitorias\/\" target=\"_blank\" rel=\"noreferrer noopener\">Em Mugello \u201cfenomenal\u201d, Hamilton vibra e diz que \u201c\u00e9 insano ter 90 vit\u00f3rias\u201d<\/a><\/p>\n\n\n\n<p class=\"wp-block-paragraph\"><strong>Valtteri Bottas, segundo:<\/strong> <a href=\"https:\/\/www.grandepremio.com\/br\/f1\/noticias\/decepcionado-bottas-lamenta-2o-lugar-apos-largada-dos-sonhos-na-toscana\/\" target=\"_blank\" rel=\"noreferrer noopener\">Decepcionado, Bottas lamenta 2\u00ba lugar ap\u00f3s \u201clargada dos sonhos\u201d na Toscana<\/a><\/p>\n\n\n\n<p class=\"wp-block-paragraph\"><strong>Alexander Albon, terceiro:<\/strong> <a href=\"https:\/\/www.grandepremio.com\/br\/f1\/noticias\/albon-recorda-trabalho-pesado-antes-de-primeiro-podio-na-f1-em-mugello\/\" target=\"_blank\" rel=\"noreferrer noopener\">Albon recorda \u201ctrabalho pesado\u201d antes de primeiro p\u00f3dio na F1 em Mugello<\/a><\/p>\n\n\n\n<p class=\"wp-block-paragraph\"><strong>Daniel Ricciardo, quarto:<\/strong> <a href=\"https:\/\/www.grandepremio.com\/br\/f1\/noticias\/4-em-mugello-ricciardo-recorda-aposta-de-tatuagem-com-chefe-medo-virou-ansiedade\/\" target=\"_blank\" rel=\"noreferrer noopener\">4\u00b0 em Mugello, Ricciardo recorda aposta de tatuagem com chefe: \u201cMedo virou ansiedade\u201d<\/a><\/p>\n\n\n\n<p class=\"wp-block-paragraph\"><strong>Sergio P\u00e9rez, quinto:<\/strong> <a href=\"https:\/\/www.grandepremio.com\/br\/f1\/noticias\/perez-esbraveja-e-culpa-ritmo-ruim-do-carro-por-perda-de-podio-no-gp-da-toscana\/\" target=\"_blank\" rel=\"noreferrer noopener\">P\u00e9rez esbraveja e culpa \u201critmo ruim\u201d do carro por perda de p\u00f3dio no GP da Toscana<\/a><\/p>\n\n\n\n<p class=\"wp-block-paragraph\"><strong>Lando Norris, sexto:<\/strong> &#8220;Estou feliz. Foi uma longa corrida da largada at\u00e9 a chegada, com duas bandeiras vermelhas, mas n\u00e3o acho que h\u00e1 muito mais a dizer. Nos aproveitamos dos erros de outros pilotos, mas n\u00e3o t\u00ednhamos ritmo para fazer mais. Todo mundo que classificou na nossa frente estava mais r\u00e1pido, ent\u00e3o fico feliz com nossa performance. O carro estava complicado de guiar, ent\u00e3o n\u00e3o tive muita confian\u00e7a. Temos muito trabalho para a pr\u00f3xima corrida.&#8221;<\/p>\n\n\n\n<figure class=\"wp-block-image size-large\"><img decoding=\"async\" src=\"https:\/\/www.grandepremio.com\/br\/wp-content\/uploads\/2020\/09\/mclaren-landonorris-03-3-1024x683.jpg\" alt=\"\" class=\"wp-image-418929\"\/><figcaption>Lando Norris foi o sexto colocado no GP da Toscana (Foto: McLaren)<\/figcaption><\/figure>\n\n\n\n<p class=\"wp-block-paragraph\"><strong>Daniil Kvyat, s\u00e9timo:<\/strong> &#8220;Foi uma corrida dif\u00edcil, mentalmente e fisicamente falando, ent\u00e3o acho que orgulhosamente posso dizer que nossa equipe n\u00e3o cometeu nenhum erro, o que \u00e9 \u00f3timo. Foi importante conseguir alguns pontos, ent\u00e3o estou feliz com o resultado e minha pilotagem. O time fez um grande trabalho em dif\u00edceis circunst\u00e2ncias durante as duas bandeiras vermelhas. Nossos estrategistas fizeram as chamadas corretas. O s\u00e9timo lugar foi um bom resultado e nos fizeram somar mais pontos para o campeonato.&#8221;<\/p>\n\n\n\n<p class=\"wp-block-paragraph\"><strong>Charles Leclerc, oitavo:<\/strong> <a href=\"https:\/\/www.grandepremio.com\/br\/f1\/noticias\/leclerc-relata-dificuldades-com-carro-e-decreta-simplesmente-eramos-lentos\/\" target=\"_blank\" rel=\"noreferrer noopener\">Leclerc relata dificuldades com carro e decreta: \u201cSimplesmente \u00e9ramos lentos\u201d<\/a><\/p>\n\n\n\n<p class=\"wp-block-paragraph\"><strong>Kimi R\u00e4ikk\u00f6nen, nono:<\/strong> &#8220;Definitivamente, n\u00e3o foi a corrida mais tranquila, mas ficalmente conseguimos alguns pontos, ent\u00e3o fico feliz com isso. Minha largada foi ruim, n\u00e3o sei exatamente o que aconteceu, mas fui tocado e tive danos no carro. Quem me acertou n\u00e3o esperava o pelot\u00e3o t\u00e3o lento quanto o resto, ent\u00e3o destruiu parte do assoalho e minha asa dianteira \u2014 o que me fez perder equil\u00edbrio. Depois tive uma puni\u00e7\u00e3o por cruzar a linha de entrada dos boxes, o que nunca \u00e9 bom, mas depois da segunda bandeira vermelha encaixei boas voltas e perdi apenas um lugar. Foi uma corrida longe da perfei\u00e7\u00e3o, mas importante pelos dois pontos.&#8221;<\/p>\n\n\n\n<p class=\"wp-block-paragraph\"><strong>Sebastian Vettel, d\u00e9cimo:<\/strong> <a href=\"https:\/\/www.grandepremio.com\/br\/f1\/noticias\/em-10o-de-12-vettel-ve-gp-da-toscana-duro-foi-uma-tarde-muito-agitada\/\" target=\"_blank\" rel=\"noreferrer noopener\">Em 10\u00ba de 12, Vettel v\u00ea GP da Toscana duro: \u201cFoi uma tarde muito agitada\u201d<\/a><\/p>\n\n\n\n<p class=\"wp-block-paragraph\"><strong>George Russell, 11\u00ba:<\/strong> &#8220;\u00c9 uma pena que a corrida estivesse sob controle \u2014 e eu era nono at\u00e9 a \u00faltima bandeira vermelha. Estava dirigindo como um louco, tudo estava est\u00e1vel, os pneus estavam bons. Na \u00faltima largada, eu tive problemas nos pneus e isso fez tudo mais dif\u00edcil. Estou decepcionado comigo mesmo. A equipe sente que merec\u00edamos pontos.&#8221;<\/p>\n\n\n\n<figure class=\"wp-block-image size-large\"><img decoding=\"async\" src=\"https:\/\/www.grandepremio.com\/br\/wp-content\/uploads\/2020\/09\/ferrari-charlesleclerc-01-5-1024x683.jpg\" alt=\"\" class=\"wp-image-418912\"\/><figcaption>Ferrari teve muitas dificuldades no 1000\u00ba GP na F1. Charles Leclerc foi apenas o oitavo (Foto: Ferrari)<\/figcaption><\/figure>\n\n\n\n<p class=\"wp-block-paragraph\"><strong>Romain Grosjean, 12\u00ba:<\/strong> &#8220;Essa \u00e9 uma das grandes for\u00e7as da Haas: nunca desistir. Tive um toque na curva 2 na volta inicial. O carro apagou, estava pronto para abandonar, ent\u00e3o vi duas rodas na grama e liguei novamente. A suspens\u00e3o estava ok, ent\u00e3o decidimos continuar. Na primeira bandeira vermelha, vi as condi\u00e7\u00f5es do carro. N\u00e3o sabia o que esperar do restante da corrida. A \u00faltima largada foi divertida, consegui ganhar algumas posi\u00e7\u00f5es. Mas perdendo dois segundos por volta, devido a problemas aerodin\u00e2micos, n\u00e3o h\u00e1 muito a fazer. Dito isso, estou feliz.&#8221;<\/p>\n\n\n\n<p class=\"wp-block-paragraph\"><strong>Lance Stroll, abandonou:<\/strong> &#8220;Primeiro, estou ok ap\u00f3s o forte acidente. Ainda estamos investigando a causa da batida. Aconteceu tudo rapidamente, mas pareceu uma falha no pneu. Precisamos olhar os dados e confirmar as raz\u00f5es. Existem pontos positivos para analisarmos. Est\u00e1vamos nos aproximando do Ricciardo na briga pela \u00faltima posi\u00e7\u00e3o no p\u00f3dio antes do acidente, tudo prometia um grande final. Estou satisfeito com a melhoria no pacote aerodin\u00e2mico nesta semana. Foi um resultado infeliz e \u00e0s vezes assim \u00e9 a vida, mas vamos pegar as coisas positivas.&#8221;<\/p>\n\n\n\n<p class=\"wp-block-paragraph\"><strong>Esteban Ocon, abandonou:<\/strong> &#8220;Tive um problema de superaquecimento dos freios, isso me fez abandonar. Atr\u00e1s do safety-car, os freios estavam pegando fogo, o que causou danos na parte traseira do carro. Sinto que conseguir\u00edamos bons pontos.&#8221;<\/p>\n\n\n\n<p class=\"wp-block-paragraph\"><strong>Nicholas Latifi, abandonou:<\/strong> &#8220;Sobre relargadas nessa pista, j\u00e1 sab\u00edamos que o l\u00edder adiaria a partida at\u00e9 o \u00faltimo momento poss\u00edvel para evitar o v\u00e1cuo. Ent\u00e3o quando voc\u00ea est\u00e1 no meio do pelot\u00e3o, o &#8216;efeito sanfona&#8217; \u00e9 sempre mais complicado. Eu quase bati no Kevin [Magnussen] na \u00faltima curva, quando ele parou. Estava empolgado para a corrida, mas coisas assim acontecem.&#8221;<\/p>\n\n\n\n<p class=\"wp-block-paragraph\"><strong>Kevin Magnussen, abandonou:<\/strong> &#8220;O que pareceu da relargada \u00e9 que o l\u00edder estava muito lento at\u00e9 a linha de chegada. Algu\u00e9m no meio do pelot\u00e3o decidiu acelerar, mas foi cedo demais. Eu quase fui, mas decidi parar. Quando diminu\u00ed, vi competidores passando, ent\u00e3o fui acertado pelo Giovinazzi. Talvez seja uma boa ideia ter um ponto de largada nas retas, para evitar acidentes como esse.&#8221;<\/p>\n\n\n\n<figure class=\"wp-block-image size-large\"><img decoding=\"async\" src=\"https:\/\/www.grandepremio.com\/br\/wp-content\/uploads\/2020\/09\/haas-kevinmagnussen-03-3-1024x683.jpg\" alt=\"\" class=\"wp-image-418920\"\/><figcaption>Forte acidente causou primeira bandeira vermelha em Mugello (Foto: Haas)<\/figcaption><\/figure>\n\n\n\n<p class=\"wp-block-paragraph\"><strong>Antonio Giovinazzi, abandonou:<\/strong> &#8220;Muito frustrante terminar a corrida desse jeito, sem conseguir realmente dar uma volta em velocidade m\u00e1xima. Mesmo assim, estou feliz com o time marcando pontos. Fiz outra boa largada, pulando para 14\u00ba. N\u00e3o h\u00e1 muito a dizer sobre o acidente, mas foi uma situa\u00e7\u00e3o perigosa. Todo mundo j\u00e1 estava em alta velocidade, quando o Kevin [Magnussen] simplesmente parou no meio da pista. O [Nicholas] Latifi desviou, mas n\u00e3o consegui. Felizmente nunca se machucou neste assustador acidente.&#8221;<\/p>\n\n\n\n<p class=\"wp-block-paragraph\"><strong>Carlos Sainz Jr., abandonou:<\/strong> &#8220;Primeiro, queria agradecer por todos estarem bem ap\u00f3s o perigoso acidente. Esse \u00e9 o principal. Realmente precisamos olhar o que aconteceu e o que desencadeou toda essa situa\u00e7\u00e3o para evitarmos no futuro. N\u00e3o \u00e9 a primeira vez essas relargadas ficam perigosas quando voc\u00ea estpa no meio do pelot\u00e3o, ent\u00e3o algo precisa ser feito. Vendo o lado positivo, foi uma boa largada. Era um dia de arriscar e largar bem porque o ritmo do fim de semana n\u00e3o estava bom. Infelizmente tive um toque com uma Racing Point na briga pela quinta posi\u00e7\u00e3o, que me fez rodar.&#8221;<\/p>\n\n\n\n<p class=\"wp-block-paragraph\"><strong>Pierre Gasly, abandonou:<\/strong> &#8220;\u00c9 uma pena terminar a corrida ap\u00f3s a primeira curva. Foi uma bagun\u00e7a, com muitos carros lado a lado. Vi um espa\u00e7o entre o Kimi [R\u00e4ikk\u00f6nen] e o Romain [Grosjean] na curva 2, fui apertado, fiquei sem sa\u00edda e batemos. N\u00e3o acho que devemos culpar algu\u00e9m, mas \u00e9 uma pena perdermos uma boa oportunidade de pontuar. Mostramos bom ritmo durante o fim de semana, mesmo sem uma boa classifica\u00e7\u00e3o, e estava confiante em uma recupera\u00e7\u00e3o hoje.&#8221;<\/p>\n\n\n\n<p class=\"wp-block-paragraph\"><strong>Max Verstappen, abandonou:<\/strong> &#8220;Claro que estou decepcionado porque sei que seria uma boa corrida para n\u00f3s. Tive um bom arranque na largada, depois n\u00e3o consegui acelerar quando fiquei ao lado do Lewis [Hamilton]. Perdi muita velocidade e n\u00e3o tinha pot\u00eancia. Fui caindo no meio do pelot\u00e3o e fui acertado na traseira. N\u00e3o h\u00e1 muito mais a ser dito. Bom ver o Alex [Albon] conseguir um p\u00f3dio.&#8221;<\/p>\n\n\n\n<figure class=\"wp-block-embed-youtube wp-block-embed is-type-video is-provider-youtube wp-embed-aspect-16-9 wp-has-aspect-ratio\"><div class=\"wp-block-embed__wrapper\">\n<iframe loading=\"lazy\" title=\"EVERALDO MARQUES, VETTEL, ALONSO e vit\u00f3ria da ALPHATAURI: 2020 mudou F1 | Cadeira Cativa #23\" width=\"500\" height=\"281\" src=\"https:\/\/www.youtube.com\/embed\/BSRYIBvhZ1c?feature=oembed\" frameborder=\"0\" allow=\"accelerometer; autoplay; clipboard-write; encrypted-media; gyroscope; picture-in-picture; web-share\" referrerpolicy=\"strict-origin-when-cross-origin\" allowfullscreen><\/iframe>\n<\/div><\/figure>\n","protected":false},"excerpt":{"rendered":"<p>O GP da Toscana teve duas bandeiras vermelhas, muitas confus\u00f5es e mais uma dobradinha da Mercedes. Lewis Hamilton venceu pela 90\u00aa vez na carreira, Valtteri Bottas e Alexander Albon fecharam o p\u00f3dio<\/p>\n","protected":false},"author":0,"featured_media":1000418830,"comment_status":"closed","ping_status":"closed","sticky":false,"template":"","format":"standard","meta":{"42wp_featured_image_caption":"","42wp_featured_image_credits":"","42wp_featured_video":"","42wp_featured_image_hidden":false,"42wp_authors_list":[],"footnotes":""},"categories":[2],"tags":[654,457,524,456,25390,209,969,211,781,302,147,118,207,24837,24860,800,25443,119,117,24834,485,547,87,203,90,82,3211,801,676,310,204,229,120,210,24863,612,215],"42wp_author":[47135],"class_list":["post-127100","post","type-post","status-publish","format-standard","has-post-thumbnail","hentry","category-f1","tag-alexander-albon","tag-alfa-romeo","tag-alphatauri","tag-antonio-giovinazzi","tag-carlos-sainz-jr-2","tag-charles-leclerc","tag-corrida","tag-daniel-ricciardo","tag-daniil-kvyat","tag-esteban-ocon","tag-f1","tag-f1-2020","tag-ferrari","tag-formula-1-2","tag-formula-1-2020-2","tag-george-russell","tag-gp-da-toscana","tag-haas","tag-kevin-magnussen","tag-kimi-raikkonen-2","tag-lance-stroll","tag-lando-norris","tag-lewis-hamilton","tag-max-verstappen","tag-mclaren","tag-mercedes","tag-mugello","tag-nicholas-latifi","tag-pierre-gasly","tag-racing-point","tag-red-bull","tag-renault","tag-romain-grosjean","tag-sebastian-vettel","tag-sergio-perez-2","tag-valtteri-bottas","tag-williams","42wp_author-pedro-luis-cuenca"],"_links":{"self":[{"href":"https:\/\/grandepremio.com\/br\/wp-json\/wp\/v2\/posts\/127100","targetHints":{"allow":["GET"]}}],"collection":[{"href":"https:\/\/grandepremio.com\/br\/wp-json\/wp\/v2\/posts"}],"about":[{"href":"https:\/\/grandepremio.com\/br\/wp-json\/wp\/v2\/types\/post"}],"replies":[{"embeddable":true,"href":"https:\/\/grandepremio.com\/br\/wp-json\/wp\/v2\/comments?post=127100"}],"version-history":[{"count":0,"href":"https:\/\/grandepremio.com\/br\/wp-json\/wp\/v2\/posts\/127100\/revisions"}],"wp:featuredmedia":[{"embeddable":true,"href":"https:\/\/grandepremio.com\/br\/wp-json\/wp\/v2\/media\/1000418830"}],"wp:attachment":[{"href":"https:\/\/grandepremio.com\/br\/wp-json\/wp\/v2\/media?parent=127100"}],"wp:term":[{"taxonomy":"category","embeddable":true,"href":"https:\/\/grandepremio.com\/br\/wp-json\/wp\/v2\/categories?post=127100"},{"taxonomy":"post_tag","embeddable":true,"href":"https:\/\/grandepremio.com\/br\/wp-json\/wp\/v2\/tags?post=127100"},{"taxonomy":"42wp_author","embeddable":true,"href":"https:\/\/grandepremio.com\/br\/wp-json\/wp\/v2\/42wp_author?post=127100"}],"curies":[{"name":"wp","href":"https:\/\/api.w.org\/{rel}","templated":true}]}}