{"id":127101,"date":"2020-09-13T17:31:44","date_gmt":"2020-09-13T20:31:44","guid":{"rendered":"https:\/\/grandepremio.com\/br\/noticias\/frijns-supera-muller-vence-corrida-2-em-nurburgring-e-ainda-respira-no-campeonato\/"},"modified":"2020-09-13T17:32:07","modified_gmt":"2020-09-13T20:32:07","slug":"frijns-supera-muller-vence-corrida-2-em-nurburgring-e-ainda-respira-no-campeonato","status":"publish","type":"post","link":"https:\/\/grandepremio.com\/br\/dtm\/frijns-supera-muller-vence-corrida-2-em-nurburgring-e-ainda-respira-no-campeonato\/","title":{"rendered":"Frijns supera M\u00fcller, vence corrida 2 em N\u00fcrburgring e ainda respira no campeonato"},"content":{"rendered":"\n<figure class=\"wp-block-embed-youtube wp-block-embed is-type-video is-provider-youtube wp-embed-aspect-16-9 wp-has-aspect-ratio\"><div class=\"wp-block-embed__wrapper\">\n<iframe loading=\"lazy\" title=\"F1 2020: Hamilton 90. E Bottas? An\u00e1lise do caos no GP DA TOSCANA | BRIEFING\" width=\"500\" height=\"281\" src=\"https:\/\/www.youtube.com\/embed\/_5QXRT0H1xg?feature=oembed\" frameborder=\"0\" allow=\"accelerometer; autoplay; clipboard-write; encrypted-media; gyroscope; picture-in-picture; web-share\" referrerpolicy=\"strict-origin-when-cross-origin\" allowfullscreen><\/iframe>\n<\/div><\/figure>\n\n\n\n<p class=\"wp-block-paragraph\">Desta vez n\u00e3o deu para Nico M\u00fcller. Robin Frijns desbancou o l\u00edder do campeonato, que largara na pole, e partiu para a vit\u00f3ria da corrida 2 em N\u00fcrburgring neste domingo (13). Com o resultado, o holand\u00eas est\u00e1 viv\u00edssimo na briga pelo t\u00edtulo do DTM.<\/p>\n\n\n\n<p class=\"wp-block-paragraph\">M\u00fcller at\u00e9 largou bem ap\u00f3s <a href=\"https:\/\/www.grandepremio.com\/br\/dtm\/noticias\/muller-dispara-na-frente-e-vence-com-sobras-corrida-1-em-nurburgring\/\">vencer de ponta a ponta no s\u00e1bado<\/a> e mostrava boas condi\u00e7\u00f5es de repetir o feito. Frijns, por outro lado, tinha de se defender dos ataques de Ren\u00e9 Rast. Os tr\u00eas j\u00e1 se distanciavam do pelot\u00e3o.<\/p>\n\n\n\n<p class=\"wp-block-paragraph\">Antes do pit-stop, M\u00fcller apenas controlava os dois. Ainda voltou bem \u00e0 frente, mas Frijns rapidamente foi recuperando campo. Na 17\u00aa volta, mergulhou para ultrapassar o su\u00ed\u00e7o. Depois de passar, Frijns foi para uma vit\u00f3ria tranquila.<\/p>\n\n\n\n<p class=\"wp-block-paragraph\">J\u00e1 Rast alcan\u00e7ou M\u00fcller e tamb\u00e9m ultrapassou, partindo para o segundo lugar. O ritmo de Nico caiu grosseiramente, o que colocou o l\u00edder do campeonato na al\u00e7a de mira dos demais concorrentes. Mike Rockenfeller terminou em terceiro e Lo\u00efc Duval tamb\u00e9m ultrapassou o su\u00ed\u00e7o &#8211; os dois, nesta ordem, foram quarto e quinto colocados.<\/p>\n\n\n\n<p class=\"wp-block-paragraph\">Sheldon van der Linde, Jamie Green, Jonathan Aberdein, Marco Wittmann e Philipp Eng fecharam o top-10. Robert Kubica teve a melhor classifica\u00e7\u00e3o da temporada, largou em nono, mas terminou somente em 12\u00ba na corrida 2 em N\u00fcrburgring.<\/p>\n\n\n\n<p class=\"wp-block-paragraph\">No campeonato, M\u00fcller tem 205 pontos e vantagem de 29 para Frijns. Rast tem 159 e \u00e9 o terceiro.<\/p>\n\n\n\n<p class=\"wp-block-paragraph\">O DTM segue em N\u00fcrburgring, onde disputa mais duas corridas na semana que vem. Depois disso, dois fins de semana seguidos em Zolder, na B\u00e9lgica, em outubro, antes do encerramento, em novembro, em Hockenheim.<\/p>\n\n\n\n<p class=\"wp-block-paragraph\"><strong>Conhe\u00e7a o canal do Grande Pr\u00eamio no YouTube! Clique\u00a0<a href=\"https:\/\/youtube.com\/GrandePremioTV\" target=\"_blank\" rel=\"noreferrer noopener\">aqui<\/a>.<br>Siga o Grande Pr\u00eamio no\u00a0<a href=\"https:\/\/twitter.com\/grandepremio\" target=\"_blank\" rel=\"noreferrer noopener\">Twitter\u00a0<\/a>e no\u00a0<a href=\"https:\/\/instagram.com\/grandepremio\" target=\"_blank\" rel=\"noreferrer noopener\">Instagram<\/a>!<\/strong><\/p>\n","protected":false},"excerpt":{"rendered":"<p>Com a vit\u00f3ria na corrida 2 em N\u00fcrburgring, piloto holand\u00eas da Audi segue forte na briga pelo t\u00edtulo da temporada 2020<\/p>\n","protected":false},"author":0,"featured_media":1000418941,"comment_status":"closed","ping_status":"closed","sticky":false,"template":"","format":"standard","meta":{"42wp_featured_image_caption":"","42wp_featured_image_credits":"","42wp_featured_video":"","42wp_featured_image_hidden":false,"42wp_authors_list":[],"footnotes":""},"categories":[13],"tags":[983,970,2017,805,25662,25145,25001,1593],"42wp_author":[47120],"class_list":["post-127101","post","type-post","status-publish","format-standard","has-post-thumbnail","hentry","category-dtm","tag-alemanha","tag-audi","tag-corrida-2","tag-dtm-2020","tag-nico-muller-2","tag-nurburgring-2","tag-rene-rast-2","tag-robin-frijns","42wp_author-pedro-henrique-marum"],"_links":{"self":[{"href":"https:\/\/grandepremio.com\/br\/wp-json\/wp\/v2\/posts\/127101","targetHints":{"allow":["GET"]}}],"collection":[{"href":"https:\/\/grandepremio.com\/br\/wp-json\/wp\/v2\/posts"}],"about":[{"href":"https:\/\/grandepremio.com\/br\/wp-json\/wp\/v2\/types\/post"}],"replies":[{"embeddable":true,"href":"https:\/\/grandepremio.com\/br\/wp-json\/wp\/v2\/comments?post=127101"}],"version-history":[{"count":0,"href":"https:\/\/grandepremio.com\/br\/wp-json\/wp\/v2\/posts\/127101\/revisions"}],"wp:featuredmedia":[{"embeddable":true,"href":"https:\/\/grandepremio.com\/br\/wp-json\/wp\/v2\/media\/1000418941"}],"wp:attachment":[{"href":"https:\/\/grandepremio.com\/br\/wp-json\/wp\/v2\/media?parent=127101"}],"wp:term":[{"taxonomy":"category","embeddable":true,"href":"https:\/\/grandepremio.com\/br\/wp-json\/wp\/v2\/categories?post=127101"},{"taxonomy":"post_tag","embeddable":true,"href":"https:\/\/grandepremio.com\/br\/wp-json\/wp\/v2\/tags?post=127101"},{"taxonomy":"42wp_author","embeddable":true,"href":"https:\/\/grandepremio.com\/br\/wp-json\/wp\/v2\/42wp_author?post=127101"}],"curies":[{"name":"wp","href":"https:\/\/api.w.org\/{rel}","templated":true}]}}