{"id":127108,"date":"2020-09-13T16:07:49","date_gmt":"2020-09-13T19:07:49","guid":{"rendered":"https:\/\/grandepremio.com\/br\/noticias\/ferrari-deixa-festa-para-tras-e-lastima-por-gp-da-toscana-estamos-muito-decepcionados\/"},"modified":"2020-09-13T16:09:16","modified_gmt":"2020-09-13T19:09:16","slug":"ferrari-deixa-festa-para-tras-e-lastima-por-gp-da-toscana-estamos-muito-decepcionados","status":"publish","type":"post","link":"https:\/\/grandepremio.com\/br\/f1\/ferrari-deixa-festa-para-tras-e-lastima-por-gp-da-toscana-estamos-muito-decepcionados\/","title":{"rendered":"Ferrari deixa festa para tr\u00e1s e lastima por GP da Toscana: \u201cEstamos muito decepcionados\u201d"},"content":{"rendered":"\n<figure class=\"wp-block-embed-youtube wp-block-embed is-type-video is-provider-youtube wp-embed-aspect-16-9 wp-has-aspect-ratio\"><div class=\"wp-block-embed__wrapper\">\n<iframe loading=\"lazy\" title=\"F1 2020: Hamilton 90. E Bottas? An\u00e1lise do caos no GP DA TOSCANA | BRIEFING\" width=\"500\" height=\"281\" src=\"https:\/\/www.youtube.com\/embed\/_5QXRT0H1xg?feature=oembed\" frameborder=\"0\" allow=\"accelerometer; autoplay; clipboard-write; encrypted-media; gyroscope; picture-in-picture; web-share\" referrerpolicy=\"strict-origin-when-cross-origin\" allowfullscreen><\/iframe>\n<\/div><\/figure>\n\n\n\n<p class=\"wp-block-paragraph\"><a href=\"https:\/\/www.grandepremio.com\/br\/f1\/noticias\/hamilton-vence-acidentado-gp-da-toscana-e-albon-e-podio-na-corrida-1-000-da-ferrari\/\">Os festejos pela mil\u00e9sima corrida da Ferrari no Mundial de F\u00f3rmula 1 ficaram todos para antes da largada do GP da Toscana deste domingo (13)<\/a>. Com a chance de comemorar uma marca hist\u00f3rica em uma pista da qual \u00e9 dona, Mugello, a escuderia italiana escreveu mais uma dolorosa p\u00e1gina de um calv\u00e1rio sem fim. Charles Leclerc, \u00e9 verdade, andou as primeiras voltas da prova desta tarde at\u00e9 em terceiro lugar, mas depois foi presa f\u00e1cil para os competidores que vinham atr\u00e1s. <a href=\"https:\/\/www.grandepremio.com\/br\/f1\/noticias\/leclerc-relata-dificuldades-com-carro-e-decreta-simplesmente-eramos-lentos\/\">O monegasco n\u00e3o conseguiu mais que o oitavo lugar<\/a>. Sebastian <a href=\"https:\/\/www.grandepremio.com\/br\/f1\/noticias\/em-10o-de-12-vettel-ve-gp-da-toscana-duro-foi-uma-tarde-muito-agitada\/\">Vettel, por sua vez, foi apenas o d\u00e9cimo dentre 12 carros que terminaram a ca\u00f3tica disputa no tra\u00e7ado pr\u00f3ximo a Floren\u00e7a<\/a>.<\/p>\n\n\n\n<p class=\"wp-block-paragraph\">Para Mattia Binotto, chefe da Ferrari, s\u00f3 resta \u00e0 Ferrari festejar o marco hist\u00f3rico. Por que, dentro da pista, n\u00e3o h\u00e1 nada a comemorar.<\/p>\n\n\n\n<p class=\"wp-block-paragraph\">\u201cLeclerc diz que precisamos fazer algo e ele est\u00e1 certo. N\u00e3o estamos felizes com as corridas, estamos todos muito decepcionados. Claro que n\u00e3o tivemos ritmo de corrida hoje. Charles fez uma boa volta na classifica\u00e7\u00e3o ontem, mas depois de algumas voltas perdemos o ritmo. Falta um passo, e o resultado disso \u00e9 consequ\u00eancia\u201d, afirmou o dirigente \u00edtalo-su\u00ed\u00e7o em entrevista \u00e0 emissora italiana Sky Sports.<\/p>\n\n\n\n<figure class=\"wp-block-image size-large\"><img decoding=\"async\" src=\"https:\/\/www.grandepremio.com\/br\/wp-content\/uploads\/2020\/09\/20080-f1-scuderia-ferrari-tuscan-gp-1000-gp-celebrations-1024x683.jpeg\" alt=\"F1; F\u00d3RMULA 1; GP DA TOSCANA; FERRARI; MATTIA BINOTTO;\" class=\"wp-image-418792\"\/><figcaption>Mattia Binotto neste fim de semana de festa e de lamentos para a Ferrari (Foto: Scuderia Ferrari)<\/figcaption><\/figure>\n\n\n\n<p class=\"wp-block-paragraph\"><strong><br>Conhe\u00e7a o canal do Grande Pr\u00eamio no YouTube! Clique\u00a0<a href=\"https:\/\/youtube.com\/GrandePremioTV\" target=\"_blank\" rel=\"noreferrer noopener\">aqui<\/a>.<br>Siga o Grande Pr\u00eamio no\u00a0<a href=\"https:\/\/twitter.com\/grandepremio\" target=\"_blank\" rel=\"noreferrer noopener\">Twitter\u00a0<\/a>e no\u00a0<a href=\"https:\/\/instagram.com\/grandepremio\" target=\"_blank\" rel=\"noreferrer noopener\">Instagram<\/a>!<\/strong><\/p>\n\n\n\n<p class=\"wp-block-paragraph\">Questionado sobre o motivo para tamanha falta de performance seja em circuitos de alta velocidade, como Monza e Spa, ou em um tra\u00e7ado mais seletivo, como Mugello, Binotto ficou sem respostas.<\/p>\n\n\n\n<p class=\"wp-block-paragraph\">\u201cN\u00e3o temos explica\u00e7\u00f5es t\u00e9cnicas no momento. Temos uma deteriora\u00e7\u00e3o evidente dos pneus, acho que est\u00e1 na dificuldade desse projeto do qual n\u00e3o \u00e9 assim t\u00e3o \u00f3bvio sair. Fazer poucos desenvolvimentos n\u00e3o melhora o cen\u00e1rio. \u00c9 uma situa\u00e7\u00e3o mais profunda de onde precisamos sair dela pelo menos at\u00e9 o fim da temporada e fazer progressos\u201d, salientou.<\/p>\n\n\n\n<p class=\"wp-block-paragraph\">A expectativa \u00e9 que a escuderia de Maranello desenvolva atualiza\u00e7\u00f5es para o GP da R\u00fassia, que vai ser disputado dentro de duas semanas. Mas o chefe da equipe mais longeva do grid \u00e9 claro ao afirmar que nenhuma pe\u00e7a nova vai mudar drasticamente a performance da SF1000.<\/p>\n\n\n\n<p class=\"wp-block-paragraph\">\u201cVamos ter algumas novidades a partir da pr\u00f3xima corrida, mas n\u00e3o v\u00e3o ser coisas que v\u00e3o fazer a diferen\u00e7a. Quando algu\u00e9m tem um problema como o nosso carro, leva mais tempo para dar aquele passo atr\u00e1s, o que \u00e9 necess\u00e1rio para se reposicionar e, depois, dar alguns passos em frente\u201d, disse.<\/p>\n\n\n\n<p class=\"wp-block-paragraph\">\u201cEstamos trabalhando duro em casa e no t\u00fanel de vento para corrigir os erros b\u00e1sicos desse carro tamb\u00e9m para o ano que vem. Podemos at\u00e9 ver alguns ap\u00eandices na pr\u00f3xima corrida, mas n\u00e3o podemos contar com isso com expectativas de reden\u00e7\u00e3o\u201d, assegurou Binotto, pessimista.<\/p>\n\n\n\n<p class=\"wp-block-paragraph\">Ao ser perguntado sobre a raz\u00e3o pela qual a Ferrari n\u00e3o consegue acompanhar o ritmo de melhora das equipes oponentes na esteira de atualiza\u00e7\u00f5es trazidas, o chefe lembrou que o problema do carro vai al\u00e9m. \u201cAcho que a situa\u00e7\u00e3o dos advers\u00e1rios \u00e9 diferente da nossa. Eles trouxeram pequenos desenvolvimentos, como fazemos no come\u00e7o da temporada e faremos novamente. Mas, repito, o nosso problema \u00e9 mais de base e, por isso, precisamos de mais tempo\u201d.<\/p>\n\n\n\n<p class=\"wp-block-paragraph\">Binotto, por fim, ressaltou o trabalho feito por Leclerc no s\u00e1bado. Sobre Vettel, nenhuma palavra, mas lembrou que os pilotos, como um todo, n\u00e3o t\u00eam culpa de fase t\u00e3o tenebrosa. \u201cCertamente, o ponto positivo foi a volta do Charles na classifica\u00e7\u00e3o. Hoje, eles deram o seu melhor, mas se viram em dificuldades sobre as quais falei. Eles tamb\u00e9m fazem parte a equipe. Temos de sair de tudo isso juntos\u201d, clamou.<\/p>\n\n\n\n<figure class=\"wp-block-embed-youtube wp-block-embed is-type-video is-provider-youtube wp-embed-aspect-16-9 wp-has-aspect-ratio\"><div class=\"wp-block-embed__wrapper\">\n<iframe loading=\"lazy\" title=\"Sebastian VETTEL SE VINGA da FERRARI em plena corrida 1.000 na F1 | GP \u00e0s 10\" width=\"500\" height=\"281\" src=\"https:\/\/www.youtube.com\/embed\/gW5apkttUIc?feature=oembed\" frameborder=\"0\" allow=\"accelerometer; autoplay; clipboard-write; encrypted-media; gyroscope; picture-in-picture; web-share\" referrerpolicy=\"strict-origin-when-cross-origin\" allowfullscreen><\/iframe>\n<\/div><\/figure>\n","protected":false},"excerpt":{"rendered":"<p>Com Charles Leclerc em oitavo e Sebastian Vettel apenas em d\u00e9cimo na corrida 1.000 da Ferrari na F\u00f3rmula 1 neste domingo, Mattia Binotto deixou os festejos pela marca hist\u00f3rica no passado para tentar focar em dias melhores em um futuro que n\u00e3o parece muito distante<\/p>\n","protected":false},"author":0,"featured_media":1000418794,"comment_status":"closed","ping_status":"closed","sticky":false,"template":"","format":"standard","meta":{"42wp_featured_image_caption":"","42wp_featured_image_credits":"","42wp_featured_video":"","42wp_featured_image_hidden":false,"42wp_authors_list":[],"footnotes":""},"categories":[2],"tags":[209,147,118,207,24837,25443,24836,442,210],"42wp_author":[47110],"class_list":["post-127108","post","type-post","status-publish","format-standard","has-post-thumbnail","hentry","category-f1","tag-charles-leclerc","tag-f1","tag-f1-2020","tag-ferrari","tag-formula-1-2","tag-gp-da-toscana","tag-grande-premio-2","tag-mattia-binotto","tag-sebastian-vettel","42wp_author-fernando-silva"],"_links":{"self":[{"href":"https:\/\/grandepremio.com\/br\/wp-json\/wp\/v2\/posts\/127108","targetHints":{"allow":["GET"]}}],"collection":[{"href":"https:\/\/grandepremio.com\/br\/wp-json\/wp\/v2\/posts"}],"about":[{"href":"https:\/\/grandepremio.com\/br\/wp-json\/wp\/v2\/types\/post"}],"replies":[{"embeddable":true,"href":"https:\/\/grandepremio.com\/br\/wp-json\/wp\/v2\/comments?post=127108"}],"version-history":[{"count":0,"href":"https:\/\/grandepremio.com\/br\/wp-json\/wp\/v2\/posts\/127108\/revisions"}],"wp:featuredmedia":[{"embeddable":true,"href":"https:\/\/grandepremio.com\/br\/wp-json\/wp\/v2\/media\/1000418794"}],"wp:attachment":[{"href":"https:\/\/grandepremio.com\/br\/wp-json\/wp\/v2\/media?parent=127108"}],"wp:term":[{"taxonomy":"category","embeddable":true,"href":"https:\/\/grandepremio.com\/br\/wp-json\/wp\/v2\/categories?post=127108"},{"taxonomy":"post_tag","embeddable":true,"href":"https:\/\/grandepremio.com\/br\/wp-json\/wp\/v2\/tags?post=127108"},{"taxonomy":"42wp_author","embeddable":true,"href":"https:\/\/grandepremio.com\/br\/wp-json\/wp\/v2\/42wp_author?post=127108"}],"curies":[{"name":"wp","href":"https:\/\/api.w.org\/{rel}","templated":true}]}}