{"id":127113,"date":"2020-09-13T15:25:40","date_gmt":"2020-09-13T18:25:40","guid":{"rendered":"https:\/\/grandepremio.com\/br\/noticias\/mercedes-comemora-retorno-as-dobradinhas-em-corrida-inacreditavel-em-mugello\/"},"modified":"2020-09-13T16:45:59","modified_gmt":"2020-09-13T19:45:59","slug":"mercedes-comemora-retorno-as-dobradinhas-em-corrida-inacreditavel-em-mugello","status":"publish","type":"post","link":"https:\/\/grandepremio.com\/br\/f1\/mercedes-comemora-retorno-as-dobradinhas-em-corrida-inacreditavel-em-mugello\/","title":{"rendered":"Mercedes comemora retorno \u00e0s dobradinhas em &#8220;corrida inacredit\u00e1vel&#8221; em Mugello"},"content":{"rendered":"\n<p class=\"wp-block-paragraph\">Ap\u00f3s uma corrida problem\u00e1tica em Monza, onde a Mercedes ficou fora do p\u00f3dio, toda a loucura do <a href=\"https:\/\/www.grandepremio.com\/br\/f1\/noticias\/hamilton-vence-acidentado-gp-da-toscana-e-albon-e-podio-na-corrida-1-000-da-ferrari\/\">GP da Toscana<\/a> deste domingo (13) ficou para tr\u00e1s. Na frente, Lewis Hamilton e Valtteri Bottas escaparam de maiores confus\u00f5es &#8211; ainda que o finland\u00eas tenha sido protagonista numa delas &#8211; e garantiram dobradinha. Mesmo assim, Toto Wolff viu a corrida como inacredit\u00e1vel.<\/p>\n\n\n\n<p class=\"wp-block-paragraph\">O chefe da Mercedes parabenizou seu time pelo sucesso, mas destacou a felicidade por ver todo mundo deixar a corrida em seguran\u00e7a e, ainda que ap\u00f3s batidas um tanto quanto assustadoras, nada mais grave aconteceu.<\/p>\n\n\n\n<p class=\"wp-block-paragraph\">&#8220;Que corrida inacredit\u00e1vel hoje com tantas bandeiras vermelhas e relargadas. Havia muita coisa rolando e se provou um dia dif\u00edcil para todas as equipes. Em primeiro lugar, estou feliz por ver que todo mundo est\u00e1 bem depois dos acidentes&#8221;, disse.<\/p>\n\n\n\n<p class=\"wp-block-paragraph\">&#8220;A batida na reta dos boxes foi bem assustadora, assim como a do Lance. Para n\u00f3s, \u00f3tima corrida e fant\u00e1stico resultado com uma dobradinha aqui em Mugello. Nossos dois pilotos tiveram desempenhos fort\u00edssimos, \u00e9 o que n\u00f3s sempre esperamos&#8221;, seguiu.<\/p>\n\n\n\n<p class=\"wp-block-paragraph\">&#8220;Parab\u00e9ns a todos da equipe. Aumentamos a lideran\u00e7a no Mundial de Pilotos e no Construtores, o que \u00e9 bom, e agora temos um fim de semana de folga antes de irmos para a R\u00fassia&#8221;, finalizou.<\/p>\n\n\n\n<p class=\"wp-block-paragraph\">A F\u00f3rmula 1 retorna em duas semanas, direto da R\u00fassia.<\/p>\n\n\n\n<p class=\"wp-block-paragraph\"><strong>Conhe\u00e7a o canal do Grande Pr\u00eamio no YouTube! Clique&nbsp;<a href=\"https:\/\/youtube.com\/GrandePremioTV\" target=\"_blank\" rel=\"noreferrer noopener\">aqui<\/a>.<br>Siga o Grande Pr\u00eamio no&nbsp;<a href=\"https:\/\/twitter.com\/grandepremio\" target=\"_blank\" rel=\"noreferrer noopener\">Twitter&nbsp;<\/a>e no&nbsp;<a href=\"https:\/\/instagram.com\/grandepremio\" target=\"_blank\" rel=\"noreferrer noopener\">Instagram<\/a>!<\/strong><\/p>\n","protected":false},"excerpt":{"rendered":"<p>Uma corrida inacredit\u00e1vel, o GP da Toscana. Foi assim que Toto Wolff viu a prova e, por isso, vibrou com o fato de todo mundo terminar o dia em seguran\u00e7a<\/p>\n","protected":false},"author":0,"featured_media":1000413322,"comment_status":"closed","ping_status":"closed","sticky":false,"template":"","format":"standard","meta":{"42wp_featured_image_caption":"","42wp_featured_image_credits":"","42wp_featured_video":"","42wp_featured_image_hidden":false,"42wp_authors_list":[],"footnotes":""},"categories":[2],"tags":[118,157,25443,159,158,82,3211,150],"42wp_author":[47120],"class_list":["post-127113","post","type-post","status-publish","format-standard","has-post-thumbnail","hentry","category-f1","tag-f1-2020","tag-formula-1-2020","tag-gp-da-toscana","tag-horarios-da-f1","tag-horarios-da-formula-1","tag-mercedes","tag-mugello","tag-toto-wolff","42wp_author-pedro-henrique-marum"],"_links":{"self":[{"href":"https:\/\/grandepremio.com\/br\/wp-json\/wp\/v2\/posts\/127113","targetHints":{"allow":["GET"]}}],"collection":[{"href":"https:\/\/grandepremio.com\/br\/wp-json\/wp\/v2\/posts"}],"about":[{"href":"https:\/\/grandepremio.com\/br\/wp-json\/wp\/v2\/types\/post"}],"replies":[{"embeddable":true,"href":"https:\/\/grandepremio.com\/br\/wp-json\/wp\/v2\/comments?post=127113"}],"version-history":[{"count":0,"href":"https:\/\/grandepremio.com\/br\/wp-json\/wp\/v2\/posts\/127113\/revisions"}],"wp:featuredmedia":[{"embeddable":true,"href":"https:\/\/grandepremio.com\/br\/wp-json\/wp\/v2\/media\/1000413322"}],"wp:attachment":[{"href":"https:\/\/grandepremio.com\/br\/wp-json\/wp\/v2\/media?parent=127113"}],"wp:term":[{"taxonomy":"category","embeddable":true,"href":"https:\/\/grandepremio.com\/br\/wp-json\/wp\/v2\/categories?post=127113"},{"taxonomy":"post_tag","embeddable":true,"href":"https:\/\/grandepremio.com\/br\/wp-json\/wp\/v2\/tags?post=127113"},{"taxonomy":"42wp_author","embeddable":true,"href":"https:\/\/grandepremio.com\/br\/wp-json\/wp\/v2\/42wp_author?post=127113"}],"curies":[{"name":"wp","href":"https:\/\/api.w.org\/{rel}","templated":true}]}}