{"id":127116,"date":"2020-09-13T14:37:49","date_gmt":"2020-09-13T17:37:49","guid":{"rendered":"https:\/\/grandepremio.com\/br\/noticias\/em-10o-de-12-vettel-ve-gp-da-toscana-duro-foi-uma-tarde-muito-agitada\/"},"modified":"2020-09-13T15:41:34","modified_gmt":"2020-09-13T18:41:34","slug":"em-10o-de-12-vettel-ve-gp-da-toscana-duro-foi-uma-tarde-muito-agitada","status":"publish","type":"post","link":"https:\/\/grandepremio.com\/br\/f1\/em-10o-de-12-vettel-ve-gp-da-toscana-duro-foi-uma-tarde-muito-agitada\/","title":{"rendered":"Em 10\u00ba de 12, Vettel v\u00ea GP da Toscana duro: &#8220;Foi uma tarde muito agitada&#8221;"},"content":{"rendered":"\n<figure class=\"wp-block-embed-youtube wp-block-embed is-type-video is-provider-youtube wp-embed-aspect-16-9 wp-has-aspect-ratio\"><div class=\"wp-block-embed__wrapper\">\n<iframe loading=\"lazy\" title=\"F1 2020: Hamilton 90. E Bottas? An\u00e1lise do caos no GP DA TOSCANA | BRIEFING\" width=\"500\" height=\"281\" src=\"https:\/\/www.youtube.com\/embed\/_5QXRT0H1xg?feature=oembed\" frameborder=\"0\" allow=\"accelerometer; autoplay; clipboard-write; encrypted-media; gyroscope; picture-in-picture; web-share\" referrerpolicy=\"strict-origin-when-cross-origin\" allowfullscreen><\/iframe>\n<\/div><\/figure>\n\n\n\n<p class=\"wp-block-paragraph\">Sebastian Vettel teve um dia agitado no GP da Toscana. Apesar do fraco e discreto desempenho, o piloto da Ferrari <a href=\"https:\/\/www.grandepremio.com\/br\/f1\/noticias\/hamilton-vence-acidentado-gp-da-toscana-e-albon-e-podio-na-corrida-1-000-da-ferrari\/\" target=\"_blank\" rel=\"noreferrer noopener\">conseguiu fechar a zona de pontua\u00e7\u00e3o e terminou na d\u00e9cima coloca\u00e7\u00e3o<\/a>. Apesar do resultado, pouco a celebrar.<\/p>\n\n\n\n<p class=\"wp-block-paragraph\">Na mil\u00e9sima corrida da Ferrari na F\u00f3rmula 1, a equipe voltou a sofrer com a baixa pot\u00eancia em retas e disputou posi\u00e7\u00f5es com advers\u00e1rios do fim do pelot\u00e3o, como Alfa Romeo, Haas e Williams.<\/p>\n\n\n\n<p class=\"wp-block-paragraph\">&#8220;O carro estava dif\u00edcil de guiar e n\u00e3o tive o ritmo necess\u00e1rio para acelerar mais. \u00c9 uma boa pista. Claro, foi complicado para n\u00f3s, o equil\u00edbrio n\u00e3o estava bom. Acho que voc\u00ea aproveita mais o circuito com o carro fazer o que voc\u00ea quer&#8221;, afirmou o alem\u00e3o.<\/p>\n\n\n\n<figure class=\"wp-block-image size-large\"><img decoding=\"async\" src=\"https:\/\/www.grandepremio.com\/br\/wp-content\/uploads\/2020\/09\/ferrari-sebastianvettel-01-4-1024x683.jpg\" alt=\"\" class=\"wp-image-417885\"\/><figcaption>Sebastian Vettel mais uma vez n\u00e3o andou bem e ficou em 10\u00ba (Foto: Ferrari)<\/figcaption><\/figure>\n\n\n\n<p class=\"wp-block-paragraph\"><strong>Conhe\u00e7a o canal do Grande Pr\u00eamio no YouTube! Clique&nbsp;<a href=\"https:\/\/youtube.com\/GrandePremioTV\" target=\"_blank\" rel=\"noreferrer noopener\">aqui<\/a>.<br>Siga o Grande Pr\u00eamio no&nbsp;<a href=\"https:\/\/twitter.com\/grandepremio\" target=\"_blank\" rel=\"noreferrer noopener\">Twitter&nbsp;<\/a>e no&nbsp;<a href=\"https:\/\/instagram.com\/grandepremio\" target=\"_blank\" rel=\"noreferrer noopener\">Instagram<\/a>!<\/strong><\/p>\n\n\n\n<p class=\"wp-block-paragraph\">&#8220;Foi uma tarde muito agitada. Mas se voc\u00ea possui tr\u00eas oportunidades, voc\u00ea espera conseguir mais do que um ponto. N\u00f3s lutamos muito, tentamos o m\u00e1ximo poss\u00edvel e n\u00e3o ficamos felizes com as posi\u00e7\u00f5es alcan\u00e7adas&#8221;, completou o tetracampe\u00e3o ap\u00f3s a prova em Mugello.<\/p>\n\n\n\n<p class=\"wp-block-paragraph\">Questionado sobre as tr\u00eas largada no GP da Toscana, Vettel fez quest\u00e3o de dizer que n\u00e3o \u00e9 apoiador da regra. Atualmente, quando h\u00e1 uma bandeira vermelha, os pilotos voltam a alinhar no grid e relargaram parados \u2014 antes, era em fila \u00fanica e com todos acelerando.<\/p>\n\n\n\n<p class=\"wp-block-paragraph\">&#8220;Eu n\u00e3o lembro de fazer tantas largadas em um s\u00f3 dia. N\u00e3o sou f\u00e3 desta regra porque se voc\u00ea est\u00e1 na parte direita da pista, ganha muita vantagem. Devemos focar em carros que possam ultrapassar, n\u00e3o jogar uma loteria&#8221;, finalizou.<\/p>\n","protected":false},"excerpt":{"rendered":"<p>No GP da Toscana, Sebastian Vettel finalmente voltou a pontuar, mas conquistou apenas o d\u00e9cimo lugar. No dia da mil\u00e9sima corrida da Ferrari, o tetracampe\u00e3o mundial reclamou do desempenho do carro<\/p>\n","protected":false},"author":0,"featured_media":1000417886,"comment_status":"closed","ping_status":"closed","sticky":false,"template":"","format":"standard","meta":{"42wp_featured_image_caption":"","42wp_featured_image_credits":"","42wp_featured_video":"","42wp_featured_image_hidden":false,"42wp_authors_list":[],"footnotes":""},"categories":[2],"tags":[969,147,118,207,24837,24860,25443,3211,210],"42wp_author":[47135],"class_list":["post-127116","post","type-post","status-publish","format-standard","has-post-thumbnail","hentry","category-f1","tag-corrida","tag-f1","tag-f1-2020","tag-ferrari","tag-formula-1-2","tag-formula-1-2020-2","tag-gp-da-toscana","tag-mugello","tag-sebastian-vettel","42wp_author-pedro-luis-cuenca"],"_links":{"self":[{"href":"https:\/\/grandepremio.com\/br\/wp-json\/wp\/v2\/posts\/127116","targetHints":{"allow":["GET"]}}],"collection":[{"href":"https:\/\/grandepremio.com\/br\/wp-json\/wp\/v2\/posts"}],"about":[{"href":"https:\/\/grandepremio.com\/br\/wp-json\/wp\/v2\/types\/post"}],"replies":[{"embeddable":true,"href":"https:\/\/grandepremio.com\/br\/wp-json\/wp\/v2\/comments?post=127116"}],"version-history":[{"count":0,"href":"https:\/\/grandepremio.com\/br\/wp-json\/wp\/v2\/posts\/127116\/revisions"}],"wp:featuredmedia":[{"embeddable":true,"href":"https:\/\/grandepremio.com\/br\/wp-json\/wp\/v2\/media\/1000417886"}],"wp:attachment":[{"href":"https:\/\/grandepremio.com\/br\/wp-json\/wp\/v2\/media?parent=127116"}],"wp:term":[{"taxonomy":"category","embeddable":true,"href":"https:\/\/grandepremio.com\/br\/wp-json\/wp\/v2\/categories?post=127116"},{"taxonomy":"post_tag","embeddable":true,"href":"https:\/\/grandepremio.com\/br\/wp-json\/wp\/v2\/tags?post=127116"},{"taxonomy":"42wp_author","embeddable":true,"href":"https:\/\/grandepremio.com\/br\/wp-json\/wp\/v2\/42wp_author?post=127116"}],"curies":[{"name":"wp","href":"https:\/\/api.w.org\/{rel}","templated":true}]}}