{"id":127133,"date":"2020-09-13T11:10:14","date_gmt":"2020-09-13T14:10:14","guid":{"rendered":"https:\/\/grandepremio.com\/br\/noticias\/pos-corrida-do-gp-da-toscana-2020-de-formula-1\/"},"modified":"2020-09-12T14:38:14","modified_gmt":"2020-09-12T17:38:14","slug":"pos-corrida-do-gp-da-toscana-2020-de-formula-1","status":"publish","type":"post","link":"https:\/\/grandepremio.com\/br\/briefing\/pos-corrida-do-gp-da-toscana-2020-de-formula-1\/","title":{"rendered":"P\u00f3s-corrida do GP da Toscana 2020 de F\u00f3rmula 1"},"content":{"rendered":"\n<p class=\"wp-block-paragraph\">Victor Martins, Evelyn Guimar\u00e3es e o convidado especial Eduardo Benvenuti, o comentarista e youtuber BRKsEDU, participam do programa que analisa a nona etapa da temporada 2020 da F\u00f3rmula 1, o GP da Toscana, e as repercuss\u00f5es das declara\u00e7\u00f5es de pilotos, chefes de equipes e demais personagens no circuito de Mugello neste domingo (13), al\u00e9m das notas de todos os 20 competidores do grid. Tudo AO VIVO no <a href=\"https:\/\/www.youtube.com\/c\/GrandePremioTV\">GP TV, o canal do GRANDE PR\u00caMIO no YouTube<\/a>.<\/p>\n\n\n\n<p class=\"wp-block-paragraph\">O programa vai ao ar imediatamente ap\u00f3s a bandeirada quadriculada no circuito italiano.<\/p>\n\n\n\n<h3 class=\"wp-block-heading\">Assista ao BRIEFING p\u00f3s-corrida do GP da Toscana de F\u00f3rmula 1<\/h3>\n\n\n\n<figure class=\"wp-block-embed-youtube wp-block-embed is-type-video is-provider-youtube wp-embed-aspect-16-9 wp-has-aspect-ratio\"><div class=\"wp-block-embed__wrapper\">\n<iframe loading=\"lazy\" title=\"F1 2020: Hamilton 90. E Bottas? An\u00e1lise do caos no GP DA TOSCANA | BRIEFING\" width=\"500\" height=\"281\" src=\"https:\/\/www.youtube.com\/embed\/_5QXRT0H1xg?feature=oembed\" frameborder=\"0\" allow=\"accelerometer; autoplay; clipboard-write; encrypted-media; gyroscope; picture-in-picture; web-share\" referrerpolicy=\"strict-origin-when-cross-origin\" allowfullscreen><\/iframe>\n<\/div><\/figure>\n","protected":false},"excerpt":{"rendered":"<p>Logo ap\u00f3s a bandeirada, o GRANDE PR\u00caMIO debate tudo o que aconteceu na nona etapa da temporada 2020 da F\u00f3rmula 1, o GP da Toscana: as pol\u00eamicas, as declara\u00e7\u00f5es dos grandes nomes e as notas dos 20 pilotos do grid em Mugello<\/p>\n","protected":false},"author":0,"featured_media":1000417886,"comment_status":"closed","ping_status":"closed","sticky":false,"template":"","format":"standard","meta":{"42wp_featured_image_caption":"","42wp_featured_image_credits":"","42wp_featured_video":"","42wp_featured_image_hidden":false,"42wp_authors_list":[],"footnotes":""},"categories":[39],"tags":[1566,3350,147,118,642,207,24837,5488,25443,24836,87,203,3211,612,486],"42wp_author":[47110],"class_list":["post-127133","post","type-post","status-publish","format-standard","has-post-thumbnail","hentry","category-briefing","tag-ao-vivo","tag-briefing","tag-f1","tag-f1-2020","tag-f1-ao-vivo","tag-ferrari","tag-formula-1-2","tag-gp-1000","tag-gp-da-toscana","tag-grande-premio-2","tag-lewis-hamilton","tag-max-verstappen","tag-mugello","tag-valtteri-bottas","tag-victor-martins","42wp_author-fernando-silva"],"_links":{"self":[{"href":"https:\/\/grandepremio.com\/br\/wp-json\/wp\/v2\/posts\/127133","targetHints":{"allow":["GET"]}}],"collection":[{"href":"https:\/\/grandepremio.com\/br\/wp-json\/wp\/v2\/posts"}],"about":[{"href":"https:\/\/grandepremio.com\/br\/wp-json\/wp\/v2\/types\/post"}],"replies":[{"embeddable":true,"href":"https:\/\/grandepremio.com\/br\/wp-json\/wp\/v2\/comments?post=127133"}],"version-history":[{"count":0,"href":"https:\/\/grandepremio.com\/br\/wp-json\/wp\/v2\/posts\/127133\/revisions"}],"wp:featuredmedia":[{"embeddable":true,"href":"https:\/\/grandepremio.com\/br\/wp-json\/wp\/v2\/media\/1000417886"}],"wp:attachment":[{"href":"https:\/\/grandepremio.com\/br\/wp-json\/wp\/v2\/media?parent=127133"}],"wp:term":[{"taxonomy":"category","embeddable":true,"href":"https:\/\/grandepremio.com\/br\/wp-json\/wp\/v2\/categories?post=127133"},{"taxonomy":"post_tag","embeddable":true,"href":"https:\/\/grandepremio.com\/br\/wp-json\/wp\/v2\/tags?post=127133"},{"taxonomy":"42wp_author","embeddable":true,"href":"https:\/\/grandepremio.com\/br\/wp-json\/wp\/v2\/42wp_author?post=127133"}],"curies":[{"name":"wp","href":"https:\/\/api.w.org\/{rel}","templated":true}]}}