{"id":127138,"date":"2020-09-13T08:05:55","date_gmt":"2020-09-13T11:05:55","guid":{"rendered":"https:\/\/grandepremio.com\/br\/noticias\/marini-supera-erro-leva-melhor-em-duelo-com-bezzecchi-e-vence-em-san-marino-na-moto2\/"},"modified":"2020-09-13T08:26:37","modified_gmt":"2020-09-13T11:26:37","slug":"marini-supera-erro-leva-melhor-em-duelo-com-bezzecchi-e-vence-em-san-marino-na-moto2","status":"publish","type":"post","link":"https:\/\/grandepremio.com\/br\/motogp\/marini-supera-erro-leva-melhor-em-duelo-com-bezzecchi-e-vence-em-san-marino-na-moto2\/","title":{"rendered":"Marini supera erro, leva melhor em duelo com Bezzecchi e vence em San Marino na Moto2"},"content":{"rendered":"\n<p class=\"wp-block-paragraph\">Luca Marini fez a festa da pouca torcida presente em Misano neste domingo (13). O piloto da VR46 superou um GP de San Marino e da Riviera de Rimini de altos e baixos na Moto2 para vencer com 0s799 de vantagem para Marco Bezzecchi. Enea Bastianini completa o p\u00f3dio.<\/p>\n\n\n\n<p class=\"wp-block-paragraph\">Beneficiado por uma puni\u00e7\u00e3o a Sam Lowes e por um acidente de Remy Gardner, Marini herdou a pole e tratou de tirar proveito da posi\u00e7\u00e3o. Com uma boa sa\u00edda, o italiano da VR46 manteve a ponta e, apesar de uma resist\u00eancia inicial de Bezzecchi, escapou para abrir mais de 1s de frente ap\u00f3s dez voltas.<\/p>\n\n\n\n<p class=\"wp-block-paragraph\">Quando restavam 12 voltas para o fim, por\u00e9m, Bezzecchi come\u00e7ou a cortar a diferen\u00e7a para o companheiro de VR46, enquanto Enea Bastianini tamb\u00e9m tentava se aproximar. O piloto da Italtrans, <a href=\"https:\/\/www.grandepremio.com\/br\/motogp\/noticias\/bastianini-confirma-salto-para-motogp-em-2021-com-ducati-ainda-nao-sei-equipe\/\">que j\u00e1 assegurou o salto para a MotoGP em 2021 com a Ducati<\/a>, contudo, errou na curva 8, mas conseguiu salvar a queda. Ainda assim, se afastou mais de 2s5 do rival da moto #72.<\/p>\n\n\n\n<figure class=\"wp-block-image size-large\"><img decoding=\"async\" src=\"https:\/\/www.grandepremio.com\/br\/wp-content\/uploads\/2020\/09\/LucaMisano-1024x683.jpg\" alt=\"\" class=\"wp-image-418279\"\/><figcaption>Luca Marini venceu pela segunda vez no ano (Foto: VR46)<\/figcaption><\/figure>\n\n\n\n<p class=\"wp-block-paragraph\"><strong>Conhe\u00e7a o canal do Grande Pr\u00eamio no&nbsp;<a href=\"https:\/\/www.youtube.com\/GrandePremioTV\">YouTube<\/a>.<br>Siga o Grande Pr\u00eamio no&nbsp;<a rel=\"noreferrer noopener\" href=\"https:\/\/twitter.com\/grandepremio\" target=\"_blank\">Twitter&nbsp;<\/a>e no&nbsp;<a rel=\"noreferrer noopener\" href=\"https:\/\/instagram.com\/grandepremio\" target=\"_blank\">Instagram<\/a>.<\/strong><\/p>\n\n\n\n<p class=\"wp-block-paragraph\">Com sete voltas para o fim, Marini errou na curva 14 e permitiu a ultrapassagem de Bezzecchi. Dois giros depois, o irm\u00e3o de Rossi retomou a ponta na curva 8, mas acabou perdendo mais uma vez metros depois numa boa manobra de Marco.<\/p>\n\n\n\n<p class=\"wp-block-paragraph\">Luca fez uma nova tentativa com quatro voltas para o fim, mas facilitou o troco do companheiro de equipe. O irm\u00e3o de Rossi insistiu e conseguiu retomar o comando, abrindo vantagem mais uma vez. Enquanto o duo brigava, Bastianini cortou bem a diferen\u00e7a, mas apenas conseguiu encostar para completar o p\u00f3dio, 0s098 atr\u00e1s de Marco.<\/p>\n\n\n\n<p class=\"wp-block-paragraph\">Xavi Vierge conseguiu o quarto posto, \u00e0 frente de Augusto Fern\u00e1ndez, Tom L\u00fcthi e Fabio Di Giannantonio. Lowes precisou escalar o pelot\u00e3o, mas acabou em oitavo, 16s485 atr\u00e1s do italiano que corre com o #10. \u00c1ron Canet e Joe Roberts fecham o rol dos dez melhores.<\/p>\n\n\n\n<p class=\"wp-block-paragraph\">Remy Gardner sofreu uma queda feia no warm-up, teve fraturas na m\u00e3o e no p\u00e9 esquerdos e <a rel=\"noreferrer noopener\" href=\"https:\/\/www.grandepremio.com\/br\/motogp\/noticias\/gardner-cai-feio-no-warm-up-fratura-pe-e-mao-e-fica-fora-do-gp-de-san-marino-de-moto2\/\" target=\"_blank\">n\u00e3o p\u00f4de largar para a corrida deste domingo<\/a>.<\/p>\n\n\n\n<p class=\"wp-block-paragraph\">Outrora protagonista da Moto2, Jorge Navarro segue em uma temporada irreconhec\u00edvel. O espanhol da Speed Up completou apenas duas corridas neste ano \u2015 os GPs do Catar e da Tch\u00e9quia \u2015 e registrou neste domingo o quinto zero em sete etapas.<\/p>\n\n\n\n<p class=\"wp-block-paragraph\">Com a segunda vit\u00f3ria na temporada, Marini chegou aos 112 pontos e abriu 17 de vantagem para Bastianini. Bezzecchi passou Mart\u00edn e agora tem a terceira coloca\u00e7\u00e3o. Tetsuta Nagashima ocupa o quinto posto, com Lowes, Vierge, Canet, Roberts e L\u00fcthi fechando o top-10.<\/p>\n\n\n\n<p class=\"wp-block-paragraph\">No Mundial de Construtores, a Kalex vai soberana, com 175 pontos conquistados ao longo das sete etapas de 2020. Segunda na tabela, a Speed Up tem 118 a menos. MV Agusta e NTS completam a classifica\u00e7\u00e3o. A VR46 lidera o Mundial de Equipes com 50 pontos de vantagem para a Ajo.<\/p>\n\n\n\n<h4 class=\"wp-block-heading\"><strong>Saiba como foi o GP de San Marino e da Riviera de Rimini de Moto2:<\/strong><\/h4>\n\n\n\n<p class=\"wp-block-paragraph\">Sam Lowes conseguiu o melhor tempo na classifica\u00e7\u00e3o do s\u00e1bado, mas por conta de uma puni\u00e7\u00e3o por incidente no GP da Est\u00edria, o brit\u00e2nico largou do pit-lane.<\/p>\n\n\n\n<p class=\"wp-block-paragraph\">Com isso, Remy Gardner herdou a primeira posi\u00e7\u00e3o do grid de largada, sua segunda na temporada 2020. Entretanto, sofreu um forte acidente no warm-up e n\u00e3o p\u00f4de disputar a prova.<\/p>\n\n\n\n<p class=\"wp-block-paragraph\">Atual l\u00edder da classifica\u00e7\u00e3o, Luca Marini fez a terceira marca na tomada de tempos, mas pela puni\u00e7\u00e3o de Lowes e les\u00e3o do australiano, era o primeiro piloto do grid de sa\u00edda. \u00c9 a primeira fila conquistada desde o in\u00edcio do campeonato.<\/p>\n\n\n\n<p class=\"wp-block-paragraph\">Marco Bezzecchi, que caiu no Q2 do s\u00e1bado, foi quarto, mais largou em segundo no GP de San Marino. \u00c9 a segunda vez que come\u00e7ou da primeira fila do pelot\u00e3o, com a vez anterior sendo a pole-position na Andaluzia. Enea Bastianini fecha o top-3.<\/p>\n\n\n\n<p class=\"wp-block-paragraph\">Largada autorizada em Misano e Marini conseguiu manter a primeira coloca\u00e7\u00e3o, enquanto Bezzecchi tamb\u00e9m veio na sequ\u00eancia. Depois que todos os pilotos passaram, Lowes deixou os boxes e foi para a pista.<\/p>\n\n\n\n<figure class=\"wp-block-embed-twitter wp-block-embed is-type-rich is-provider-twitter\"><div class=\"wp-block-embed__wrapper\">\n<blockquote class=\"twitter-tweet\" data-width=\"500\" data-dnt=\"true\"><p lang=\"en\" dir=\"ltr\">The lights go out! \ud83d\udca8<a href=\"https:\/\/x.com\/Luca_Marini_97?ref_src=twsrc%5Etfw\">@Luca_Marini_97<\/a> cuts across the competition to lead into Turn 1! \ud83d\udd1d<a href=\"https:\/\/x.com\/hashtag\/Moto2?src=hash&amp;ref_src=twsrc%5Etfw\">#Moto2<\/a> | <a href=\"https:\/\/x.com\/hashtag\/SanMarinoGP?src=hash&amp;ref_src=twsrc%5Etfw\">#SanMarinoGP<\/a> \ud83c\uddf8\ud83c\uddf2 <a href=\"https:\/\/t.co\/9faTsSwCRe\">pic.twitter.com\/9faTsSwCRe<\/a><\/p>&mdash; MotoGP\u2122\ud83c\udfc1 (@MotoGP) <a href=\"https:\/\/x.com\/MotoGP\/status\/1305089500532662272?ref_src=twsrc%5Etfw\">September 13, 2020<\/a><\/blockquote><script async src=\"https:\/\/platform.x.com\/widgets.js\" charset=\"utf-8\"><\/script>\n<\/div><\/figure>\n\n\n\n<p class=\"wp-block-paragraph\">Com o fim do primeiro giro, Tatsuta Nagashima, o 12\u00ba colocado, foi o piloto que mais perdeu coloca\u00e7\u00f5es ao despencar cinco postos. J\u00e1 Izdihar, que estava em 20\u00ba, foi quem mais subiu, tamb\u00e9m com cinco.<\/p>\n\n\n\n<p class=\"wp-block-paragraph\">Restando 23 giros para a bandeira quadriculada, a dupla da VR46 continua nas duas primeiras coloca\u00e7\u00f5es, enquanto Bastianini vinha no terceiro posto. Mas o italiano da Italtrans precisava segurar Marcel Schr\u00f6tter, o quarto, e Xavi Vierge vinha fechando o top-5. Neste ponto, com 1min37s013, Luca fez a melhor marca da prova.<\/p>\n\n\n\n<figure class=\"wp-block-embed-twitter wp-block-embed is-type-rich is-provider-twitter\"><div class=\"wp-block-embed__wrapper\">\n<blockquote class=\"twitter-tweet\" data-width=\"500\" data-dnt=\"true\"><p lang=\"en\" dir=\"ltr\">Swapping positions and swapping paint! \u2694\ufe0f<br><br>Chaos in the chasing pack as <a href=\"https:\/\/x.com\/ThomasLUTHI?ref_src=twsrc%5Etfw\">@ThomasLUTHI<\/a> sets a new race lap record! \ud83d\udd25<a href=\"https:\/\/x.com\/hashtag\/Moto2?src=hash&amp;ref_src=twsrc%5Etfw\">#Moto2<\/a> | <a href=\"https:\/\/x.com\/hashtag\/SanMarinoGP?src=hash&amp;ref_src=twsrc%5Etfw\">#SanMarinoGP<\/a> \ud83c\uddf8\ud83c\uddf2 <a href=\"https:\/\/t.co\/G3vKtiQ0qV\">pic.twitter.com\/G3vKtiQ0qV<\/a><\/p>&mdash; MotoGP\u2122\ud83c\udfc1 (@MotoGP) <a href=\"https:\/\/x.com\/MotoGP\/status\/1305090997559480322?ref_src=twsrc%5Etfw\">September 13, 2020<\/a><\/blockquote><script async src=\"https:\/\/platform.x.com\/widgets.js\" charset=\"utf-8\"><\/script>\n<\/div><\/figure>\n\n\n\n<p class=\"wp-block-paragraph\">Enquanto as primeiras coloca\u00e7\u00f5es se mantinham sem grandes mudan\u00e7as, a a\u00e7\u00e3o ficava mais para tr\u00e1s. Inclusive, Hector Garz\u00f3 foi o primeiro piloto a registrar uma queda ao ir ao ch\u00e3o na curva 3.<\/p>\n\n\n\n<p class=\"wp-block-paragraph\">Com pouco menos de dez voltas rodadas em Misano, a ordem na pista era Marini, Bezzecchi, Bastianini, Vierge, Schr\u00f6tter, Fabio Di Giannantonio, Thom L\u00fcthi, Augusto Fern\u00e1ndez, Jorge Navarro e Nagashima.<\/p>\n\n\n\n<p class=\"wp-block-paragraph\">Jorge Navarro foi outro nome que protagonizou queda no circuito italiano. Na curva 1, o espanhol acabou no ch\u00e3o e registrou a nada agrad\u00e1vel marca de cinco abandonos em sete corridas em 2020.<\/p>\n\n\n\n<figure class=\"wp-block-embed-twitter wp-block-embed is-type-rich is-provider-twitter\"><div class=\"wp-block-embed__wrapper\">\n<blockquote class=\"twitter-tweet\" data-width=\"500\" data-dnt=\"true\"><p lang=\"en\" dir=\"ltr\">From bad to worse in 2020! \ud83e\udd7a<a href=\"https:\/\/x.com\/Jorge_Navarro9?ref_src=twsrc%5Etfw\">@Jorge_Navarro9<\/a> crashes out on the <a href=\"https:\/\/x.com\/hashtag\/SanMarinoGP?src=hash&amp;ref_src=twsrc%5Etfw\">#SanMarinoGP<\/a> \ud83c\uddf8\ud83c\uddf2<a href=\"https:\/\/x.com\/hashtag\/Moto2?src=hash&amp;ref_src=twsrc%5Etfw\">#Moto2<\/a> <a href=\"https:\/\/t.co\/pjyql6yvXq\">pic.twitter.com\/pjyql6yvXq<\/a><\/p>&mdash; MotoGP\u2122\ud83c\udfc1 (@MotoGP) <a href=\"https:\/\/x.com\/MotoGP\/status\/1305093846536257536?ref_src=twsrc%5Etfw\">September 13, 2020<\/a><\/blockquote><script async src=\"https:\/\/platform.x.com\/widgets.js\" charset=\"utf-8\"><\/script>\n<\/div><\/figure>\n\n\n\n<p class=\"wp-block-paragraph\">Com o passar das voltas, Luca vinha aumentando seu respiro na ponta, j\u00e1 sustentando 1s085. Entretanto, Enea, em compara\u00e7\u00e3o aos dois primeiros colocados, fez volta cerca de 0s2 mais r\u00e1pida, mas ainda estava 0s995 do segundo posto.<\/p>\n\n\n\n<p class=\"wp-block-paragraph\">A corrida se aproximada do final e a lideran\u00e7a mudou de m\u00e3os. Apesar de ter se mantido dentro da VR46, agora era Bezzecchi quem estava no primeiro posto, mas o companheiro estava bastante pr\u00f3ximo, apenas 0s268 atr\u00e1s. Enquanto isso, Bastianini protagonizou uma salvada, evitando a queda e se mantendo em terceiro.<\/p>\n\n\n\n<figure class=\"wp-block-embed-twitter wp-block-embed is-type-rich is-provider-twitter\"><div class=\"wp-block-embed__wrapper\">\n<blockquote class=\"twitter-tweet\" data-width=\"500\" data-dnt=\"true\"><p lang=\"en\" dir=\"ltr\">Change of the lead! \ud83d\udd04<a href=\"https:\/\/x.com\/Luca_Marini_97?ref_src=twsrc%5Etfw\">@Luca_Marini_97<\/a> has made a mistake and <a href=\"https:\/\/x.com\/Marco12_B?ref_src=twsrc%5Etfw\">@Marco12_B<\/a> is through! \u2694\ufe0f<br><br>GAME ON! \ud83d\ude4c<a href=\"https:\/\/x.com\/hashtag\/Moto2?src=hash&amp;ref_src=twsrc%5Etfw\">#Moto2<\/a> | <a href=\"https:\/\/x.com\/hashtag\/SanMarinoGP?src=hash&amp;ref_src=twsrc%5Etfw\">#SanMarinoGP<\/a> \ud83c\uddf8\ud83c\uddf2 <a href=\"https:\/\/t.co\/4kGWJY347r\">pic.twitter.com\/4kGWJY347r<\/a><\/p>&mdash; MotoGP\u2122\ud83c\udfc1 (@MotoGP) <a href=\"https:\/\/x.com\/MotoGP\/status\/1305096953311698944?ref_src=twsrc%5Etfw\">September 13, 2020<\/a><\/blockquote><script async src=\"https:\/\/platform.x.com\/widgets.js\" charset=\"utf-8\"><\/script>\n<\/div><\/figure>\n\n\n\n<p class=\"wp-block-paragraph\">N\u00e3o demorou muito para que Luca desse o troco em cima de Marco dois giros mais tarde. O duelo dos companheiros estava bastante animado, com Bezzecchi fazendo a investida duas curvas mais \u00e0 frente e retomando o primeiro posto.<\/p>\n\n\n\n<p class=\"wp-block-paragraph\">A disputa n\u00e3o cessou e o irm\u00e3o de Valentino Rossi mais uma vez deu o bote em cima do colega de equipe. Retomando a ponta, viu o segundo colocado balan\u00e7ar levemente na moto, mas pouco depois tentou se recolocar na ponta, sem grande sucesso.<\/p>\n\n\n\n<p class=\"wp-block-paragraph\">Enquanto a dupla da VR46 estava empenhada na briga interna, Bastianini vinha tirando cada vez mais a desvantagem na terceira coloca\u00e7\u00e3o. No \u00faltimo giro, foi o mais r\u00e1pido do trio ao virar 1min37s260.<\/p>\n\n\n\n<p class=\"wp-block-paragraph\">Enea tentava tirar o atraso para Bezzecchi, entretanto, estava 0s992. Mas com um erro de Marco, Bastianini conseguiu se aproximar de forma perigosa, estando apenas 0s336 atr\u00e1s na abertura da \u00faltima volta. Na ponta, Marini abriu 1s136.<\/p>\n\n\n\n<p class=\"wp-block-paragraph\">Nagashima, que chegou a liderar a classifica\u00e7\u00e3o no in\u00edcio da temporada, tinha final de semana complicado em Misano. Ap\u00f3s ter desempenho bastante discreto, protagonizou uma queda no giro final.<\/p>\n\n\n\n<p class=\"wp-block-paragraph\">Festa nos boxes da VR46 ap\u00f3s a bandeira quadriculada. Marini garantiu a vit\u00f3ria, a segunda da temporada e quarto p\u00f3dio do ano. Bezzecchi foi o segundo colocado, enquanto Bastianini completou o p\u00f3dio do dia. Saindo do pit-lane, Lowes cruzou a linha de chegada em oitavo.<\/p>\n\n\n\n<p class=\"wp-block-paragraph\">Com o resultado, o italiano abriu ainda mais vantagem na primeira coloca\u00e7\u00e3o da classifica\u00e7\u00e3o, pulando de oito para 17 pontos de respiro para Enea.<\/p>\n\n\n\n<h4 class=\"wp-block-heading\"><strong>Moto2 2020, GP de San Marino e da Riviera de Rimini, Misano, Final:<\/strong><\/h4>\n\n\n\n<figure class=\"wp-block-table\"><table><tbody><tr><td><strong>1<\/strong><\/td><td>L MARINI<\/td><td>VR46 Kalex<\/td><td>40:41.774<\/td><td>25 voltas<\/td><\/tr><tr><td><strong>2<\/strong><\/td><td>M BEZZECCHI<\/td><td>VR46 Kalex<\/td><td>+0.799<\/td><td>&nbsp;<\/td><\/tr><tr><td><strong>3<\/strong><\/td><td>E BASTIANINI<\/td><td>Italtrans Kalex<\/td><td>+0.897<\/td><td>&nbsp;<\/td><\/tr><tr><td><strong>4<\/strong><\/td><td>X VIERGE<\/td><td>SIC Kalex<\/td><td>+2.177<\/td><td>&nbsp;<\/td><\/tr><tr><td><strong>5<\/strong><\/td><td>A FERN\u00c1NDEZ<\/td><td>Marc VDS Kalex<\/td><td>+8.307<\/td><td>&nbsp;<\/td><\/tr><tr><td><strong>6<\/strong><\/td><td>T L\u00dcTHI<\/td><td>Intact Kalex<\/td><td>+9.046<\/td><td>&nbsp;<\/td><\/tr><tr><td><strong>7<\/strong><\/td><td>F DI GIANNANTONIO<\/td><td>Speed UP<\/td><td>+9.971<\/td><td>&nbsp;<\/td><\/tr><tr><td><strong>8<\/strong><\/td><td>S LOWES<\/td><td>Marc VDS Kalex<\/td><td>+16.485<\/td><td>&nbsp;<\/td><\/tr><tr><td><strong>9<\/strong><\/td><td>A CANET<\/td><td>Aspar Speed Up<\/td><td>+17.036<\/td><td>&nbsp;<\/td><\/tr><tr><td><strong>10<\/strong><\/td><td>J ROBERTS<\/td><td>American Kalex<\/td><td>+17.209<\/td><td>&nbsp;<\/td><\/tr><tr><td><strong>11<\/strong><\/td><td>L BALDASSARRI<\/td><td>PONS Kalex<\/td><td>+17.741<\/td><td>&nbsp;<\/td><\/tr><tr><td><strong>12<\/strong><\/td><td>M RAM\u00cdREZ<\/td><td>American Kalex<\/td><td>+19.152<\/td><td>&nbsp;<\/td><\/tr><tr><td><strong>13<\/strong><\/td><td>L DALLA PORTA<\/td><td>Italtrans Kalex<\/td><td>+21.946<\/td><td>&nbsp;<\/td><\/tr><tr><td><strong>14<\/strong><\/td><td>S CORSI<\/td><td>Forward MV Agusta<\/td><td>+22.005<\/td><td>&nbsp;<\/td><\/tr><tr><td><strong>15<\/strong><\/td><td>N BULEGA<\/td><td>Gresini Kalex<\/td><td>+24.404<\/td><td>&nbsp;<\/td><\/tr><tr><td><strong>16<\/strong><\/td><td>J DIXON<\/td><td>SIC Kalex<\/td><td>+24.663<\/td><td>&nbsp;<\/td><\/tr><tr><td><strong>17<\/strong><\/td><td>S MANZI<\/td><td>Forward MV Agusta<\/td><td>+27.442<\/td><td>&nbsp;<\/td><\/tr><tr><td><strong>18<\/strong><\/td><td>S CHANTRA<\/td><td>Team Tady Kalex<\/td><td>+32.671<\/td><td>&nbsp;<\/td><\/tr><tr><td><strong>19<\/strong><\/td><td>B BENDSNEYDER<\/td><td>RW NTS<\/td><td>+35.844<\/td><td>&nbsp;<\/td><\/tr><tr><td><strong>20<\/strong><\/td><td>K DANIEL<\/td><td>SAG Kalex<\/td><td>+46.463<\/td><td>&nbsp;<\/td><\/tr><tr><td><strong>&nbsp;<\/strong><\/td><td>T NAGASHIMA<\/td><td>Red Bull KTM Ajo Kalex<\/td><td>NC<\/td><td>&nbsp;<\/td><\/tr><tr><td><strong>&nbsp;<\/strong><\/td><td>H SYAHRIN<\/td><td>Aspar Speed Up<\/td><td>NC<\/td><td>&nbsp;<\/td><\/tr><tr><td><strong>&nbsp;<\/strong><\/td><td>M SCHROTTER<\/td><td>Intact Kalex<\/td><td>NC<\/td><td>&nbsp;<\/td><\/tr><tr><td><strong>&nbsp;<\/strong><\/td><td>F IZDIHAR<\/td><td>Team Tady Kalex<\/td><td>NC<\/td><td>&nbsp;<\/td><\/tr><tr><td><strong>&nbsp;<\/strong><\/td><td>J RAFFIN<\/td><td>NTS RW<\/td><td>NC<\/td><td>&nbsp;<\/td><\/tr><tr><td><strong>&nbsp;<\/strong><\/td><td>E PONS<\/td><td>Gresini Kalex<\/td><td>NC<\/td><td>&nbsp;<\/td><\/tr><tr><td><strong>&nbsp;<\/strong><\/td><td>J NAVARRO<\/td><td>Speed UP<\/td><td>NC<\/td><td>&nbsp;<\/td><\/tr><tr><td><strong>&nbsp;<\/strong><\/td><td>H GARZ\u00d3<\/td><td>PONS Kalex<\/td><td>NC<\/td><td>&nbsp;<\/td><\/tr><\/tbody><\/table><\/figure>\n\n\n\n<figure class=\"wp-block-embed-dailymotion wp-block-embed is-type-video is-provider-dailymotion wp-embed-aspect-16-9 wp-has-aspect-ratio\"><div class=\"wp-block-embed__wrapper\">\n<iframe loading=\"lazy\" title=\"Ningu\u00e9m quer PUNI\u00c7\u00d5ES EM EXCESSO, mas MotoGP precisa de CONSIST\u00caNCIA | GP \u00e0s 10\" frameborder=\"0\" width=\"500\" height=\"281\" src=\"https:\/\/geo.dailymotion.com\/player.html?video=x7vuawt&#038;\" allowfullscreen allow=\"autoplay; fullscreen; picture-in-picture; web-share\"><\/iframe>\n<\/div><\/figure>\n","protected":false},"excerpt":{"rendered":"<p>L\u00edder do Mundial, o piloto da VR46 dominou a primeira metade da corrida, mas um erro em Misano o fez suar pela vit\u00f3ria em um duelo com o companheiro de equipe. Enea Bastianini precisou salvar uma queda, mas assegurou o terceiro posto<\/p>\n","protected":false},"author":0,"featured_media":1000418281,"comment_status":"closed","ping_status":"closed","sticky":false,"template":"","format":"standard","meta":{"42wp_featured_image_caption":"","42wp_featured_image_credits":"","42wp_featured_video":"","42wp_featured_image_hidden":false,"42wp_authors_list":[],"footnotes":""},"categories":[8],"tags":[4800,3464,79,174,26204,1930,78,24850],"42wp_author":[47113,47123],"class_list":["post-127138","post","type-post","status-publish","format-standard","has-post-thumbnail","hentry","category-motogp","tag-fox-sports","tag-misano","tag-moto-gp","tag-moto-gp-2020","tag-moto-gp-hoje","tag-moto2","tag-motogp","tag-motogp-fox-sports","42wp_author-juliana-tesser","42wp_author-nathalia-de-vivo"],"_links":{"self":[{"href":"https:\/\/grandepremio.com\/br\/wp-json\/wp\/v2\/posts\/127138","targetHints":{"allow":["GET"]}}],"collection":[{"href":"https:\/\/grandepremio.com\/br\/wp-json\/wp\/v2\/posts"}],"about":[{"href":"https:\/\/grandepremio.com\/br\/wp-json\/wp\/v2\/types\/post"}],"replies":[{"embeddable":true,"href":"https:\/\/grandepremio.com\/br\/wp-json\/wp\/v2\/comments?post=127138"}],"version-history":[{"count":0,"href":"https:\/\/grandepremio.com\/br\/wp-json\/wp\/v2\/posts\/127138\/revisions"}],"wp:featuredmedia":[{"embeddable":true,"href":"https:\/\/grandepremio.com\/br\/wp-json\/wp\/v2\/media\/1000418281"}],"wp:attachment":[{"href":"https:\/\/grandepremio.com\/br\/wp-json\/wp\/v2\/media?parent=127138"}],"wp:term":[{"taxonomy":"category","embeddable":true,"href":"https:\/\/grandepremio.com\/br\/wp-json\/wp\/v2\/categories?post=127138"},{"taxonomy":"post_tag","embeddable":true,"href":"https:\/\/grandepremio.com\/br\/wp-json\/wp\/v2\/tags?post=127138"},{"taxonomy":"42wp_author","embeddable":true,"href":"https:\/\/grandepremio.com\/br\/wp-json\/wp\/v2\/42wp_author?post=127138"}],"curies":[{"name":"wp","href":"https:\/\/api.w.org\/{rel}","templated":true}]}}