{"id":127140,"date":"2020-09-13T07:27:25","date_gmt":"2020-09-13T10:27:25","guid":{"rendered":"https:\/\/grandepremio.com\/br\/noticias\/meteorologia-preve-muito-calor-e-chance-nula-de-chuva-para-gp-da-toscana-de-formula-1\/"},"modified":"2020-09-13T07:27:30","modified_gmt":"2020-09-13T10:27:30","slug":"meteorologia-preve-muito-calor-e-chance-nula-de-chuva-para-gp-da-toscana-de-formula-1","status":"publish","type":"post","link":"https:\/\/grandepremio.com\/br\/f1\/meteorologia-preve-muito-calor-e-chance-nula-de-chuva-para-gp-da-toscana-de-formula-1\/","title":{"rendered":"Meteorologia prev\u00ea muito calor e chance nula de chuva para GP da Toscana de F\u00f3rmula 1"},"content":{"rendered":"\n<figure class=\"wp-block-embed-youtube wp-block-embed is-type-video is-provider-youtube wp-embed-aspect-16-9 wp-has-aspect-ratio\"><div class=\"wp-block-embed__wrapper\">\n<iframe loading=\"lazy\" title=\"Sebastian VETTEL SE VINGA da FERRARI em plena corrida 1.000 na F1 | GP \u00e0s 10\" width=\"500\" height=\"281\" src=\"https:\/\/www.youtube.com\/embed\/gW5apkttUIc?feature=oembed\" frameborder=\"0\" allow=\"accelerometer; autoplay; clipboard-write; encrypted-media; gyroscope; picture-in-picture; web-share\" referrerpolicy=\"strict-origin-when-cross-origin\" allowfullscreen><\/iframe>\n<\/div><\/figure>\n\n\n\n<p class=\"wp-block-paragraph\">Neste per\u00edodo que marca o fim do ver\u00e3o na Europa, Mugello vai receber pela primeira vez uma corrida do Mundial de F\u00f3rmula 1 neste domingo (13). Uma corrida que traz a perspectiva de ser quente dentro da pista, com as muitas vari\u00e1veis que compreende um circuito ainda desconhecido para muitos pilotos e equipes do Mundial, mas quente tamb\u00e9m quanto ao clima para o in\u00e9dito GP da Toscana de logo mais, diz a meteorologia. A prova marca o hist\u00f3rico mil\u00e9simo GP da Ferrari na F\u00f3rmula 1.<\/p>\n\n\n\n<p class=\"wp-block-paragraph\">Segundo o site especializado Weather Channel, n\u00e3o h\u00e1 a menor chance de chuva para as pr\u00f3ximas horas em Scarperia e San Piero, na Toscana, localizado a cerca de 30 km da bel\u00edssima Floren\u00e7a. A temperatura ambiente ao longo das pr\u00f3ximas horas vai alcan\u00e7ar os 30\u00baC, com garantia de c\u00e9u azul por toda a tarde.<\/p>\n\n\n\n<figure class=\"wp-block-image size-large\"><img decoding=\"async\" src=\"https:\/\/www.grandepremio.com\/br\/wp-content\/uploads\/2020\/09\/ferrari-sebastianvettel-01-4-1024x683.jpg\" alt=\"\" class=\"wp-image-417885\"\/><figcaption>Calor vai ser uma das marcas do hist\u00f3rico mil\u00e9simo GP da Ferrari na F\u00f3rmula 1 (Foto: Ferrari)<\/figcaption><\/figure>\n\n\n\n<p class=\"wp-block-paragraph\"><strong>Conhe\u00e7a o canal do Grande Pr\u00eamio no YouTube! Clique&nbsp;<a href=\"https:\/\/youtube.com\/GrandePremioTV\" target=\"_blank\" rel=\"noreferrer noopener\">aqui<\/a>.<br>Siga o Grande Pr\u00eamio no&nbsp;<a href=\"https:\/\/twitter.com\/grandepremio\" target=\"_blank\" rel=\"noreferrer noopener\">Twitter&nbsp;<\/a>e no&nbsp;<a href=\"https:\/\/instagram.com\/grandepremio\" target=\"_blank\" rel=\"noreferrer noopener\">Instagram<\/a>!<\/strong><\/p>\n\n\n\n<p class=\"wp-block-paragraph\">O que chama a aten\u00e7\u00e3o \u00e9 a velocidade dos ventos, que vai soprar em velocidade estimada de 18 km\/h na dire\u00e7\u00e3o Nor-Nordeste. A umidade relativa do ar prevista para o per\u00edodo da corrida \u00e9 de 39%.<\/p>\n\n\n\n<p class=\"wp-block-paragraph\">As altas temperaturas no ambiente e na pista para a corrida trazem a expectativa de uma jornada marcada pelo alto desgaste dos pneus, sobretudo por conta do asfalto abrasivo de Mugello. <a href=\"https:\/\/www.grandepremio.com\/br\/f1\/noticias\/hamilton-vence-duelo-com-bottas-na-toscana-e-crava-95a-pole-da-carreira-na-formula-1\/\">A Mercedes, que dominou o treino classificat\u00f3rio com Lewis Hamilton na pole e Valtteri Bottas na segunda posi\u00e7\u00e3o, tem na Red Bull uma amea\u00e7a<\/a>. Max Verstappen fez sua melhor classifica\u00e7\u00e3o em 2020 e ficou a 0s365 do tempo estabelecido pelo hexacampe\u00e3o do mundo: 1min15s144.<\/p>\n\n\n\n<p class=\"wp-block-paragraph\">A previs\u00e3o de desgaste de pneus para a corrida \u00e9 compartilhada pela Pirelli. \u201cComo Mugello \u00e9 um circuito totalmente novo e n\u00e3o \u00e9 t\u00e3o f\u00e1cil de ultrapassar, com trechos de alta velocidade e setores mais t\u00e9cnicos, a estrat\u00e9gia ser\u00e1 muito importante: especialmente porque o desgaste dos pneus deve ser elevado. Essa degrada\u00e7\u00e3o, em particular do pneu macio, ser\u00e1 a chave para a estrat\u00e9gia\u201d, analisou Mario Isola, comandante da fornecedora \u00fanica de pneus para a F\u00f3rmula 1.<\/p>\n\n\n\n<p class=\"wp-block-paragraph\">\u201cControlar a degrada\u00e7\u00e3o do composto macio no in\u00edcio da corrida ser\u00e1 crucial, e isso vai determinar se a corrida ter\u00e1 um ou mais pit-stops. Ou seja, s\u00e3o v\u00e1rias estrat\u00e9gias diferentes poss\u00edveis. Os pneus macios foram usados \u200b\u200bdo in\u00edcio ao fim da classifica\u00e7\u00e3o de hoje, mas os compostos mais duros certamente ter\u00e3o seu valor amanh\u00e3, especialmente para os pilotos que contemplam uma estrat\u00e9gia de parada \u00fanica\u201d, complementou.<\/p>\n\n\n\n<p class=\"wp-block-paragraph\">O GP da Toscana de F\u00f3rmula 1 tem largada prevista para 10h10 (de Bras\u00edlia) deste domingo. Antes, a partir de 9h, o <strong>GRANDE PR\u00caMIO<\/strong> analisa a classifica\u00e7\u00e3o e traz todos os bastidores e \u00faltimas informa\u00e7\u00f5es de Mugello <a href=\"https:\/\/www.youtube.com\/watch?v=m8VC5A4Yj_o\">AO VIVO no BRIEFING pr\u00e9-corrida. Tudo na GP TV, o canal do GRANDE PR\u00caMIO no YouTube<\/a>.<\/p>\n\n\n\n<figure class=\"wp-block-embed-youtube wp-block-embed is-type-video is-provider-youtube wp-embed-aspect-16-9 wp-has-aspect-ratio\"><div class=\"wp-block-embed__wrapper\">\n<iframe loading=\"lazy\" title=\"EVERALDO MARQUES, VETTEL, ALONSO e vit\u00f3ria da ALPHATAURI: 2020 mudou F1 | Cadeira Cativa #23\" width=\"500\" height=\"281\" src=\"https:\/\/www.youtube.com\/embed\/BSRYIBvhZ1c?feature=oembed\" frameborder=\"0\" allow=\"accelerometer; autoplay; clipboard-write; encrypted-media; gyroscope; picture-in-picture; web-share\" referrerpolicy=\"strict-origin-when-cross-origin\" allowfullscreen><\/iframe>\n<\/div><\/figure>\n","protected":false},"excerpt":{"rendered":"<p>A mil\u00e9sima corrida da hist\u00f3ria da Ferrari no Mundial de F\u00f3rmula 1 vai ser disputada com tempo muito bom e temperatura ambiente na casa dos 30\u00baC em Mugello, palco do in\u00e9dito GP da Toscana<\/p>\n","protected":false},"author":0,"featured_media":1000417790,"comment_status":"closed","ping_status":"closed","sticky":false,"template":"","format":"standard","meta":{"42wp_featured_image_caption":"","42wp_featured_image_credits":"","42wp_featured_video":"","42wp_featured_image_hidden":false,"42wp_authors_list":[],"footnotes":""},"categories":[2],"tags":[147,118,24837,25443,24836,2326,25333],"42wp_author":[47110],"class_list":["post-127140","post","type-post","status-publish","format-standard","has-post-thumbnail","hentry","category-f1","tag-f1","tag-f1-2020","tag-formula-1-2","tag-gp-da-toscana","tag-grande-premio-2","tag-meteorologia","tag-previsao-do-tempo","42wp_author-fernando-silva"],"_links":{"self":[{"href":"https:\/\/grandepremio.com\/br\/wp-json\/wp\/v2\/posts\/127140","targetHints":{"allow":["GET"]}}],"collection":[{"href":"https:\/\/grandepremio.com\/br\/wp-json\/wp\/v2\/posts"}],"about":[{"href":"https:\/\/grandepremio.com\/br\/wp-json\/wp\/v2\/types\/post"}],"replies":[{"embeddable":true,"href":"https:\/\/grandepremio.com\/br\/wp-json\/wp\/v2\/comments?post=127140"}],"version-history":[{"count":0,"href":"https:\/\/grandepremio.com\/br\/wp-json\/wp\/v2\/posts\/127140\/revisions"}],"wp:featuredmedia":[{"embeddable":true,"href":"https:\/\/grandepremio.com\/br\/wp-json\/wp\/v2\/media\/1000417790"}],"wp:attachment":[{"href":"https:\/\/grandepremio.com\/br\/wp-json\/wp\/v2\/media?parent=127140"}],"wp:term":[{"taxonomy":"category","embeddable":true,"href":"https:\/\/grandepremio.com\/br\/wp-json\/wp\/v2\/categories?post=127140"},{"taxonomy":"post_tag","embeddable":true,"href":"https:\/\/grandepremio.com\/br\/wp-json\/wp\/v2\/tags?post=127140"},{"taxonomy":"42wp_author","embeddable":true,"href":"https:\/\/grandepremio.com\/br\/wp-json\/wp\/v2\/42wp_author?post=127140"}],"curies":[{"name":"wp","href":"https:\/\/api.w.org\/{rel}","templated":true}]}}