{"id":127145,"date":"2020-09-13T06:08:36","date_gmt":"2020-09-13T09:08:36","guid":{"rendered":"https:\/\/grandepremio.com\/br\/noticias\/morbidelli-protesta-contra-racismo-em-capacete-e-lembra-somos-todos-iguais\/"},"modified":"2020-09-13T06:08:42","modified_gmt":"2020-09-13T09:08:42","slug":"morbidelli-protesta-contra-racismo-em-capacete-e-lembra-somos-todos-iguais","status":"publish","type":"post","link":"https:\/\/grandepremio.com\/br\/motogp\/morbidelli-protesta-contra-racismo-em-capacete-e-lembra-somos-todos-iguais\/","title":{"rendered":"Morbidelli protesta contra racismo em capacete e lembra: \u201cSomos todos iguais\u201d"},"content":{"rendered":"\n<p class=\"wp-block-paragraph\">Franco Morbidelli levou o movimento contra o racismo para dentro do paddock da MotoGP. O piloto da Yamaha SRT aproveitou a corrida de casa para usar um <a href=\"https:\/\/www.grandepremio.com\/br\/motogp\/noticias\/com-referencia-a-filme-de-spike-lee-morbidelli-pede-igualdade-em-capacete-de-misano\/\" target=\"_blank\" rel=\"noreferrer noopener\">capacete tem\u00e1tico<\/a> inspirado no filme \u2018Fa\u00e7a a coisa certa\u2019, de Spike Lee, e clamou por igualdade em v\u00e1rios idiomas.<\/p>\n\n\n\n<p class=\"wp-block-paragraph\">O caso tem um desenho de Morbidelli estilizado como a personagem Mister Se\u00f1or Love Daddy, um radialista interpretado por Samuel L. Jackson no filme de 1989. O cl\u00e1ssico, que foi produzido, escrito, dirigido e protagonizado por Spike Lee, conta uma hist\u00f3ria de tens\u00e3o racial no Brooklyn, em Nova Iorque, e, em 1999, foi considerado pela Biblioteca do Congresso dos Estados Unidos um filme \u201ccultural, hist\u00f3rico e esteticamente significativo\u201d.<\/p>\n\n\n\n<figure class=\"wp-block-image size-large\"><img decoding=\"async\" src=\"https:\/\/www.grandepremio.com\/br\/wp-content\/uploads\/2020\/09\/Morbi2-1024x1024.jpg\" alt=\"\" class=\"wp-image-417408\"\/><figcaption>Franco Morbidelli pede igualdade no capacete de Misano (Foto: Reprodu\u00e7\u00e3o)<\/figcaption><\/figure>\n\n\n\n<p class=\"wp-block-paragraph\"><strong>Conhe\u00e7a o canal do Grande Pr\u00eamio no\u00a0<a href=\"https:\/\/www.youtube.com\/GrandePremioTV\">YouTube<\/a>.<br>Siga o Grande Pr\u00eamio no\u00a0<a rel=\"noreferrer noopener\" href=\"https:\/\/twitter.com\/grandepremio\" target=\"_blank\">Twitter\u00a0<\/a>e no\u00a0<a rel=\"noreferrer noopener\" href=\"https:\/\/instagram.com\/grandepremio\" target=\"_blank\">Instagram<\/a>.<\/strong><\/p>\n\n\n\n<p class=\"wp-block-paragraph\">Ap\u00f3s garantir o segundo lugar no grid de Misano para este domingo, Franco justificou a escolha e contou que queria tratar um assunto importante de maneira leve.<\/p>\n\n\n\n<p class=\"wp-block-paragraph\">\u201cQuando decidi fazer um design especial para o evento deste ano, eu queria lidera com uma quest\u00e3o importante e um t\u00f3pico importante: o racismo\u201d, explicou Morbidelli. \u201cMas eu tamb\u00e9m queria ter todo 2020 nisso, porque este ano come\u00e7ou realmente mal e muitas coisas pouco agrad\u00e1veis aconteceram em 2020\u201d, seguiu.<\/p>\n\n\n\n<p class=\"wp-block-paragraph\">\u201cMas n\u00f3s estamos tentando fazer um show para a audi\u00eancia e faz\u00ea-los se sentir bem, ent\u00e3o eu queria abordar o assunto com leveza, sem ser muito pesado\u201d, contou. \u201cTem um filme do Spike Lee, chamado \u2018Fa\u00e7a a coisa certa\u2019, que trata deste assunto da maneira correta, e eu o indico a todos voc\u00eas. Tem uma personagem em determinado ponto do filme que diz: \u2018Parem com toda essa merda, parem de odiar uns aos outros, deem um tempo\u2019. Decidi me colocar no lugar dele e colocar a mim mesmo o capacete\u201d, detalhou.<\/p>\n\n\n\n<p class=\"wp-block-paragraph\">\u201cEu queria passar uma mensagem de igualdade em diferentes idiomas tamb\u00e9m, porque essa \u00e9 uma das coisas mais importantes de lembrar: somos todos iguais. E o v\u00edrus nos lembrou disso de uma forma ruim. Precisamos lembrar das coisas boas tamb\u00e9m, e acho que foi a melhor maneira de mandar uma mensagem d\u00e1 forma mais leve poss\u00edvel\u201d, completou.<\/p>\n\n\n\n<p class=\"wp-block-paragraph\"><strong>LEIA TAMB\u00c9M<\/strong><br>+\u00a0<strong><a href=\"https:\/\/www.grandepremio.com\/br\/motogp\/noticias\/rossi-apresenta-capacete-para-gp-de-san-marino-com-desenho-ousado-cartela-de-viagra\/\" target=\"_blank\" rel=\"noreferrer noopener\">Rossi apresenta capacete para GP de San Marino com desenho ousado: cartela de viagra<\/a><\/strong><br>+\u00a0<strong><a href=\"https:\/\/www.grandepremio.com\/br\/motogp\/noticias\/disney-entra-em-acordo-e-mantem-direito-de-transmissao-da-motogp-no-fox-sports\/\" target=\"_blank\" rel=\"noreferrer noopener\">Disney entra em acordo e mant\u00e9m direito de transmiss\u00e3o da MotoGP no FOX Sports<\/a><\/strong><\/p>\n\n\n\n<figure class=\"wp-block-embed-dailymotion wp-block-embed is-type-video is-provider-dailymotion wp-embed-aspect-16-9 wp-has-aspect-ratio\"><div class=\"wp-block-embed__wrapper\">\n<iframe loading=\"lazy\" title=\"Ningu\u00e9m quer PUNI\u00c7\u00d5ES EM EXCESSO, mas MotoGP precisa de CONSIST\u00caNCIA | GP \u00e0s 10\" frameborder=\"0\" width=\"500\" height=\"281\" src=\"https:\/\/geo.dailymotion.com\/player.html?video=x7vuawt&#038;\" allowfullscreen allow=\"autoplay; fullscreen; picture-in-picture; web-share\"><\/iframe>\n<\/div><\/figure>\n","protected":false},"excerpt":{"rendered":"<p>Piloto da Yamaha SRT explicou que quis usar o layout de capacete especial de Misano para tratar de um t\u00f3pico importante, mas de uma forma leve. O \u00edtalo-brasileiro ainda indicou o filme \u2018Fa\u00e7a a coisa certa\u2019, de Spike Lee<\/p>\n","protected":false},"author":0,"featured_media":1000417911,"comment_status":"closed","ping_status":"closed","sticky":false,"template":"","format":"standard","meta":{"42wp_featured_image_caption":"","42wp_featured_image_credits":"","42wp_featured_video":"","42wp_featured_image_hidden":false,"42wp_authors_list":[],"footnotes":""},"categories":[8],"tags":[24864,268,4800,140,79,24850,25819,2545],"42wp_author":[47113],"class_list":["post-127145","post","type-post","status-publish","format-standard","has-post-thumbnail","hentry","category-motogp","tag-antirracismo","tag-capacete","tag-fox-sports","tag-franco-morbidelli","tag-moto-gp","tag-motogp-fox-sports","tag-motogp-hoje","tag-racismo","42wp_author-juliana-tesser"],"_links":{"self":[{"href":"https:\/\/grandepremio.com\/br\/wp-json\/wp\/v2\/posts\/127145","targetHints":{"allow":["GET"]}}],"collection":[{"href":"https:\/\/grandepremio.com\/br\/wp-json\/wp\/v2\/posts"}],"about":[{"href":"https:\/\/grandepremio.com\/br\/wp-json\/wp\/v2\/types\/post"}],"replies":[{"embeddable":true,"href":"https:\/\/grandepremio.com\/br\/wp-json\/wp\/v2\/comments?post=127145"}],"version-history":[{"count":0,"href":"https:\/\/grandepremio.com\/br\/wp-json\/wp\/v2\/posts\/127145\/revisions"}],"wp:featuredmedia":[{"embeddable":true,"href":"https:\/\/grandepremio.com\/br\/wp-json\/wp\/v2\/media\/1000417911"}],"wp:attachment":[{"href":"https:\/\/grandepremio.com\/br\/wp-json\/wp\/v2\/media?parent=127145"}],"wp:term":[{"taxonomy":"category","embeddable":true,"href":"https:\/\/grandepremio.com\/br\/wp-json\/wp\/v2\/categories?post=127145"},{"taxonomy":"post_tag","embeddable":true,"href":"https:\/\/grandepremio.com\/br\/wp-json\/wp\/v2\/tags?post=127145"},{"taxonomy":"42wp_author","embeddable":true,"href":"https:\/\/grandepremio.com\/br\/wp-json\/wp\/v2\/42wp_author?post=127145"}],"curies":[{"name":"wp","href":"https:\/\/api.w.org\/{rel}","templated":true}]}}