{"id":127152,"date":"2020-09-12T19:00:05","date_gmt":"2020-09-12T22:00:05","guid":{"rendered":"https:\/\/grandepremio.com\/br\/noticias\/briefing-traz-edicoes-ao-vivo-e-analisa-pre-e-pos-gp-da-toscana-de-f1-neste-domingo\/"},"modified":"2020-09-12T14:29:52","modified_gmt":"2020-09-12T17:29:52","slug":"briefing-traz-edicoes-ao-vivo-e-analisa-pre-e-pos-gp-da-toscana-de-f1-neste-domingo","status":"publish","type":"post","link":"https:\/\/grandepremio.com\/br\/briefing\/briefing-traz-edicoes-ao-vivo-e-analisa-pre-e-pos-gp-da-toscana-de-f1-neste-domingo\/","title":{"rendered":"Briefing traz edi\u00e7\u00f5es ao vivo e analisa pr\u00e9 e p\u00f3s-GP da Toscana de F1 neste domingo"},"content":{"rendered":"\n<p class=\"wp-block-paragraph\">Domingo de GP da F\u00f3rmula 1 \u00e9 domingo de BRIEFING antes e depois da corrida. O programa digital do <strong>GRANDE PR\u00caMIO<\/strong> vai abordar tudo sobre a nona prova da temporada 2020, o GP da Toscana, que vai ser disputado neste domingo (13) no circuito de Mugello. \u00c9 o GP 1.000 da hist\u00f3ria da Ferrari na F\u00f3rmula 1. <a href=\"https:\/\/www.youtube.com\/c\/GrandePremioTV\">Tudo com transmiss\u00e3o AO VIVO no GPTV, o canal do GP no YouTube<\/a>.<\/p>\n\n\n\n<p class=\"wp-block-paragraph\">Neste fim de semana, o <strong>BRIEFING<\/strong> pr\u00e9-corrida tem in\u00edcio no hor\u00e1rio habitual, \u00e0s 9h (de Bras\u00edlia). J\u00e1 a edi\u00e7\u00e3o p\u00f3s-corrida vai ao ar imediatamente depois da bandeirada no circuito italiano.<\/p>\n\n\n\n<figure class=\"wp-block-image size-large\"><img decoding=\"async\" src=\"https:\/\/www.grandepremio.com\/br\/wp-content\/uploads\/2020\/09\/ferrari-01-1024x683.jpg\" alt=\"\" class=\"wp-image-417882\"\/><figcaption>A Ferrari comemora o mil\u00e9simo GP da sua hist\u00f3ria na F\u00f3rmula 1 neste fim de semana (Foto: Ferrari)<\/figcaption><\/figure>\n\n\n\n<p class=\"wp-block-paragraph\"><strong>Conhe\u00e7a o canal do Grande Pr\u00eamio no&nbsp;<a href=\"https:\/\/www.youtube.com\/GrandePremioTV\">YouTube<\/a>.<br>Siga o Grande Pr\u00eamio no&nbsp;<a rel=\"noreferrer noopener\" href=\"https:\/\/twitter.com\/grandepremio\" target=\"_blank\">Twitter&nbsp;<\/a>e no&nbsp;<a rel=\"noreferrer noopener\" href=\"https:\/\/instagram.com\/grandepremio\" target=\"_blank\">Instagram<\/a>.<\/strong><\/p>\n\n\n\n<p class=\"wp-block-paragraph\">Neste domingo, os jornalistas do <strong>GRANDE PR\u00caMIO<\/strong> avaliam <a href=\"https:\/\/www.grandepremio.com\/br\/f1\/noticias\/hamilton-vence-duelo-com-bottas-na-toscana-e-crava-95a-pole-da-carreira-na-formula-1\/\">o treino classificat\u00f3rio que definiu o grid de largada dominando por Lewis Hamilton, pole-position em Mugello e dono da posi\u00e7\u00e3o de honra pela 95\u00aa vez na F\u00f3rmula 1<\/a>. Valtteri Bottas, que dominou os treinos livres, teve de se contentar com o segundo lugar, ainda que com margem pequena, de 0s059, de desvantagem para Hamilton.<\/p>\n\n\n\n<p class=\"wp-block-paragraph\">Max Verstappen vai largar em terceiro, tendo ao seu lado o companheiro de Red Bull, Alexander Albon. Dentre os carros da festiva Ferrari, Charles Leclerc conquistou a inesperada quinta posi\u00e7\u00e3o do grid de largada, enquanto Sebastian Vettel, j\u00e1 na sua fase final na escuderia de Maranello, vai partir somente em 14\u00ba para o primeiro GP da Toscana da hist\u00f3ria da F\u00f3rmula 1. <br><br>De quebra, os profissionais da casa discutem tamb\u00e9m as etapas da F\u00f3rmula 2 e da F\u00f3rmula 3 e d\u00e3o uma \u2018pincelada\u2019 sobre o GP de San Marino e Riviera de Rimini, que tamb\u00e9m acontece em solo italiano.<\/p>\n\n\n\n<h3 class=\"wp-block-heading\">BRIEFING pr\u00e9-GP da Toscana com Victor Martins, Fernando Silva e Vitor Fazio<\/h3>\n\n\n\n<figure class=\"wp-block-embed-youtube wp-block-embed is-type-video is-provider-youtube wp-embed-aspect-16-9 wp-has-aspect-ratio\"><div class=\"wp-block-embed__wrapper\">\n<iframe loading=\"lazy\" title=\"F1 2020: Mais uma POLE de HAMILTON - o pr\u00e9-corrida do GP DA TOSCANA | BRIEFING\" width=\"500\" height=\"281\" src=\"https:\/\/www.youtube.com\/embed\/m8VC5A4Yj_o?feature=oembed\" frameborder=\"0\" allow=\"accelerometer; autoplay; clipboard-write; encrypted-media; gyroscope; picture-in-picture; web-share\" referrerpolicy=\"strict-origin-when-cross-origin\" allowfullscreen><\/iframe>\n<\/div><\/figure>\n\n\n\n<p class=\"wp-block-paragraph\">Horas mais tarde, imediatamente ap\u00f3s a bandeirada quadriculada no circuito italiano, uma nova equipe de jornalistas da casa e o convidado especial Eduardo Benvenuti, o youtuber e comentarista BRKsEDU, entram no ar para destrinchar todos os detalhes da corrida, avaliar os grandes e os piores nomes do domingo, a repercuss\u00e3o, as eventuais pol\u00eamicas e dar as notas de todos os 20 pilotos do grid.<\/p>\n\n\n\n<h3 class=\"wp-block-heading\">BRIEFING p\u00f3s-GP da Toscana com Victor Martins, Evelyn Guimar\u00e3es e Eduardo Benvenuti<\/h3>\n\n\n\n<figure class=\"wp-block-embed-youtube wp-block-embed is-type-video is-provider-youtube wp-embed-aspect-16-9 wp-has-aspect-ratio\"><div class=\"wp-block-embed__wrapper\">\n<iframe loading=\"lazy\" title=\"F1 2020: Hamilton 90. E Bottas? An\u00e1lise do caos no GP DA TOSCANA | BRIEFING\" width=\"500\" height=\"281\" src=\"https:\/\/www.youtube.com\/embed\/_5QXRT0H1xg?feature=oembed\" frameborder=\"0\" allow=\"accelerometer; autoplay; clipboard-write; encrypted-media; gyroscope; picture-in-picture; web-share\" referrerpolicy=\"strict-origin-when-cross-origin\" allowfullscreen><\/iframe>\n<\/div><\/figure>\n","protected":false},"excerpt":{"rendered":"<p>Programa do GRANDE PR\u00caMIO que analisa a F\u00f3rmula 1 tem duas edi\u00e7\u00f5es no domingo dos finais de semana de corrida durante a temporada 2020<\/p>\n","protected":false},"author":0,"featured_media":1000417682,"comment_status":"closed","ping_status":"closed","sticky":false,"template":"","format":"standard","meta":{"42wp_featured_image_caption":"","42wp_featured_image_credits":"","42wp_featured_video":"","42wp_featured_image_hidden":false,"42wp_authors_list":[],"footnotes":""},"categories":[39],"tags":[1566,3350,147,118,642,390,207,24837,5488,25443,24836,87,203,3211,612,486,336],"42wp_author":[47110],"class_list":["post-127152","post","type-post","status-publish","format-standard","has-post-thumbnail","hentry","category-briefing","tag-ao-vivo","tag-briefing","tag-f1","tag-f1-2020","tag-f1-ao-vivo","tag-fernando-silva","tag-ferrari","tag-formula-1-2","tag-gp-1000","tag-gp-da-toscana","tag-grande-premio-2","tag-lewis-hamilton","tag-max-verstappen","tag-mugello","tag-valtteri-bottas","tag-victor-martins","tag-vitor-fazio","42wp_author-fernando-silva"],"_links":{"self":[{"href":"https:\/\/grandepremio.com\/br\/wp-json\/wp\/v2\/posts\/127152","targetHints":{"allow":["GET"]}}],"collection":[{"href":"https:\/\/grandepremio.com\/br\/wp-json\/wp\/v2\/posts"}],"about":[{"href":"https:\/\/grandepremio.com\/br\/wp-json\/wp\/v2\/types\/post"}],"replies":[{"embeddable":true,"href":"https:\/\/grandepremio.com\/br\/wp-json\/wp\/v2\/comments?post=127152"}],"version-history":[{"count":0,"href":"https:\/\/grandepremio.com\/br\/wp-json\/wp\/v2\/posts\/127152\/revisions"}],"wp:featuredmedia":[{"embeddable":true,"href":"https:\/\/grandepremio.com\/br\/wp-json\/wp\/v2\/media\/1000417682"}],"wp:attachment":[{"href":"https:\/\/grandepremio.com\/br\/wp-json\/wp\/v2\/media?parent=127152"}],"wp:term":[{"taxonomy":"category","embeddable":true,"href":"https:\/\/grandepremio.com\/br\/wp-json\/wp\/v2\/categories?post=127152"},{"taxonomy":"post_tag","embeddable":true,"href":"https:\/\/grandepremio.com\/br\/wp-json\/wp\/v2\/tags?post=127152"},{"taxonomy":"42wp_author","embeddable":true,"href":"https:\/\/grandepremio.com\/br\/wp-json\/wp\/v2\/42wp_author?post=127152"}],"curies":[{"name":"wp","href":"https:\/\/api.w.org\/{rel}","templated":true}]}}