{"id":127165,"date":"2020-09-12T13:47:18","date_gmt":"2020-09-12T16:47:18","guid":{"rendered":"https:\/\/grandepremio.com\/br\/noticias\/perez-ve-dia-positivo-e-stroll-se-frustra-em-mugello-poderiamos-ter-sido-4o-ou-5o-no-grid\/"},"modified":"2020-09-12T13:47:27","modified_gmt":"2020-09-12T16:47:27","slug":"perez-ve-dia-positivo-e-stroll-se-frustra-em-mugello-poderiamos-ter-sido-4o-ou-5o-no-grid","status":"publish","type":"post","link":"https:\/\/grandepremio.com\/br\/f1\/perez-ve-dia-positivo-e-stroll-se-frustra-em-mugello-poderiamos-ter-sido-4o-ou-5o-no-grid\/","title":{"rendered":"P\u00e9rez v\u00ea dia positivo e Stroll se frustra em Mugello: \u201cPoder\u00edamos ter sido 4\u00ba ou 5\u00ba no grid\u201d"},"content":{"rendered":"\n<figure class=\"wp-block-embed-youtube wp-block-embed is-type-video is-provider-youtube wp-embed-aspect-16-9 wp-has-aspect-ratio\"><div class=\"wp-block-embed__wrapper\">\n<iframe loading=\"lazy\" title=\"Sebastian VETTEL SE VINGA da FERRARI em plena corrida 1.000 na F1 | GP \u00e0s 10\" width=\"500\" height=\"281\" src=\"https:\/\/www.youtube.com\/embed\/gW5apkttUIc?feature=oembed\" frameborder=\"0\" allow=\"accelerometer; autoplay; clipboard-write; encrypted-media; gyroscope; picture-in-picture; web-share\" referrerpolicy=\"strict-origin-when-cross-origin\" allowfullscreen><\/iframe>\n<\/div><\/figure>\n\n\n\n<p class=\"wp-block-paragraph\">O s\u00e1bado (12) de treino classificat\u00f3rio do GP da Toscana da F\u00f3rmula 1, nona etapa da temporada 2020, foi considerado positivo pelos pilotos da Racing Point. <a href=\"https:\/\/www.grandepremio.com\/br\/f1\/noticias\/hamilton-vence-duelo-com-bottas-na-toscana-e-crava-95a-pole-da-carreira-na-formula-1\/\">Sergio P\u00e9rez, de sa\u00edda da equipe de Silverstone ao fim da temporada, classificou-se na sexta posi\u00e7\u00e3o em Mugello ao anotar 1min16s311, tempo ligeiramente mais r\u00e1pido que o do companheiro de time, Lance Stroll, que marcou 1min16s356, em s\u00e9timo<\/a>. Mas o mexicano de Guadalajara perdeu uma posi\u00e7\u00e3o no grid, herdada justamente pelo <a href=\"https:\/\/www.grandepremio.com\/br\/f1\/noticias\/perez-perde-uma-posicao-no-grid-do-gp-da-toscana-por-toque-em-raikkonen-no-tl2\/\">canadense, em raz\u00e3o da puni\u00e7\u00e3o imposta pela dire\u00e7\u00e3o de prova pelo fato de \u2018Checo\u2019 ter acertado a Alfa Romeo de Kimi R\u00e4ikk\u00f6nen no fim do treino livre 2, na sexta-feira<\/a>.<\/p>\n\n\n\n<p class=\"wp-block-paragraph\">P\u00e9rez considerou o dia bastante satisfat\u00f3rio e s\u00f3 lamentou mesmo pela puni\u00e7\u00e3o que, em termos de equipe, n\u00e3o teve nenhum grande efeito pr\u00e1tico.<\/p>\n\n\n\n<figure class=\"wp-block-image size-large\"><img decoding=\"async\" src=\"https:\/\/www.grandepremio.com\/br\/wp-content\/uploads\/2020\/09\/racingpoint-sergioperez-03-2-1024x683.jpg\" alt=\"\" class=\"wp-image-417780\"\/><figcaption>Sergio P\u00e9rez vai largar na s\u00e9tima posi\u00e7\u00e3o neste domingo em Mugello (Foto: Racing Point)<\/figcaption><\/figure>\n\n\n\n<p class=\"wp-block-paragraph\"><strong>Conhe\u00e7a o canal do Grande Pr\u00eamio no YouTube! Clique&nbsp;<a href=\"https:\/\/youtube.com\/GrandePremioTV\" target=\"_blank\" rel=\"noreferrer noopener\">aqui<\/a>.<br>Siga o Grande Pr\u00eamio no&nbsp;<a href=\"https:\/\/twitter.com\/grandepremio\" target=\"_blank\" rel=\"noreferrer noopener\">Twitter&nbsp;<\/a>e no&nbsp;<a href=\"https:\/\/instagram.com\/grandepremio\" target=\"_blank\" rel=\"noreferrer noopener\">Instagram<\/a>!<\/strong><\/p>\n\n\n\n<p class=\"wp-block-paragraph\">\u201cAcho que tiramos tudo o que pod\u00edamos do carro e, no geral, foi um dia positivo para a equipe. Foi uma boa volta no Q3, o que foi importante porque t\u00ednhamos somente um jogo de pneus macios restante. \u00c9 uma pena termos essa puni\u00e7\u00e3o para a corrida, mas como tenho de perder um lugar no grid, fico feliz que seja para meu companheiro de equipe\u201d, disse P\u00e9rez.<\/p>\n\n\n\n<p class=\"wp-block-paragraph\">O mexicano destacou a performance com as atualiza\u00e7\u00f5es desenvolvidas para a \u2018Mercedes rosa\u2019 e testadas por Stroll pela manh\u00e3.<\/p>\n\n\n\n<p class=\"wp-block-paragraph\">\u201cLance pilotou o carro com a atualiza\u00e7\u00e3o hoje, o que parece positivo, ent\u00e3o \u00e9 um bom sinal para as pr\u00f3ximas corridas. \u00c9 uma corrida nova para todos n\u00f3s, ent\u00e3o h\u00e1 muitas interroga\u00e7\u00f5es. Definir a estrat\u00e9gia para amanh\u00e3 n\u00e3o vai ser f\u00e1cil. Uma largada forte vai significar que temos a chave para a corrida\u201d, complementou.<\/p>\n\n\n\n<figure class=\"wp-block-image size-large\"><img decoding=\"async\" src=\"https:\/\/www.grandepremio.com\/br\/wp-content\/uploads\/2020\/09\/racingpoint-lancestroll-02-4-1024x683.jpg\" alt=\"\" class=\"wp-image-417777\"\/><figcaption>Lance Stroll foi o s\u00e9timo na classifica\u00e7\u00e3o e vai largar em sexto na Toscana, mas esperava mais (Foto: Racing Point)<\/figcaption><\/figure>\n\n\n\n<p class=\"wp-block-paragraph\">Na opini\u00e3o do canadense, terceiro lugar no \u00faltimo GP da It\u00e1lia, ficou a sensa\u00e7\u00e3o de que faltou algo para a Racing Point neste s\u00e1bado.<\/p>\n\n\n\n<p class=\"wp-block-paragraph\">\u201cFoi um pouquinho frustrante hoje. Acho que poder\u00edamos ter classificado em quarto ou quinto sem a bandeira amarela nas voltas finais do Q3. Poderia ter melhorado na segunda volta, mas, apesar disso, temos muitas coisas positivas a tirar do dia de hoje\u201d, disse.<\/p>\n\n\n\n<p class=\"wp-block-paragraph\">\u201cMelhoramos nesta noite e conseguimos uma boa posi\u00e7\u00e3o de largada, o que \u00e9 importante, j\u00e1 que ultrapassar aqui n\u00e3o \u00e9 f\u00e1cil. Estou feliz com o carro e temos bom ritmo, por isso temos potencial para amanh\u00e3\u201d, apostou Stroll.<\/p>\n\n\n\n<p class=\"wp-block-paragraph\">\u201cTamb\u00e9m conseguimos obter mais dados sobre nosso pacote de atualiza\u00e7\u00e3o, e os primeiros sinais s\u00e3o promissores. Podemos ter um bom resultado amanh\u00e3, estou bem ansioso para a corrida\u201d, concluiu.<\/p>\n\n\n\n<p class=\"wp-block-paragraph\">O GP da Toscana de F\u00f3rmula 1 tem largada prevista para 10h10 (de Bras\u00edlia) deste domingo. Antes, a partir de 9h, o <a href=\"https:\/\/www.youtube.com\/watch?v=m8VC5A4Yj_o\">GRANDE PR\u00caMIO<\/a> traz a an\u00e1lise da classifica\u00e7\u00e3o e traz todos os bastidores e \u00faltimas informa\u00e7\u00f5es de Mugello <a href=\"https:\/\/www.youtube.com\/watch?v=m8VC5A4Yj_o\">AO VIVO no BRIEFING pr\u00e9-corrida. Tudo na GP TV, o canal do GRANDE PR\u00caMIO no YouTube<\/a>.<\/p>\n\n\n\n<figure class=\"wp-block-embed-youtube wp-block-embed is-type-video is-provider-youtube wp-embed-aspect-16-9 wp-has-aspect-ratio\"><div class=\"wp-block-embed__wrapper\">\n<iframe loading=\"lazy\" title=\"EVERALDO MARQUES, VETTEL, ALONSO e vit\u00f3ria da ALPHATAURI: 2020 mudou F1 | Cadeira Cativa #23\" width=\"500\" height=\"281\" src=\"https:\/\/www.youtube.com\/embed\/BSRYIBvhZ1c?feature=oembed\" frameborder=\"0\" allow=\"accelerometer; autoplay; clipboard-write; encrypted-media; gyroscope; picture-in-picture; web-share\" referrerpolicy=\"strict-origin-when-cross-origin\" allowfullscreen><\/iframe>\n<\/div><\/figure>\n","protected":false},"excerpt":{"rendered":"<p>A Racing Point colocou seus dois carros entre os sete primeiros do grid do GP da Toscana. Sergio P\u00e9rez foi o sexto mais r\u00e1pido, mas a puni\u00e7\u00e3o imposta pela dire\u00e7\u00e3o de prova o levou a perder a coloca\u00e7\u00e3o justamente para Lance Stroll, seu companheiro de equipe<\/p>\n","protected":false},"author":0,"featured_media":1000417779,"comment_status":"closed","ping_status":"closed","sticky":false,"template":"","format":"standard","meta":{"42wp_featured_image_caption":"","42wp_featured_image_credits":"","42wp_featured_video":"","42wp_featured_image_hidden":false,"42wp_authors_list":[],"footnotes":""},"categories":[2],"tags":[147,24837,25443,24836,485,3211,310,24863],"42wp_author":[47110],"class_list":["post-127165","post","type-post","status-publish","format-standard","has-post-thumbnail","hentry","category-f1","tag-f1","tag-formula-1-2","tag-gp-da-toscana","tag-grande-premio-2","tag-lance-stroll","tag-mugello","tag-racing-point","tag-sergio-perez-2","42wp_author-fernando-silva"],"_links":{"self":[{"href":"https:\/\/grandepremio.com\/br\/wp-json\/wp\/v2\/posts\/127165","targetHints":{"allow":["GET"]}}],"collection":[{"href":"https:\/\/grandepremio.com\/br\/wp-json\/wp\/v2\/posts"}],"about":[{"href":"https:\/\/grandepremio.com\/br\/wp-json\/wp\/v2\/types\/post"}],"replies":[{"embeddable":true,"href":"https:\/\/grandepremio.com\/br\/wp-json\/wp\/v2\/comments?post=127165"}],"version-history":[{"count":0,"href":"https:\/\/grandepremio.com\/br\/wp-json\/wp\/v2\/posts\/127165\/revisions"}],"wp:featuredmedia":[{"embeddable":true,"href":"https:\/\/grandepremio.com\/br\/wp-json\/wp\/v2\/media\/1000417779"}],"wp:attachment":[{"href":"https:\/\/grandepremio.com\/br\/wp-json\/wp\/v2\/media?parent=127165"}],"wp:term":[{"taxonomy":"category","embeddable":true,"href":"https:\/\/grandepremio.com\/br\/wp-json\/wp\/v2\/categories?post=127165"},{"taxonomy":"post_tag","embeddable":true,"href":"https:\/\/grandepremio.com\/br\/wp-json\/wp\/v2\/tags?post=127165"},{"taxonomy":"42wp_author","embeddable":true,"href":"https:\/\/grandepremio.com\/br\/wp-json\/wp\/v2\/42wp_author?post=127165"}],"curies":[{"name":"wp","href":"https:\/\/api.w.org\/{rel}","templated":true}]}}