{"id":127171,"date":"2020-09-12T12:46:32","date_gmt":"2020-09-12T15:46:32","guid":{"rendered":"https:\/\/grandepremio.com\/br\/noticias\/rossi-explica-capacete-com-viagra-em-misano-na-minha-idade-precisa-de-uma-ajudinha\/"},"modified":"2020-09-12T12:57:08","modified_gmt":"2020-09-12T15:57:08","slug":"rossi-explica-capacete-com-viagra-em-misano-na-minha-idade-precisa-de-uma-ajudinha","status":"publish","type":"post","link":"https:\/\/grandepremio.com\/br\/motogp\/rossi-explica-capacete-com-viagra-em-misano-na-minha-idade-precisa-de-uma-ajudinha\/","title":{"rendered":"Rossi explica capacete com Viagra em Misano: \u201cNa minha idade, precisa de uma ajudinha\u201d"},"content":{"rendered":"\n<p class=\"wp-block-paragraph\">Valentino Rossi optou por brincar com seus 41 anos no GP de San Marino e da Riviera de Rimini. Como sempre faz, o <a href=\"https:\/\/www.grandepremio.com\/br\/motogp\/noticias\/rossi-apresenta-capacete-para-gp-de-san-marino-com-desenho-ousado-cartela-de-viagra\/\" target=\"_blank\" rel=\"noreferrer noopener\">italiano apresentou neste s\u00e1bado (12) um capacete especial para a rodada dupla de Misano<\/a> e revelou um layout que faz alus\u00e3o ao Viagra.<\/p>\n\n\n\n<p class=\"wp-block-paragraph\">Falando \u00e0 imprensa ap\u00f3s <a href=\"https:\/\/www.grandepremio.com\/br\/motogp\/noticias\/vinales-segura-morbidelli-crava-pole-em-san-marino-e-puxa-1-2-3-4-da-yamaha\/\" target=\"_blank\" rel=\"noreferrer noopener\">se classificar na quarta coloca\u00e7\u00e3o do grid de Misano<\/a>, Rossi explicou que decidiu brincar com a idade enquanto buscava inspira\u00e7\u00e3o para o casco desenhado por Aldo Drudi.<\/p>\n\n\n\n<figure class=\"wp-block-image size-large\"><img decoding=\"async\" src=\"https:\/\/www.grandepremio.com\/br\/wp-content\/uploads\/2020\/09\/yfr_editorial_use_pictures_20114557135-1024x682.jpg\" alt=\"\" class=\"wp-image-417479\"\/><figcaption>Valentino Rossi tem 41 anos (Foto: Yamaha)<\/figcaption><\/figure>\n\n\n\n<p class=\"wp-block-paragraph\"><strong>Conhe\u00e7a o canal do Grande Pr\u00eamio no\u00a0<a href=\"https:\/\/www.youtube.com\/GrandePremioTV\">YouTube<\/a>.<br>Siga o Grande Pr\u00eamio no\u00a0<a rel=\"noreferrer noopener\" href=\"https:\/\/twitter.com\/grandepremio\" target=\"_blank\">Twitter\u00a0<\/a>e no\u00a0<a rel=\"noreferrer noopener\" href=\"https:\/\/instagram.com\/grandepremio\" target=\"_blank\">Instagram<\/a>.<\/strong><\/p>\n\n\n\n<p class=\"wp-block-paragraph\">\u201c\u00c9 para rir. Foi uma boa ideia, porque quando pensamos nisso, achamos que era diferente em rela\u00e7\u00e3o aos outros anos, pois s\u00e3o duas corridas seguidas\u201d, disse Rossi. \u201cCom Aldo, pensamos: \u2018O que vem em mente quando pensa em dobradinha, duas seguidas?\u2019. A principio, eu pensava na mudan\u00e7a de marcha, pois com carros antigos, voc\u00ea fazia uma mudan\u00e7a dupla. Mas graficamente, era dif\u00edcil de explicar\u201d, seguiu.<\/p>\n\n\n\n<p class=\"wp-block-paragraph\">\u201cA segunda coisa que me veio \u00e0 mente \u00e9 que, quando \u00e9ramos jovens, faz\u00edamos amor duas vezes seguidas. A\u00ed pensei: \u2018Vamos brincar com a minha idade\u2019. Pois, na minha idade, se precisa fazer duas vezes seguidas, precisa de uma ajudinha. Por isso, usamos a pastilha de Viagra. Todos gostaram\u201d, comentou.<\/p>\n\n\n\n<p class=\"wp-block-paragraph\">Valentino, por\u00e9m, n\u00e3o teve coragem de explicar o capacete para a m\u00e3e, Stefania Palma.<\/p>\n\n\n\n<p class=\"wp-block-paragraph\">\u201cEstou contente, rimos bastante. N\u00e3o tive coragem de dizer para a minha m\u00e3e. Ela \u00e9 muito religiosa. N\u00e3o acho que ser\u00e1 o capacete favorito dela\u201d, encerrou.<\/p>\n\n\n\n<p class=\"wp-block-paragraph\">O <strong>GRANDE PR\u00caMIO<\/strong> acompanha todas as atividades do <a href=\"https:\/\/www.grandepremio.com\/br\/motogp\/ultimas-noticias\/?fl=true&amp;utm_source=lance\" target=\"_blank\" rel=\"noreferrer noopener\">GP de San Marino e da Riviera de Rimini<\/a>, s\u00e9tima etapa do Mundial de Motovelocidade 2020.<\/p>\n\n\n\n<figure class=\"wp-block-embed-dailymotion wp-block-embed is-type-video is-provider-dailymotion wp-embed-aspect-16-9 wp-has-aspect-ratio\"><div class=\"wp-block-embed__wrapper\">\n<iframe loading=\"lazy\" title=\"Ningu\u00e9m quer PUNI\u00c7\u00d5ES EM EXCESSO, mas MotoGP precisa de CONSIST\u00caNCIA | GP \u00e0s 10\" frameborder=\"0\" width=\"500\" height=\"281\" src=\"https:\/\/geo.dailymotion.com\/player.html?video=x7vuawt&#038;\" allowfullscreen allow=\"autoplay; fullscreen; picture-in-picture; web-share\"><\/iframe>\n<\/div><\/figure>\n","protected":false},"excerpt":{"rendered":"<p>Italiano contou que decidiu usar o capacete para fazer uma piada com seus 41 anos. O titular da Yamaha, por\u00e9m, reconheceu que o casco n\u00e3o vai agradar Stefania Palma, a m\u00e3e<\/p>\n","protected":false},"author":0,"featured_media":1000417480,"comment_status":"closed","ping_status":"closed","sticky":false,"template":"","format":"standard","meta":{"42wp_featured_image_caption":"","42wp_featured_image_credits":"","42wp_featured_video":"","42wp_featured_image_hidden":false,"42wp_authors_list":[],"footnotes":""},"categories":[8],"tags":[26134,25070,79,174,78,173,25821,25819,847,3562,80,172],"42wp_author":[47113],"class_list":["post-127171","post","type-post","status-publish","format-standard","has-post-thumbnail","hentry","category-motogp","tag-emilia-romanha","tag-italia-2","tag-moto-gp","tag-moto-gp-2020","tag-motogp","tag-motogp-2020","tag-motogp-2020-transmissao-brasil","tag-motogp-hoje","tag-mundial-de-motovelocidade","tag-san-marino","tag-valentino-rossi","tag-yamaha","42wp_author-juliana-tesser"],"_links":{"self":[{"href":"https:\/\/grandepremio.com\/br\/wp-json\/wp\/v2\/posts\/127171","targetHints":{"allow":["GET"]}}],"collection":[{"href":"https:\/\/grandepremio.com\/br\/wp-json\/wp\/v2\/posts"}],"about":[{"href":"https:\/\/grandepremio.com\/br\/wp-json\/wp\/v2\/types\/post"}],"replies":[{"embeddable":true,"href":"https:\/\/grandepremio.com\/br\/wp-json\/wp\/v2\/comments?post=127171"}],"version-history":[{"count":0,"href":"https:\/\/grandepremio.com\/br\/wp-json\/wp\/v2\/posts\/127171\/revisions"}],"wp:featuredmedia":[{"embeddable":true,"href":"https:\/\/grandepremio.com\/br\/wp-json\/wp\/v2\/media\/1000417480"}],"wp:attachment":[{"href":"https:\/\/grandepremio.com\/br\/wp-json\/wp\/v2\/media?parent=127171"}],"wp:term":[{"taxonomy":"category","embeddable":true,"href":"https:\/\/grandepremio.com\/br\/wp-json\/wp\/v2\/categories?post=127171"},{"taxonomy":"post_tag","embeddable":true,"href":"https:\/\/grandepremio.com\/br\/wp-json\/wp\/v2\/tags?post=127171"},{"taxonomy":"42wp_author","embeddable":true,"href":"https:\/\/grandepremio.com\/br\/wp-json\/wp\/v2\/42wp_author?post=127171"}],"curies":[{"name":"wp","href":"https:\/\/api.w.org\/{rel}","templated":true}]}}