{"id":127178,"date":"2020-09-12T11:33:48","date_gmt":"2020-09-12T14:33:48","guid":{"rendered":"https:\/\/grandepremio.com\/br\/noticias\/feliz-com-3o-no-grid-em-mugello-verstappen-diz-nunca-esperei-lutar-contra-a-mercedes\/"},"modified":"2020-09-12T11:33:53","modified_gmt":"2020-09-12T14:33:53","slug":"feliz-com-3o-no-grid-em-mugello-verstappen-diz-nunca-esperei-lutar-contra-a-mercedes","status":"publish","type":"post","link":"https:\/\/grandepremio.com\/br\/f1\/feliz-com-3o-no-grid-em-mugello-verstappen-diz-nunca-esperei-lutar-contra-a-mercedes\/","title":{"rendered":"Feliz com 3\u00ba no grid em Mugello, Verstappen diz: \u201cNunca esperei lutar contra a Mercedes\u201d"},"content":{"rendered":"\n<figure class=\"wp-block-embed-youtube wp-block-embed is-type-video is-provider-youtube wp-embed-aspect-16-9 wp-has-aspect-ratio\"><div class=\"wp-block-embed__wrapper\">\n<iframe loading=\"lazy\" title=\"Sebastian VETTEL SE VINGA da FERRARI em plena corrida 1.000 na F1 | GP \u00e0s 10\" width=\"500\" height=\"281\" src=\"https:\/\/www.youtube.com\/embed\/gW5apkttUIc?feature=oembed\" frameborder=\"0\" allow=\"accelerometer; autoplay; clipboard-write; encrypted-media; gyroscope; picture-in-picture; web-share\" referrerpolicy=\"strict-origin-when-cross-origin\" allowfullscreen><\/iframe>\n<\/div><\/figure>\n\n\n\n<p class=\"wp-block-paragraph\">O desempenho da <a href=\"https:\/\/www.grandepremio.com\/br\/f1\/noticias\/red-bull-fica-perto-da-mercedes-e-da-a-verstappen-chance-de-voltar-ao-jogo-na-toscana\/\">Red Bull de Max Verstappen nos treinos livres do GP da Toscana na \u00faltima sexta-feira<\/a> deu a impress\u00e3o de que seria poss\u00edvel ver o holand\u00eas lutando contra as Mercedes de Lewis Hamilton e, principalmente, Valtteri Bottas, o mais r\u00e1pido do dia. <a href=\"https:\/\/www.grandepremio.com\/br\/f1\/noticias\/bottas-mantem-dominio-lidera-tl3-na-toscana-mas-verstappen-fica-so-0s017-atras\/\">Veio a manh\u00e3 de s\u00e1bado (12), que confirmou tal impress\u00e3o, com Max fechando o TL3 \u00e0 frente de Hamilton e s\u00f3 0s017 atr\u00e1s<\/a> do finland\u00eas. <a href=\"https:\/\/www.grandepremio.com\/br\/f1\/noticias\/hamilton-vence-duelo-com-bottas-na-toscana-e-crava-95a-pole-da-carreira-na-formula-1\/\">Mas a\u00ed, a realidade se fez n\u00edtida na sess\u00e3o que definiu o grid de largada no circuito de Mugello<\/a>.<\/p>\n\n\n\n<p class=\"wp-block-paragraph\">O treino classificat\u00f3rio foi amplamente dominando por Hamilton e Bottas, enquanto Verstappen assumiu a condi\u00e7\u00e3o que vem sendo rotina na temporada, a der o melhor depois da dupla da Mercedes. Na luta pela pole, Lewis foi mais r\u00e1pido no treino que valia de fato e garantiu a pole-position na Toscana ao superar Valtteri por 0s059. A Verstappen, restou o primeiro lugar na segunda fila.<\/p>\n\n\n\n<figure class=\"wp-block-image size-large\"><img decoding=\"async\" src=\"https:\/\/www.grandepremio.com\/br\/wp-content\/uploads\/2020\/09\/redbull-maxverstappen-03-2-1024x683.jpg\" alt=\"\" class=\"wp-image-416952\"\/><figcaption>Max Verstappen ficou atr\u00e1s das duas Mercedes e vai largar em terceiro em Mugello (Foto: Getty Images\/Red Bull Content Pool)<\/figcaption><\/figure>\n\n\n\n<p class=\"wp-block-paragraph\"><strong>Conhe\u00e7a o canal do Grande Pr\u00eamio no YouTube! Clique\u00a0<a href=\"https:\/\/youtube.com\/GrandePremioTV\" target=\"_blank\" rel=\"noreferrer noopener\">aqui<\/a>.<br>Siga o Grande Pr\u00eamio no\u00a0<a href=\"https:\/\/twitter.com\/grandepremio\" target=\"_blank\" rel=\"noreferrer noopener\">Twitter\u00a0<\/a>e no\u00a0<a href=\"https:\/\/instagram.com\/grandepremio\" target=\"_blank\" rel=\"noreferrer noopener\">Instagram<\/a>!<\/strong><\/p>\n\n\n\n<p class=\"wp-block-paragraph\">Em sua volta mais r\u00e1pida, Max cravou 1min15s509, tempo 0s365 mais lento na compara\u00e7\u00e3o com a volta aferida por Hamilton.<\/p>\n\n\n\n<p class=\"wp-block-paragraph\">Mas ao ser questionado sobre as expectativas que nutria para a tarde em Mugello, Verstappen garante que tinha os p\u00e9s cravados no ch\u00e3o. \u201cPessoalmente, nunca esperei lutar contra eles\u201d, afirmou.<\/p>\n\n\n\n<p class=\"wp-block-paragraph\">Para o holand\u00eas, o mais importante foi que a Red Bull mostrou sua real condi\u00e7\u00e3o, muito superior em rela\u00e7\u00e3o ao que foi apresentado no fim de semana do GP da It\u00e1lia, onde Verstappen jamais foi al\u00e9m do quinto lugar, al\u00e9m de ter abandonado a corrida no domingo passado.<\/p>\n\n\n\n<p class=\"wp-block-paragraph\">\u201cAcho que, no geral, este fim de semana tem sido muito promissor, nos recuperamos bem de Monza. Por ser o terceiro na classifica\u00e7\u00e3o, podemos ficar bem felizes e orgulhosos com isso\u201d, complementou o dono do carro #33, feliz pela chance de pilotar no circuito italiano, uma das novidades da F\u00f3rmula 1 em 2020. \u201cEssa pista \u00e9 incr\u00edvel para guiar. A classifica\u00e7\u00e3o foi bem especial\u201d, concluiu.<\/p>\n\n\n\n<p class=\"wp-block-paragraph\">O GP da Toscana de F\u00f3rmula 1 tem largada prevista para 10h10 (de Bras\u00edlia) deste domingo. Antes, a partir de 9h, o <strong>GRANDE PR\u00caMIO<\/strong> traz a an\u00e1lise da classifica\u00e7\u00e3o e traz todos os bastidores e \u00faltimas informa\u00e7\u00f5es de Mugello <a href=\"https:\/\/www.youtube.com\/watch?v=m8VC5A4Yj_o\">AO VIVO no BRIEFING pr\u00e9-corrida<\/a>. Tudo na <a href=\"https:\/\/www.youtube.com\/c\/GrandePremioTV\/\">GP TV, o canal do GRANDE PR\u00caMIO no YouTube<\/a>.<\/p>\n\n\n\n<figure class=\"wp-block-embed-youtube wp-block-embed is-type-video is-provider-youtube wp-embed-aspect-16-9 wp-has-aspect-ratio\"><div class=\"wp-block-embed__wrapper\">\n<iframe loading=\"lazy\" title=\"EVERALDO MARQUES, VETTEL, ALONSO e vit\u00f3ria da ALPHATAURI: 2020 mudou F1 | Cadeira Cativa #23\" width=\"500\" height=\"281\" src=\"https:\/\/www.youtube.com\/embed\/BSRYIBvhZ1c?feature=oembed\" frameborder=\"0\" allow=\"accelerometer; autoplay; clipboard-write; encrypted-media; gyroscope; picture-in-picture; web-share\" referrerpolicy=\"strict-origin-when-cross-origin\" allowfullscreen><\/iframe>\n<\/div><\/figure>\n","protected":false},"excerpt":{"rendered":"<p>Max Verstappen se mostrou muito forte nos treinos livres e, nesta manh\u00e3 de s\u00e1bado, foi at\u00e9 mais r\u00e1pido que a Mercedes de Lewis Hamilton. Mas o holand\u00eas entende que o treino classificat\u00f3rio mostrou de forma cristalina a realidade na ordem de for\u00e7as da F\u00f3rmula 1<\/p>\n","protected":false},"author":0,"featured_media":1000416950,"comment_status":"closed","ping_status":"closed","sticky":false,"template":"","format":"standard","meta":{"42wp_featured_image_caption":"","42wp_featured_image_credits":"","42wp_featured_video":"","42wp_featured_image_hidden":false,"42wp_authors_list":[],"footnotes":""},"categories":[2],"tags":[147,118,24837,24860,25443,24836,87,203,82,3211,204,612],"42wp_author":[47110],"class_list":["post-127178","post","type-post","status-publish","format-standard","has-post-thumbnail","hentry","category-f1","tag-f1","tag-f1-2020","tag-formula-1-2","tag-formula-1-2020-2","tag-gp-da-toscana","tag-grande-premio-2","tag-lewis-hamilton","tag-max-verstappen","tag-mercedes","tag-mugello","tag-red-bull","tag-valtteri-bottas","42wp_author-fernando-silva"],"_links":{"self":[{"href":"https:\/\/grandepremio.com\/br\/wp-json\/wp\/v2\/posts\/127178","targetHints":{"allow":["GET"]}}],"collection":[{"href":"https:\/\/grandepremio.com\/br\/wp-json\/wp\/v2\/posts"}],"about":[{"href":"https:\/\/grandepremio.com\/br\/wp-json\/wp\/v2\/types\/post"}],"replies":[{"embeddable":true,"href":"https:\/\/grandepremio.com\/br\/wp-json\/wp\/v2\/comments?post=127178"}],"version-history":[{"count":0,"href":"https:\/\/grandepremio.com\/br\/wp-json\/wp\/v2\/posts\/127178\/revisions"}],"wp:featuredmedia":[{"embeddable":true,"href":"https:\/\/grandepremio.com\/br\/wp-json\/wp\/v2\/media\/1000416950"}],"wp:attachment":[{"href":"https:\/\/grandepremio.com\/br\/wp-json\/wp\/v2\/media?parent=127178"}],"wp:term":[{"taxonomy":"category","embeddable":true,"href":"https:\/\/grandepremio.com\/br\/wp-json\/wp\/v2\/categories?post=127178"},{"taxonomy":"post_tag","embeddable":true,"href":"https:\/\/grandepremio.com\/br\/wp-json\/wp\/v2\/tags?post=127178"},{"taxonomy":"42wp_author","embeddable":true,"href":"https:\/\/grandepremio.com\/br\/wp-json\/wp\/v2\/42wp_author?post=127178"}],"curies":[{"name":"wp","href":"https:\/\/api.w.org\/{rel}","templated":true}]}}