{"id":127186,"date":"2020-09-12T08:25:37","date_gmt":"2020-09-12T11:25:37","guid":{"rendered":"https:\/\/grandepremio.com\/br\/noticias\/ogura-bate-rodrigo-e-crava-primeira-pole-na-moto3-em-san-marino-arenas-larga-em-13o\/"},"modified":"2020-09-12T08:33:36","modified_gmt":"2020-09-12T11:33:36","slug":"ogura-bate-rodrigo-e-crava-primeira-pole-na-moto3-em-san-marino-arenas-larga-em-13o","status":"publish","type":"post","link":"https:\/\/grandepremio.com\/br\/motogp\/ogura-bate-rodrigo-e-crava-primeira-pole-na-moto3-em-san-marino-arenas-larga-em-13o\/","title":{"rendered":"Ogura bate Rodrigo e crava primeira pole na Moto3 em San Marino. Arenas larga em 13\u00ba"},"content":{"rendered":"\n<p class=\"wp-block-paragraph\">Ai Ogura vai estrear na pole do Mundial de Moto3. O piloto do Team Asia apareceu nos instantes finais da classifica\u00e7\u00e3o deste s\u00e1bado (12) em Misano para destronar Gabriel Rodrigo por s\u00f3 0s016.<\/p>\n\n\n\n<p class=\"wp-block-paragraph\">Tatsuki Suzuki liderou parte do Q2, mas seguido bem de perto por Andrea Migno. Com apenas alguns segundos ainda no cron\u00f4metro, Rodrigo saltou para a ponta, 0s015 melhor que o japon\u00eas da SIC58. J\u00e1 com a bandeira quadriculada tremulando em Misano, por\u00e9m, Ogura lan\u00e7ou uma volta de 1min42s203 para tomar a ponta por s\u00f3 0s016.<\/p>\n\n\n\n<figure class=\"wp-block-image size-large\"><img decoding=\"async\" src=\"https:\/\/www.grandepremio.com\/br\/wp-content\/uploads\/2020\/09\/EhtfwMqXkAAsTU--1024x930.jpg\" alt=\"\" class=\"wp-image-417506\"\/><figcaption>Ai Ogura vai sair na pole pela primeira vez (Foto: Reprodu\u00e7\u00e3o)<\/figcaption><\/figure>\n\n\n\n<p class=\"wp-block-paragraph\"><strong>Conhe\u00e7a o canal do Grande Pr\u00eamio no&nbsp;<a href=\"https:\/\/www.youtube.com\/GrandePremioTV\">YouTube<\/a>.<br>Siga o Grande Pr\u00eamio no&nbsp;<a rel=\"noreferrer noopener\" href=\"https:\/\/twitter.com\/grandepremio\" target=\"_blank\">Twitter&nbsp;<\/a>e no&nbsp;<a rel=\"noreferrer noopener\" href=\"https:\/\/instagram.com\/grandepremio\" target=\"_blank\">Instagram<\/a>.<\/strong><\/p>\n\n\n\n<p class=\"wp-block-paragraph\">Migno, ent\u00e3o, caiu para a quarta coloca\u00e7\u00e3o, \u00e0 frente de Romano Fenati, que passou pelo Q1 mais cedo. Ra\u00fal Fern\u00e1ndez completa a segunda fila, seguido por Celestino Vietti, Jeremy Alcoba, Tony Arbolino e Filip Salac.<\/p>\n\n\n\n<p class=\"wp-block-paragraph\">L\u00edder do Mundial, Albert Arenas foi 0s651 mais lento que o ponteiro e acabou em 13\u00ba, \u00e0 frente de Jaume Masi\u00e0, Dennis Foggia, Stefano Nepa, John McPhee e Alonso L\u00f3pez.<\/p>\n\n\n\n<p class=\"wp-block-paragraph\">Darryn Binder foi barr\u00e3o no Q1 por apenas 0s104 e vai largar em 19\u00ba, \u00e0 frente de Niccol\u00f2 Antonelli, Ayumu Sasaki, Carlos Tatay, Davide Pizzoli e Khairul Idham Pawi. Kaito Toba, Jason Dupasquier, Ryusei Yamanaka, Deniz \u00d6nc\u00fc, Barry Baltus, Yuki Kunii e Max Kofler fecham o grid em Misano.<\/p>\n\n\n\n<p class=\"wp-block-paragraph\">O <strong>GRANDE PR\u00caMIO<\/strong> acompanha todas as atividades do <a rel=\"noreferrer noopener\" href=\"https:\/\/www.grandepremio.com\/br\/motogp\/ultimas-noticias\/?fl=true&amp;utm_source=lance\" target=\"_blank\">GP de San Marino e da Riviera de Rimini<\/a>, s\u00e9tima etapa do Mundial de Motovelocidade 2020.<\/p>\n\n\n\n<h3 class=\"wp-block-heading\">Top-4 melhora tempo na bandeira quadriculada e avan\u00e7a para Q2<\/h3>\n\n\n\n<p class=\"wp-block-paragraph\">A Moto3 foi quem abriu as tomadas de tempo do GP de San Marino e Riviera de Rimini. Quando o primeiro grupo de competidores foi para a pista o sol brilhava e a temperatura chegava a 29\u00baC, com o asfalto batendo 40\u00baC. O vento soprava a 13 km\/h.<\/p>\n\n\n\n<p class=\"wp-block-paragraph\">Para a primeira fase da classifica\u00e7\u00e3o, os pilotos que foram para a pista eram Ryusei Yamanaka, Davide Pizzoli, Tony Arbolino, Alonso L\u00f3prez, Niccolo Antonelli, Kaito Toba, Darryn Binder, Jason Dupasquier, Deniz \u00d6nc\u00fc, Ricardo Rossi, Romano Fenati, Barry Baltus, Ayumu Sasaki, Maximiliam Kofler, Khairul Pawi, Yuki Kunii e Carlos Tatay.<\/p>\n\n\n\n<p class=\"wp-block-paragraph\">Com 1min43s712, Antonelli foi o primeiro a se colocar na ponta da tabela. Entretanto, a medida que os pilotos fechavam suas voltas r\u00e1pidas, o tempos baixava em Misano, com Fenati sendo o novo l\u00edder 0s443 mais r\u00e1pido que o italiano. L\u00f3pez e Baltus fechavam o top-4.<\/p>\n\n\n\n<figure class=\"wp-block-embed-twitter wp-block-embed is-type-rich is-provider-twitter\"><div class=\"wp-block-embed__wrapper\">\n<blockquote class=\"twitter-tweet\" data-width=\"500\" data-dnt=\"true\"><p lang=\"en\" dir=\"ltr\">Four more riders will earn the chance to fight for pole! \ud83d\ude4c<a href=\"https:\/\/x.com\/hashtag\/Moto3?src=hash&amp;ref_src=twsrc%5Etfw\">#Moto3<\/a> Q1 goes green! \ud83d\udea5<a href=\"https:\/\/x.com\/hashtag\/SanMarinoGP?src=hash&amp;ref_src=twsrc%5Etfw\">#SanMarinoGP<\/a> \ud83c\uddf8\ud83c\uddf2 <a href=\"https:\/\/t.co\/KioitHeQoG\">pic.twitter.com\/KioitHeQoG<\/a><\/p>&mdash; MotoGP\u2122\ud83c\udfc1 (@MotoGP) <a href=\"https:\/\/x.com\/MotoGP\/status\/1304731042511810560?ref_src=twsrc%5Etfw\">September 12, 2020<\/a><\/blockquote><script async src=\"https:\/\/platform.x.com\/widgets.js\" charset=\"utf-8\"><\/script>\n<\/div><\/figure>\n\n\n\n<p class=\"wp-block-paragraph\">Com pouco menos de cinco minutos para a bandeira quadriculada, grande parte do pelot\u00e3o estava nos boxes. Neste ponto, Rossi e Pawi eram os pilotos com mais rodagem na sess\u00e3o, com cinco voltas completadas cada. Enquanto isso, com apenas dois giros, Toba foi quem menos andou.<\/p>\n\n\n\n<p class=\"wp-block-paragraph\">O Q1 se aproximava do fim e os nomes que conseguiam as \u00faltimas quatro vagas para a fase final eram Fenati, L\u00f3pez, Arbolino e Sasaki. O tempo a ser batido era de 1min43s571, marcado pelo japon\u00eas da Tech3.<\/p>\n\n\n\n<p class=\"wp-block-paragraph\">Com bandeira quadriculada, Antonelli tratou de se intrometer no quarteto da ponta e se colocou em terceiro, deixando Ayumu para fora. Entretanto, os tempos despencaram, com Arbolino pulando para a ponta, Binder chegando a se colocar no top-4, mas sendo empurrado por Rossi.<\/p>\n\n\n\n<h3 class=\"wp-block-heading\">Ogura aparece no fim e consegue primeira pole-position na Moto3<\/h3>\n\n\n\n<p class=\"wp-block-paragraph\">O quarteto se juntou a John McPhee, Celestino Vietti, Albert Arenas, Ra\u00fal Fern\u00e1ndez, Gabriel Rodrigo, Andrea Migno, Sergio Garc\u00eda, Ai Ogura, Tatsuki Suzuki, Dennis Foggia, Stefano Nepa, Jeremy Alcoba, Jaume Masi\u00e0 e Filip Salac para brigar pela pole-position.<\/p>\n\n\n\n<p class=\"wp-block-paragraph\">Ap\u00f3s os primeiros giros de instala\u00e7\u00e3o, os nomes come\u00e7aram a pipocar na tabela de tempos. Com 1min42s508, Ogura era o piloto a ser batido. Rodrigo e Masi\u00e0 completavam o top-3, enquanto McPhee sofreu uma queda, mas logo retomou a sess\u00e3o.<\/p>\n\n\n\n<p class=\"wp-block-paragraph\">Com a sess\u00e3o se aproximando do final, Suzuki aparecia com a pole-position provis\u00f3ria, mas Migno, segundo colocado, estava apenas 0s011 do japon\u00eas da SIC58. Ogura, Vietti e Rodrigo eram os cinco mais r\u00e1pidos.<\/p>\n\n\n\n<figure class=\"wp-block-embed-twitter wp-block-embed is-type-rich is-provider-twitter\"><div class=\"wp-block-embed__wrapper\">\n<blockquote class=\"twitter-tweet\" data-width=\"500\" data-dnt=\"true\"><p lang=\"en\" dir=\"ltr\">That was short lived! \ud83d\ude32<a href=\"https:\/\/x.com\/M16NO?ref_src=twsrc%5Etfw\">@M16NO<\/a> holds provisional pole for the blink of an eye before <a href=\"https:\/\/x.com\/TatsukiSuzuki24?ref_src=twsrc%5Etfw\">@TatsukiSuzuki24<\/a> takes over! \u23f1\ufe0f<a href=\"https:\/\/x.com\/hashtag\/SanMarinoGP?src=hash&amp;ref_src=twsrc%5Etfw\">#SanMarinoGP<\/a> \ud83c\uddf8\ud83c\uddf2 <a href=\"https:\/\/t.co\/C69zJ09wvs\">pic.twitter.com\/C69zJ09wvs<\/a><\/p>&mdash; MotoGP\u2122\ud83c\udfc1 (@MotoGP) <a href=\"https:\/\/x.com\/MotoGP\/status\/1304739924466380800?ref_src=twsrc%5Etfw\">September 12, 2020<\/a><\/blockquote><script async src=\"https:\/\/platform.x.com\/widgets.js\" charset=\"utf-8\"><\/script>\n<\/div><\/figure>\n\n\n\n<p class=\"wp-block-paragraph\">Na bandeira quadriculada, Rodrigo saltou para a ponta ao superar o tempo do advers\u00e1rio em apenas 0s015, tempo anotado em sua quinta volta r\u00e1pida. Enquanto isso, L\u00f3pez, o 16\u00ba, sofreu uma queda e perdeu a oportunidade de melhorar na tabela.<\/p>\n\n\n\n<p class=\"wp-block-paragraph\">As coisas mudaram mesmo com o cron\u00f4metro zerado. Com 1min42s403, Ogura saltou para a primeira coloca\u00e7\u00e3o e ficou com a pole do GP de San Marino, sua primeira na Moto3. Rodrigo \u00e9 quem sai em segundo, com Suzuki completando a primeira fila.<\/p>\n\n\n\n<p class=\"wp-block-paragraph\"><strong>LEIA TAMB\u00c9M<\/strong><br>+\u00a0<strong><a rel=\"noreferrer noopener\" href=\"https:\/\/www.grandepremio.com\/br\/motogp\/noticias\/rossi-apresenta-capacete-para-gp-de-san-marino-com-desenho-ousado-cartela-de-viagra\/\" target=\"_blank\">Rossi apresenta capacete para GP de San Marino com desenho ousado: cartela de viagra<\/a><\/strong><br>+ <strong><a rel=\"noreferrer noopener\" href=\"https:\/\/www.grandepremio.com\/br\/motogp\/noticias\/com-referencia-a-filme-de-spike-lee-morbidelli-pede-igualdade-em-capacete-de-misano\/\" target=\"_blank\">Com refer\u00eancia a filme de Spike Lee, Morbidelli pede igualdade em capacete de Misano<\/a><\/strong><br>+\u00a0<strong><a rel=\"noreferrer noopener\" href=\"https:\/\/www.grandepremio.com\/br\/motogp\/noticias\/disney-entra-em-acordo-e-mantem-direito-de-transmissao-da-motogp-no-fox-sports\/\" target=\"_blank\">Disney entra em acordo e mant\u00e9m direito de transmiss\u00e3o da MotoGP no FOX Sports<\/a><\/strong><\/p>\n\n\n\n<h4 class=\"wp-block-heading\"><strong>Moto3 2020, GP de San Marino e da Riviera de Rimini, Misano, Grid de largada:<\/strong><\/h4>\n\n\n\n<figure class=\"wp-block-table\"><table><tbody><tr><td>1<\/td><td>A OGURA<\/td><td>Asia Honda<\/td><td>1:42.403<\/td><td>&nbsp;<\/td><\/tr><tr><td>2<\/td><td>G RODRIGO<\/td><td>Gresini Honda<\/td><td>1:42.419<\/td><td>+0.016<\/td><\/tr><tr><td>3<\/td><td>T SUZUKI<\/td><td>SIC58 Honda<\/td><td>1:42.434<\/td><td>+0.031<\/td><\/tr><tr><td>4<\/td><td>A MIGNO<\/td><td>VR46 KTM<\/td><td>1:42.445<\/td><td>+0.042<\/td><\/tr><tr><td>5<\/td><td>R FENATI<\/td><td>MAX Husqvarna<\/td><td>1:42.604<\/td><td>+0.201<\/td><\/tr><tr><td>6<\/td><td>R FERNANDEZ<\/td><td>Red Bull KTM Ajo<\/td><td>1:42.656<\/td><td>+0.253<\/td><\/tr><tr><td>7<\/td><td>C VIETTI<\/td><td>VR46 KTM<\/td><td>1:42.781<\/td><td>+0.378<\/td><\/tr><tr><td>8<\/td><td>J ALCOBA<\/td><td>Gresini Honda<\/td><td>1:42.808<\/td><td>+0.405<\/td><\/tr><tr><td>9<\/td><td>T ARBOLINO<\/td><td>Snipers Honda<\/td><td>1:42.865<\/td><td>+0.462<\/td><\/tr><tr><td>10<\/td><td>F SALAC<\/td><td>Snipers Honda<\/td><td>1:42.908<\/td><td>+0.505<\/td><\/tr><tr><td>11<\/td><td>S GARCIA<\/td><td>Estrella Galicia 0,0 Honda<\/td><td>1:42.994<\/td><td>+0.591<\/td><\/tr><tr><td>12<\/td><td>R ROSSI<\/td><td>RBA KTM<\/td><td>1:43.007<\/td><td>+0.604<\/td><\/tr><tr><td>13<\/td><td>A ARENAS<\/td><td>Aspar KTM<\/td><td>1:43.054<\/td><td>+0.651<\/td><\/tr><tr><td>14<\/td><td>J MASI\u00c0<\/td><td>Leopard Honda<\/td><td>1:43.091<\/td><td>+0.688<\/td><\/tr><tr><td>15<\/td><td>D FOGGIA<\/td><td>Leopard Honda<\/td><td>1:43.115<\/td><td>+0.712<\/td><\/tr><tr><td>16<\/td><td>S NEPA<\/td><td>Aspar KTM<\/td><td>1:43.198<\/td><td>+0.795<\/td><\/tr><tr><td>17<\/td><td>J MCPHEE<\/td><td>SIC HONDA<\/td><td>1:43.327<\/td><td>+0.924<\/td><\/tr><tr><td>18<\/td><td>A L\u00d3PEZ<\/td><td>MAX Husqvarna<\/td><td>1:43.718<\/td><td>+1.315<\/td><\/tr><tr><td>19<\/td><td>D BINDER<\/td><td>CIP KTM<\/td><td>1:43.307<\/td><td>+0.904<\/td><\/tr><tr><td>20<\/td><td>N ANTONELLI<\/td><td>SIC58 Honda<\/td><td>1:43.402<\/td><td>+0.999<\/td><\/tr><tr><td>21<\/td><td>A SASAKI<\/td><td>Tech3 KTM<\/td><td>1:43.571<\/td><td>+1.168<\/td><\/tr><tr><td>22<\/td><td>C TATAY<\/td><td>Avintia KTM<\/td><td>1:43.595<\/td><td>+1.192<\/td><\/tr><tr><td>23<\/td><td>D PIZZOLI<\/td><td>RBA KTM<\/td><td>1:43.643<\/td><td>+1.240<\/td><\/tr><tr><td>24<\/td><td>K PAWI<\/td><td>SIC Honda<\/td><td>1:43.889<\/td><td>+1.486<\/td><\/tr><tr><td>25<\/td><td>K TOBA<\/td><td>Red Bull KTM Ajo<\/td><td>1:43.905<\/td><td>+1.502<\/td><\/tr><tr><td>26<\/td><td>J DUPASQUIER<\/td><td>Pr\u00fcstel KTM<\/td><td>1:44.004<\/td><td>+1.601<\/td><\/tr><tr><td>27<\/td><td>R YAMANAKA<\/td><td>Estrella Galicia 0,0 Honda<\/td><td>1:44.070<\/td><td>+1.667<\/td><\/tr><tr><td>28<\/td><td>D \u00d6NC\u00dc<\/td><td>Tech3 KTM<\/td><td>1:44.073<\/td><td>+1.670<\/td><\/tr><tr><td>29<\/td><td>B BALTUS<\/td><td>Pr\u00fcstel KTM<\/td><td>1:44.109<\/td><td>+1.706<\/td><\/tr><tr><td>30<\/td><td>Y KUNII<\/td><td>Asia Honda<\/td><td>1:44.445<\/td><td>+2.042<\/td><\/tr><tr><td>31<\/td><td>M KOFLER<\/td><td>CIP KTM<\/td><td>1:44.612<\/td><td>+2.209<\/td><\/tr><\/tbody><\/table><\/figure>\n\n\n\n<figure class=\"wp-block-embed-dailymotion wp-block-embed is-type-video is-provider-dailymotion wp-embed-aspect-16-9 wp-has-aspect-ratio\"><div class=\"wp-block-embed__wrapper\">\n<iframe loading=\"lazy\" title=\"Ningu\u00e9m quer PUNI\u00c7\u00d5ES EM EXCESSO, mas MotoGP precisa de CONSIST\u00caNCIA | GP \u00e0s 10\" frameborder=\"0\" width=\"500\" height=\"281\" src=\"https:\/\/geo.dailymotion.com\/player.html?video=x7vuawt&#038;\" allowfullscreen allow=\"autoplay; fullscreen; picture-in-picture; web-share\"><\/iframe>\n<\/div><\/figure>\n","protected":false},"excerpt":{"rendered":"<p>O japon\u00eas do Team Asia apareceu com o cron\u00f4metro zerado para tomar a pole do argentino por s\u00f3 0s015. Tatsuki Suzuki completa a primeira fila, com o l\u00edder do Mundial Albert Arenas largando s\u00f3 em 13\u00ba<\/p>\n","protected":false},"author":0,"featured_media":1000417507,"comment_status":"closed","ping_status":"closed","sticky":false,"template":"","format":"standard","meta":{"42wp_featured_image_caption":"","42wp_featured_image_credits":"","42wp_featured_video":"","42wp_featured_image_hidden":false,"42wp_authors_list":[],"footnotes":""},"categories":[8],"tags":[2283,25820,2277,26134,130,25070,2286,132,79,174,78,173,25821,25819,847,8494,3562,2279],"42wp_author":[47113,47123],"class_list":["post-127186","post","type-post","status-publish","format-standard","has-post-thumbnail","hentry","category-motogp","tag-andrea-migno","tag-calendario-2020-motogp","tag-celestino-vietti","tag-emilia-romanha","tag-honda","tag-italia-2","tag-john-mcphee","tag-ktm","tag-moto-gp","tag-moto-gp-2020","tag-motogp","tag-motogp-2020","tag-motogp-2020-transmissao-brasil","tag-motogp-hoje","tag-mundial-de-motovelocidade","tag-rimini","tag-san-marino","tag-tony-arbolino","42wp_author-juliana-tesser","42wp_author-nathalia-de-vivo"],"_links":{"self":[{"href":"https:\/\/grandepremio.com\/br\/wp-json\/wp\/v2\/posts\/127186","targetHints":{"allow":["GET"]}}],"collection":[{"href":"https:\/\/grandepremio.com\/br\/wp-json\/wp\/v2\/posts"}],"about":[{"href":"https:\/\/grandepremio.com\/br\/wp-json\/wp\/v2\/types\/post"}],"replies":[{"embeddable":true,"href":"https:\/\/grandepremio.com\/br\/wp-json\/wp\/v2\/comments?post=127186"}],"version-history":[{"count":0,"href":"https:\/\/grandepremio.com\/br\/wp-json\/wp\/v2\/posts\/127186\/revisions"}],"wp:featuredmedia":[{"embeddable":true,"href":"https:\/\/grandepremio.com\/br\/wp-json\/wp\/v2\/media\/1000417507"}],"wp:attachment":[{"href":"https:\/\/grandepremio.com\/br\/wp-json\/wp\/v2\/media?parent=127186"}],"wp:term":[{"taxonomy":"category","embeddable":true,"href":"https:\/\/grandepremio.com\/br\/wp-json\/wp\/v2\/categories?post=127186"},{"taxonomy":"post_tag","embeddable":true,"href":"https:\/\/grandepremio.com\/br\/wp-json\/wp\/v2\/tags?post=127186"},{"taxonomy":"42wp_author","embeddable":true,"href":"https:\/\/grandepremio.com\/br\/wp-json\/wp\/v2\/42wp_author?post=127186"}],"curies":[{"name":"wp","href":"https:\/\/api.w.org\/{rel}","templated":true}]}}