{"id":127197,"date":"2020-09-12T04:56:40","date_gmt":"2020-09-12T07:56:40","guid":{"rendered":"https:\/\/grandepremio.com\/br\/noticias\/bastianini-confirma-salto-para-motogp-em-2021-com-ducati-ainda-nao-sei-equipe\/"},"modified":"2020-09-12T04:56:45","modified_gmt":"2020-09-12T07:56:45","slug":"bastianini-confirma-salto-para-motogp-em-2021-com-ducati-ainda-nao-sei-equipe","status":"publish","type":"post","link":"https:\/\/grandepremio.com\/br\/motogp\/bastianini-confirma-salto-para-motogp-em-2021-com-ducati-ainda-nao-sei-equipe\/","title":{"rendered":"Bastianini confirma salto para MotoGP em 2021 com Ducati: \u201cAinda n\u00e3o sei equipe\u201d"},"content":{"rendered":"\n<p class=\"wp-block-paragraph\">Enea Bastianini j\u00e1 acertou o salto para a MotoGP na temporada 2021. O atual vice-l\u00edder da Moto2 confirmou que assinou com a Ducati, mas ainda n\u00e3o sabe qual equipe defender\u00e1 no campeonato de estreia na categoria principal.<\/p>\n\n\n\n<p class=\"wp-block-paragraph\">A expectativa \u00e9 de que Bastianini seja o substituto de Johann Zarco na Avintia. Chefe do time, <a href=\"https:\/\/www.grandepremio.com\/br\/motogp\/noticias\/avintia-confirma-saida-de-zarco-e-abre-caminho-para-bastianini-da-moto2\/\" target=\"_blank\" rel=\"noreferrer noopener\">Rub\u00e9n Xaus disse na sexta-feira (11) que era \u201c99% certo\u201d que o jovem italiano fosse o escolhido para assumir a vaga que hoje \u00e9 do franc\u00eas<\/a>.<\/p>\n\n\n\n<figure class=\"wp-block-image size-large\"><img decoding=\"async\" src=\"https:\/\/www.grandepremio.com\/br\/wp-content\/uploads\/2020\/09\/EhTFj8BWkAILPic-1024x683.jpg\" alt=\"Enea Bastianini, Moto2 2020, San Marino\" class=\"wp-image-416886\"\/><figcaption>Enea Bastianini est\u00e1 no segundo ano de Moto2 (Foto: Reprodu\u00e7\u00e3o)<\/figcaption><\/figure>\n\n\n\n<p class=\"wp-block-paragraph\"><strong>Conhe\u00e7a o canal do Grande Pr\u00eamio no&nbsp;<a href=\"https:\/\/www.youtube.com\/GrandePremioTV\">YouTube<\/a>.<br>Siga o Grande Pr\u00eamio no&nbsp;<a rel=\"noreferrer noopener\" href=\"https:\/\/twitter.com\/grandepremio\" target=\"_blank\">Twitter&nbsp;<\/a>e no&nbsp;<a rel=\"noreferrer noopener\" href=\"https:\/\/instagram.com\/grandepremio\" target=\"_blank\">Instagram<\/a>.<\/strong><\/p>\n\n\n\n<p class=\"wp-block-paragraph\">\u201cAssinei com a Ducati e, no momento, n\u00e3o sei a equipe, mas acho que na pr\u00f3xima semana ser\u00e1 poss\u00edvel confirmar isso\u201d, disse Bastianini ao site oficial da MotoGP. \u201cPara mim, \u00e9 realmente importante estar com a Ducati no pr\u00f3ximo ano. \u00c9 uma boa fam\u00edlia para mim: uma moto italiana e eu italiano\u201d, completou.<\/p>\n\n\n\n<p class=\"wp-block-paragraph\">A Ducati ainda n\u00e3o definiu a composi\u00e7\u00e3o de suas equipes para a temporada 2021. At\u00e9 agora, a \u00fanica certeza \u00e9 que Jack Miller ser\u00e1 piloto do time oficial. Francesco Bagnaia e Zarco devem ter o contrato renovado, com um dos dois assumindo o posto ao lado do australiano e outro compondo a estrutura da Pramac.<\/p>\n\n\n\n<p class=\"wp-block-paragraph\">Tito Rabat est\u00e1 na metade de um contrato de dois anos com a Avintia, v\u00e1lido at\u00e9 a pr\u00f3xima temporada. <\/p>\n\n\n\n<p class=\"wp-block-paragraph\">Al\u00e9m de Bastianini, Jorge Mart\u00edn tamb\u00e9m deve saltar para a MotoGP com a f\u00e1brica de Borgo Panigale. O espanhol est\u00e1 afastado do campeonato ap\u00f3s testar positivo para Covid-19.<\/p>\n\n\n\n<p class=\"wp-block-paragraph\">O <strong>GRANDE PR\u00caMIO<\/strong> acompanha todas as atividades do <a href=\"https:\/\/www.grandepremio.com\/br\/motogp\/ultimas-noticias\/?fl=true&amp;utm_source=lance\" target=\"_blank\" rel=\"noreferrer noopener\">GP de San Marino e da Riviera de Rimini<\/a>, s\u00e9tima etapa do Mundial de Motovelocidade 2020.<\/p>\n\n\n\n<p class=\"wp-block-paragraph\"><strong>LEIA TAMB\u00c9M<\/strong><br>+&nbsp;<strong><a href=\"https:\/\/www.grandepremio.com\/br\/motogp\/noticias\/disney-entra-em-acordo-e-mantem-direito-de-transmissao-da-motogp-no-fox-sports\/\" target=\"_blank\" rel=\"noreferrer noopener\">Disney entra em acordo e mant\u00e9m direito de transmiss\u00e3o da MotoGP no FOX Sports<\/a><\/strong><\/p>\n\n\n\n<figure class=\"wp-block-embed-dailymotion wp-block-embed is-type-video is-provider-dailymotion wp-embed-aspect-16-9 wp-has-aspect-ratio\"><div class=\"wp-block-embed__wrapper\">\n<iframe loading=\"lazy\" title=\"Ningu\u00e9m quer PUNI\u00c7\u00d5ES EM EXCESSO, mas MotoGP precisa de CONSIST\u00caNCIA | GP \u00e0s 10\" frameborder=\"0\" width=\"500\" height=\"281\" src=\"https:\/\/geo.dailymotion.com\/player.html?video=x7vuawt&#038;\" allowfullscreen allow=\"autoplay; fullscreen; picture-in-picture; web-share\"><\/iframe>\n<\/div><\/figure>\n","protected":false},"excerpt":{"rendered":"<p>Atual vice-l\u00edder da Moto2, italiano admitiu que j\u00e1 assinou contrato com a Ducati para subir para a MotoGP na pr\u00f3xima temporada. O piloto de Rimini deve defender a Avintia na estreia<\/p>\n","protected":false},"author":0,"featured_media":1000400369,"comment_status":"closed","ping_status":"closed","sticky":false,"template":"","format":"standard","meta":{"42wp_featured_image_caption":"","42wp_featured_image_credits":"","42wp_featured_video":"","42wp_featured_image_hidden":false,"42wp_authors_list":[],"footnotes":""},"categories":[8],"tags":[135,26134,25070,79,174,78,173,25821,25819,847,3562],"42wp_author":[47113],"class_list":["post-127197","post","type-post","status-publish","format-standard","has-post-thumbnail","hentry","category-motogp","tag-avintia","tag-emilia-romanha","tag-italia-2","tag-moto-gp","tag-moto-gp-2020","tag-motogp","tag-motogp-2020","tag-motogp-2020-transmissao-brasil","tag-motogp-hoje","tag-mundial-de-motovelocidade","tag-san-marino","42wp_author-juliana-tesser"],"_links":{"self":[{"href":"https:\/\/grandepremio.com\/br\/wp-json\/wp\/v2\/posts\/127197","targetHints":{"allow":["GET"]}}],"collection":[{"href":"https:\/\/grandepremio.com\/br\/wp-json\/wp\/v2\/posts"}],"about":[{"href":"https:\/\/grandepremio.com\/br\/wp-json\/wp\/v2\/types\/post"}],"replies":[{"embeddable":true,"href":"https:\/\/grandepremio.com\/br\/wp-json\/wp\/v2\/comments?post=127197"}],"version-history":[{"count":0,"href":"https:\/\/grandepremio.com\/br\/wp-json\/wp\/v2\/posts\/127197\/revisions"}],"wp:featuredmedia":[{"embeddable":true,"href":"https:\/\/grandepremio.com\/br\/wp-json\/wp\/v2\/media\/1000400369"}],"wp:attachment":[{"href":"https:\/\/grandepremio.com\/br\/wp-json\/wp\/v2\/media?parent=127197"}],"wp:term":[{"taxonomy":"category","embeddable":true,"href":"https:\/\/grandepremio.com\/br\/wp-json\/wp\/v2\/categories?post=127197"},{"taxonomy":"post_tag","embeddable":true,"href":"https:\/\/grandepremio.com\/br\/wp-json\/wp\/v2\/tags?post=127197"},{"taxonomy":"42wp_author","embeddable":true,"href":"https:\/\/grandepremio.com\/br\/wp-json\/wp\/v2\/42wp_author?post=127197"}],"curies":[{"name":"wp","href":"https:\/\/api.w.org\/{rel}","templated":true}]}}