{"id":127198,"date":"2020-09-12T04:54:35","date_gmt":"2020-09-12T07:54:35","guid":{"rendered":"https:\/\/grandepremio.com\/br\/noticias\/mcphee-bate-vietti-e-lidera-terceiro-treino-do-gp-de-san-marino-da-moto3-arenas-e-3o\/"},"modified":"2020-09-12T04:54:39","modified_gmt":"2020-09-12T07:54:39","slug":"mcphee-bate-vietti-e-lidera-terceiro-treino-do-gp-de-san-marino-da-moto3-arenas-e-3o","status":"publish","type":"post","link":"https:\/\/grandepremio.com\/br\/motogp\/mcphee-bate-vietti-e-lidera-terceiro-treino-do-gp-de-san-marino-da-moto3-arenas-e-3o\/","title":{"rendered":"McPhee bate Vietti e lidera terceiro treino do GP de San Marino da Moto3. Arenas \u00e9 3\u00ba"},"content":{"rendered":"\n<p class=\"wp-block-paragraph\">John McPhee come\u00e7ou o s\u00e1bado (12) da Moto3 em Misano com o p\u00e9 direito. No terceiro treino livre do GP de San Marino, o competidor anotou o tempo de 1min42s415 para fechar como o mais r\u00e1pido da sess\u00e3o.<\/p>\n\n\n\n<p class=\"wp-block-paragraph\">Quem come\u00e7ou o treino da parte da manh\u00e3 na frente foi Ra\u00fal Fern\u00e1ndez, mas logo o escoc\u00eas tratou de bater o advers\u00e1rio da Red Bull KTM Ajo. Mas sua lideran\u00e7a seria tirada de suas m\u00e3os por Celestino Vietti, que caiu assim que anotou a melhor marca.<\/p>\n\n\n\n<p class=\"wp-block-paragraph\">Entretanto, sem se dar por vencido, McPhee superou o italiano por m\u00ednimos 0s002 para se colocar de volta na ponta e dali n\u00e3o sair mais at\u00e9 a bandeira quadriculada. Albert Arenas, l\u00edder da classifica\u00e7\u00e3o, ficou com o terceiro posto, com Fern\u00e1ndez e Gabriel Rodrigo completando o top-5.<\/p>\n\n\n\n<p class=\"wp-block-paragraph\">O\u00a0<strong>GRANDE PR\u00caMIO<\/strong>\u00a0acompanha todas as atividades do\u00a0<a href=\"https:\/\/www.grandepremio.com\/br\/motogp\/ultimas-noticias\/?fl=true&amp;utm_source=lance\" target=\"_blank\" rel=\"noreferrer noopener\">GP de San Marino e da Riviera de Rimini<\/a>, s\u00e9tima etapa do Mundial de\u00a0<a href=\"https:\/\/www.grandepremio.com\/br\/motogp\/\" target=\"_blank\" rel=\"noreferrer noopener\">Motovelocidade<\/a>\u00a02020.<\/p>\n\n\n\n<figure class=\"wp-block-image size-large\"><img decoding=\"async\" src=\"https:\/\/www.grandepremio.com\/br\/wp-content\/uploads\/2020\/09\/Eho6fOfXcAU8aUn.jpg\" alt=\"John McPhee, Moto3 2020, Misano, Treino\" class=\"wp-image-417329\"\/><figcaption>McPhee foi apenas 0s002 mais veloz que o segundo colocado (Foto: Reprodu\u00e7\u00e3o)<\/figcaption><\/figure>\n\n\n\n<p class=\"wp-block-paragraph\"><strong>Conhe\u00e7a o canal do Grande Pr\u00eamio no&nbsp;<a href=\"https:\/\/www.youtube.com\/GrandePremioTV\">YouTube<\/a>.<br>Siga o Grande Pr\u00eamio no&nbsp;<a rel=\"noreferrer noopener\" href=\"https:\/\/twitter.com\/grandepremio\" target=\"_blank\">Twitter&nbsp;<\/a>e no&nbsp;<a rel=\"noreferrer noopener\" href=\"https:\/\/instagram.com\/grandepremio\" target=\"_blank\">Instagram<\/a>.<\/strong><\/p>\n\n\n\n<h3 class=\"wp-block-heading\">Saiba como foi o terceiro treino livre da Moto3 em Misano<\/h3>\n\n\n\n<p class=\"wp-block-paragraph\">A Moto3 foi quem abriu as atividades do s\u00e1bado em Misano. Assim que o TL3 foi autorizado, logo os pilotos foram ao tra\u00e7ado e os tempos n\u00e3o demoraram a aparecer na tabela. O primeiro a se estabelecer na primeira coloca\u00e7\u00e3o foi Ra\u00fal Fern\u00e1ndes, mas logo o espanhol seria superado por John McPhee, que cravou 1min42s912.<\/p>\n\n\n\n<p class=\"wp-block-paragraph\">Com dez minutos de sess\u00e3o percorrido na pista italiana, os pilotos come\u00e7avam a ir aos boxes para a primeira parada programada do treino. Neste ponto, o primeiro e o 16\u00ba, Ayumu Sasaki, estavam separados por apenas 1s010.<\/p>\n\n\n\n<p class=\"wp-block-paragraph\">Nos treinos combinados, que definem os nomes que avan\u00e7am ao Q2 da classifica\u00e7\u00e3o, os competidores que tinham provisoriamente a vaga garantida eram Fern\u00e1ndez, Gabriel Rodrigo, Tatsuki Suzuki, Albert Arenas, Andrea Migno, McPhee, Celestino Vietti, Sasaki, Sergio Garc\u00eda, Jaume Masi\u00e0, Dennis Foggia, Filip Salac, Romano Fenati e Ai Ogura.<\/p>\n\n\n\n<p class=\"wp-block-paragraph\">Restando 18 minutos no rel\u00f3gio, Vietti, Migno e Carlos Tatay eram os pilotos que mais completaram voltas no treino, com nove giros cada. Por outro lado, Kunii rodou apenas quatro, sendo o competidor que menos rodou.<\/p>\n\n\n\n<p class=\"wp-block-paragraph\">Assim que Celestino anotou 1min42s417, o tempo mais r\u00e1pido do fim de semana da Moto3, o italiano acabou indo ao ch\u00e3o, mas logo levantando a moto e retomando a sess\u00e3o. Instantes depois, McPhee bateu a lideran\u00e7a do advers\u00e1rio em microsc\u00f3picos 0s002.<\/p>\n\n\n\n<p class=\"wp-block-paragraph\">O treino entrou em sua fase final e a ordem na pista era McPhee, Vietti, Migno, Fern\u00e1ndez, Foggia, Arenas, Suzuki, Ogura, Salac e Nicollo Antonelli completando os dez primeiros colocados. Mais uma vez os pilotos foram aos boxes.<\/p>\n\n\n\n<p class=\"wp-block-paragraph\">No \u00faltimo minuto de sess\u00e3o, Celestino protagonizou mais uma queda. Dessa vez, o italiano foi ao ch\u00e3o na curva 8, mas saiu ileso, apenas sem tempo para voltar para a moto e tentar mais um giro r\u00e1pido.<\/p>\n\n\n\n<p class=\"wp-block-paragraph\">Com bandeira quadriculada em Misano, McPhee foi quem terminou como o mais r\u00e1pido com 1min42s415. O competidor da VR46 veio na sequ\u00eancia, com Albert Arenas, l\u00edder da classifica\u00e7\u00e3o, sendo o terceiro. Fern\u00e1ndez e Rodrigo completaram o top-5.<\/p>\n","protected":false},"excerpt":{"rendered":"<p>O escoc\u00eas anotou a marca de 1min42s415 e bateu o italiano da VR46 por apenas 0s002. Albert Arenas, l\u00edder da classifica\u00e7\u00e3o, ficou apenas 0s022 atr\u00e1s do mais r\u00e1pido<\/p>\n","protected":false},"author":0,"featured_media":1000417330,"comment_status":"closed","ping_status":"closed","sticky":false,"template":"","format":"standard","meta":{"42wp_featured_image_caption":"","42wp_featured_image_credits":"","42wp_featured_video":"","42wp_featured_image_hidden":false,"42wp_authors_list":[],"footnotes":""},"categories":[8],"tags":[5806,25051,3464,79,174,1809,78,173,25821,25819,847,25818,889],"42wp_author":[47123],"class_list":["post-127198","post","type-post","status-publish","format-standard","has-post-thumbnail","hentry","category-motogp","tag-albert-arenas","tag-gp-de-san-marino","tag-misano","tag-moto-gp","tag-moto-gp-2020","tag-moto3","tag-motogp","tag-motogp-2020","tag-motogp-2020-transmissao-brasil","tag-motogp-hoje","tag-mundial-de-motovelocidade","tag-raul-fernandez","tag-temporada-2020-motogp","42wp_author-nathalia-de-vivo"],"_links":{"self":[{"href":"https:\/\/grandepremio.com\/br\/wp-json\/wp\/v2\/posts\/127198","targetHints":{"allow":["GET"]}}],"collection":[{"href":"https:\/\/grandepremio.com\/br\/wp-json\/wp\/v2\/posts"}],"about":[{"href":"https:\/\/grandepremio.com\/br\/wp-json\/wp\/v2\/types\/post"}],"replies":[{"embeddable":true,"href":"https:\/\/grandepremio.com\/br\/wp-json\/wp\/v2\/comments?post=127198"}],"version-history":[{"count":0,"href":"https:\/\/grandepremio.com\/br\/wp-json\/wp\/v2\/posts\/127198\/revisions"}],"wp:featuredmedia":[{"embeddable":true,"href":"https:\/\/grandepremio.com\/br\/wp-json\/wp\/v2\/media\/1000417330"}],"wp:attachment":[{"href":"https:\/\/grandepremio.com\/br\/wp-json\/wp\/v2\/media?parent=127198"}],"wp:term":[{"taxonomy":"category","embeddable":true,"href":"https:\/\/grandepremio.com\/br\/wp-json\/wp\/v2\/categories?post=127198"},{"taxonomy":"post_tag","embeddable":true,"href":"https:\/\/grandepremio.com\/br\/wp-json\/wp\/v2\/tags?post=127198"},{"taxonomy":"42wp_author","embeddable":true,"href":"https:\/\/grandepremio.com\/br\/wp-json\/wp\/v2\/42wp_author?post=127198"}],"curies":[{"name":"wp","href":"https:\/\/api.w.org\/{rel}","templated":true}]}}