{"id":127203,"date":"2020-09-11T16:24:11","date_gmt":"2020-09-11T19:24:11","guid":{"rendered":"https:\/\/grandepremio.com\/br\/noticias\/confira-declaracoes-dos-pilotos-apos-sexta-feira-de-treinos-para-gp-da-toscana-2020\/"},"modified":"2020-09-11T16:24:16","modified_gmt":"2020-09-11T19:24:16","slug":"confira-declaracoes-dos-pilotos-apos-sexta-feira-de-treinos-para-gp-da-toscana-2020","status":"publish","type":"post","link":"https:\/\/grandepremio.com\/br\/f1\/confira-declaracoes-dos-pilotos-apos-sexta-feira-de-treinos-para-gp-da-toscana-2020\/","title":{"rendered":"Confira declara\u00e7\u00f5es dos pilotos ap\u00f3s sexta-feira de treinos para GP da Toscana 2020"},"content":{"rendered":"\n<figure class=\"wp-block-embed-youtube wp-block-embed is-type-video is-provider-youtube wp-embed-aspect-16-9 wp-has-aspect-ratio\"><div class=\"wp-block-embed__wrapper\">\n<iframe loading=\"lazy\" title=\"EVERALDO MARQUES, VETTEL, ALONSO e vit\u00f3ria da ALPHATAURI: 2020 mudou F1 | Cadeira Cativa #23\" width=\"500\" height=\"281\" src=\"https:\/\/www.youtube.com\/embed\/BSRYIBvhZ1c?feature=oembed\" frameborder=\"0\" allow=\"accelerometer; autoplay; clipboard-write; encrypted-media; gyroscope; picture-in-picture; web-share\" referrerpolicy=\"strict-origin-when-cross-origin\" allowfullscreen><\/iframe>\n<\/div><\/figure>\n\n\n\n<p class=\"wp-block-paragraph\">Valtteri Bottas, da Mercedes, <a href=\"https:\/\/www.grandepremio.com\/br\/f1\/noticias\/bottas-fecha-sexta-feira-na-frente-com-1-2-da-mercedes-na-toscana-leclerc-fica-1s4-atras\/\" target=\"_blank\" rel=\"noreferrer noopener\">dominou os treinos livres de sexta-feira<\/a> na primeira apari\u00e7\u00e3o da F\u00f3rmula 1 em Mugello. O finland\u00eas foi o mais r\u00e1pido, com 1min16s989, dois d\u00e9cimos mais r\u00e1pido que Lewis Hamilton, seu companheiro de equipe.<\/p>\n\n\n\n<p class=\"wp-block-paragraph\">Max Verstappen foi o terceiro mais r\u00e1pido nos treinos para o GP da Toscana, com Alexander Albon \u2014 o outro piloto da Red Bull \u2014 ficou em quarto. Na sequ\u00eancia, apareceu a dupla da Renault, com Daniel Ricciardo e Esteban Ocon, respectivamente.<\/p>\n\n\n\n<p class=\"wp-block-paragraph\">Sergio P\u00e9rez foi o s\u00e9timo mais r\u00e1pido, mesmo com a barbeiragem feita no TL2 <a href=\"https:\/\/www.grandepremio.com\/br\/f1\/noticias\/perez-perde-uma-posicao-no-grid-do-gp-da-toscana-por-toque-em-raikkonen-no-tl2\/\" target=\"_blank\" rel=\"noreferrer noopener\">que gerou puni\u00e7\u00e3o para a classifica\u00e7\u00e3o deste s\u00e1bado<\/a>. Pierre Gasly, vencedor do GP da It\u00e1lia, ficou em oitavo.<\/p>\n\n\n\n<p class=\"wp-block-paragraph\">Kimi R\u00e4ikk\u00f6nen foi o nono mais veloz do dia. No 1000\u00ba GP da Ferrari, a escuderia foi discreto: Charles Leclerc ficou em d\u00e9cimo e Sebastian Vettel foi apenas o 12\u00ba colocado nesta sexta-feira \u2014 mas 1s509 atr\u00e1s de Bottas.<\/p>\n\n\n\n<p class=\"wp-block-paragraph\"><strong>Conhe\u00e7a o canal do Grande Pr\u00eamio no YouTube! Clique\u00a0<a href=\"https:\/\/youtube.com\/GrandePremioTV\" target=\"_blank\" rel=\"noreferrer noopener\">aqui<\/a>.<br>Siga o Grande Pr\u00eamio no\u00a0<a href=\"https:\/\/twitter.com\/grandepremio\" target=\"_blank\" rel=\"noreferrer noopener\">Twitter\u00a0<\/a>e no\u00a0<a href=\"https:\/\/instagram.com\/grandepremio\" target=\"_blank\" rel=\"noreferrer noopener\">Instagram<\/a>!<\/strong><\/p>\n\n\n\n<p class=\"wp-block-paragraph\">A F\u00f3rmula 1 retoma os trabalhos neste s\u00e1bado em Mugello a partir de 7h (de Bras\u00edlia) para o terceiro treino livre do GP da Toscana. O\u00a0<strong>GRANDE PR\u00caMIO<\/strong>\u00a0acompanha tudo\u00a0<a href=\"https:\/\/www.grandepremio.com\/br\/ao-vivo\/f1\/gp-da-toscana-2020-treinos-livres\/\">AO VIVO e em TEMPO REAL<\/a>.<\/p>\n\n\n\n<figure class=\"wp-block-image size-large\"><img decoding=\"async\" src=\"https:\/\/www.grandepremio.com\/br\/wp-content\/uploads\/2020\/09\/renault-estebanocon-02-3-1024x683.jpg\" alt=\"\" class=\"wp-image-416957\"\/><figcaption>Alguns poucos espectadores acompanharam os treinos livres em Mugello (Foto: Renault)<\/figcaption><\/figure>\n\n\n\n<p class=\"wp-block-paragraph\"><strong>Confira as declara\u00e7\u00f5es dos pilotos ap\u00f3s os treinos livres do GP da Toscana:<\/strong><\/p>\n\n\n\n<p class=\"wp-block-paragraph\"><strong>Valtteri Bottas, primeiro:<\/strong> <a href=\"https:\/\/www.grandepremio.com\/br\/f1\/noticias\/bottas-aprova-pista-legal-e-divertida-de-mugello-mas-alerta-para-desafio-fisico\/\" target=\"_blank\" rel=\"noreferrer noopener\">Bottas aprova \u201cpista legal e divertida\u201d de Mugello, mas alerta para desafio f\u00edsico<\/a><\/p>\n\n\n\n<p class=\"wp-block-paragraph\"><strong>Lewis Hamilton, segundo:<\/strong> <a href=\"https:\/\/www.grandepremio.com\/br\/f1\/noticias\/atras-de-bottas-hamilton-confirma-dificuldades-em-mugello-nao-sou-tao-bom-ainda\/\" target=\"_blank\" rel=\"noreferrer noopener\">Atr\u00e1s de Bottas, Hamilton confirma dificuldades em Mugello: \u201cN\u00e3o sou t\u00e3o bom ainda\u201d<\/a><\/p>\n\n\n\n<p class=\"wp-block-paragraph\"><strong>Max Verstappen, terceiro:<\/strong> <a href=\"https:\/\/www.grandepremio.com\/br\/f1\/noticias\/red-bull-esta-perto-da-mercedes-em-inacreditavel-mugello-analisa-verstappen\/\" target=\"_blank\" rel=\"noreferrer noopener\">Red Bull est\u00e1 perto da Mercedes em \u201cinacredit\u00e1vel\u201d Mugello, analisa Verstappen<\/a><\/p>\n\n\n\n<p class=\"wp-block-paragraph\"><strong>Alexander Albon, quarto:<\/strong> <a href=\"https:\/\/www.grandepremio.com\/br\/f1\/noticias\/red-bull-esta-perto-da-mercedes-em-inacreditavel-mugello-analisa-verstappen\/\" target=\"_blank\" rel=\"noreferrer noopener\">Red Bull est\u00e1 perto da Mercedes em \u201cinacredit\u00e1vel\u201d Mugello, analisa Verstappen<\/a><\/p>\n\n\n\n<p class=\"wp-block-paragraph\"><strong>Daniel Ricciardo, quinto:<\/strong> <a href=\"https:\/\/www.grandepremio.com\/br\/f1\/noticias\/ricciardo-e-ocon-pregam-otimismo-com-renault-em-divertida-e-desafiadora-mugello\/\" target=\"_blank\" rel=\"noreferrer noopener\">Ricciardo e Ocon pregam otimismo com Renault em \u201cdivertida e desafiadora\u201d Mugello<\/a><\/p>\n\n\n\n<p class=\"wp-block-paragraph\"><strong>Esteban Ocon, sexto:<\/strong> <a href=\"https:\/\/www.grandepremio.com\/br\/f1\/noticias\/ricciardo-e-ocon-pregam-otimismo-com-renault-em-divertida-e-desafiadora-mugello\/\" target=\"_blank\" rel=\"noreferrer noopener\">Ricciardo e Ocon pregam otimismo com Renault em \u201cdivertida e desafiadora\u201d Mugello<\/a><\/p>\n\n\n\n<figure class=\"wp-block-image size-large\"><img decoding=\"async\" src=\"https:\/\/www.grandepremio.com\/br\/wp-content\/uploads\/2020\/09\/redbull-maxverstappen-03-2-1024x683.jpg\" alt=\"\" class=\"wp-image-416952\"\/><figcaption>Max Verstappen gostou do ritmo da Red Bull na sexta-feira (Foto: Getty Images\/Red Bull Content Pool)<\/figcaption><\/figure>\n\n\n\n<p class=\"wp-block-paragraph\"><strong>Sergio P\u00e9rez, s\u00e9timo:<\/strong> &#8220;O carro esteve bom hoje e estamos mais focados em encontrar nosso ritmo de corrida. Foi uma pena o que aconteceu com o Kimi [R\u00e4ikk\u00f6nen]. \u00c9 muito dif\u00edcil notar outro carro quando voc\u00ea est\u00e1 saindo dos boxes \u2014 e curva no fim da reta dificulta.&#8221;<\/p>\n\n\n\n<p class=\"wp-block-paragraph\"><strong>Pierre Gasly, oitavo:<\/strong> <a href=\"https:\/\/www.grandepremio.com\/br\/f1\/noticias\/gasly-valoriza-top-10-nos-treinos-livres-mas-diz-nao-fiquei-tao-confortavel-no-carro\/\" target=\"_blank\" rel=\"noreferrer noopener\">Gasly valoriza top-10 nos treinos livres, mas diz: \u201cN\u00e3o fiquei t\u00e3o confort\u00e1vel no carro\u201d<\/a><\/p>\n\n\n\n<p class=\"wp-block-paragraph\"><strong>Kimi R\u00e4ikk\u00f6nen, nono:<\/strong> &#8220;\u00c9 bom pilotar novamente em Mugello, a pista onde fiz minhas primeiras voltas na F\u00f3rmula 1, h\u00e1 20 anos. Com certeza meu pesco\u00e7o est\u00e1 bem melhor agora do que no fim do meu primeiro dia de testes. A pista continua parecida, com exce\u00e7\u00e3o das zebras. \u00c9 um circuito dif\u00edcil, ent\u00e3o encontrar um acerto \u00e9 desafiador, especialmente pela primeira vez e sem dados com refer\u00eancia. \u00c9 um tra\u00e7ado \u00fanico.&#8221;<\/p>\n\n\n\n<p class=\"wp-block-paragraph\"><strong>Charles Leclerc, d\u00e9cimo:<\/strong> <a href=\"https:\/\/www.grandepremio.com\/br\/f1\/noticias\/leclerc-revela-surpresa-com-ferrari-na-toscana-mas-avisa-tl2-mostrou-onde-devemos-estar\/\" target=\"_blank\" rel=\"noreferrer noopener\">Leclerc revela surpresa com Ferrari na Toscana, mas avisa: \u201cTL2 mostrou onde devemos estar\u201d<\/a><\/p>\n\n\n\n<p class=\"wp-block-paragraph\"><strong>Lance Stroll, 11\u00ba:<\/strong> &#8220;Foi um dia positivo para n\u00f3s. O carro est\u00e1 bom, ent\u00e3o, estou feliz com nosso trabalho. Mal posso esperar para ir \u00e0 pista na classifica\u00e7\u00e3o, com pouco combust\u00edvel e quando d\u00e1 para esfor\u00e7ar ao m\u00e1ximo.&#8221;<\/p>\n\n\n\n<p class=\"wp-block-paragraph\"><strong>Sebastian Vettel, 12\u00ba:<\/strong> <a href=\"https:\/\/www.grandepremio.com\/br\/f1\/noticias\/leclerc-revela-surpresa-com-ferrari-na-toscana-mas-avisa-tl2-mostrou-onde-devemos-estar\/\" target=\"_blank\" rel=\"noreferrer noopener\">Leclerc revela surpresa com Ferrari na Toscana, mas avisa: \u201cTL2 mostrou onde devemos estar\u201d<\/a><\/p>\n\n\n\n<figure class=\"wp-block-image size-large\"><img decoding=\"async\" src=\"https:\/\/www.grandepremio.com\/br\/wp-content\/uploads\/2020\/09\/ferrari-sebastianvettel-01-3-1024x683.jpg\" alt=\"\" class=\"wp-image-417021\"\/><figcaption>Sebastian Vettel, com as novas cores da Ferrari, acelera em Mugello (Foto: Ferrari)<\/figcaption><\/figure>\n\n\n\n<p class=\"wp-block-paragraph\"><strong>Carlos Sainz Jr., 13\u00ba:<\/strong> &#8220;Foi uma sexta-feira desafiadora. N\u00e3o conseguimos deixar o carro em um ponto bom e trabalhamos o dia inteiro tentando coisas, buscando alcan\u00e7ar o equil\u00edbrio. No momento, estamos com muitas dificuldades com sa\u00eddas na traseira. Sabemos do desafio, mas se conseguirmos um melhor equil\u00edbrio na manh\u00e3, nossa performance pode melhorar consideravelmente. Vamos trabalhar duro hoje e tentar melhorar.&#8221;<\/p>\n\n\n\n<p class=\"wp-block-paragraph\"><strong>Lando Norris, 14\u00ba:<\/strong> &#8220;Dia complicado. Claramente n\u00e3o terminou da melhor forma, estava esfor\u00e7ando demais. \u00c9 um dos primeiros erros integrais que tive desde que comecei na F1. \u00c9 um pouco frustrante, mas acontece com todos. N\u00e3o \u00e9 o ideal, mas est\u00e1vamos bem. Fizemos avan\u00e7os do TL1 para o TL2, mas ainda temos muito a fazer. N\u00e3o tem sido como esper\u00e1vamos, estamos com mais dificuldades do que o planejado. Come\u00e7o dif\u00edcil, mas estou confiante que podemos compensar amanh\u00e3.&#8221;<\/p>\n\n\n\n<p class=\"wp-block-paragraph\"><strong>Daniil Kvyat, 15\u00ba:<\/strong> <a href=\"https:\/\/www.grandepremio.com\/br\/f1\/noticias\/gasly-valoriza-top-10-nos-treinos-livres-mas-diz-nao-fiquei-tao-confortavel-no-carro\/\" target=\"_blank\" rel=\"noreferrer noopener\">Gasly valoriza top-10 nos treinos livres, mas diz: \u201cN\u00e3o fiquei t\u00e3o confort\u00e1vel no carro\u201d<\/a><\/p>\n\n\n\n<p class=\"wp-block-paragraph\"><strong>George Russell, 16\u00ba:<\/strong> &#8220;Foi incr\u00edvel. Sempre \u00e9 divertido estar em um circuito com muitas caracter\u00edsticas pr\u00f3prias. \u00c9 cheio de ondula\u00e7\u00f5es e te pune pelos erros. As velocidades s\u00e3o altas, ent\u00e3o foi divertido. Os pneus est\u00e3o sofrendo, ent\u00e3o precisamos analisar isso. A corrida ser\u00e1 dif\u00edcil, por\u00e9m, animada. Ningu\u00e9m sabe o que vai acontecer. Precisamos ter uma boa ideia de como vamos querer o acerto, ent\u00e3o, veremos.&#8221;<\/p>\n\n\n\n<figure class=\"wp-block-image size-large\"><img decoding=\"async\" src=\"https:\/\/www.grandepremio.com\/br\/wp-content\/uploads\/2020\/09\/alfaromeo-antoniogiovinazzi-02-3-1024x683.jpg\" alt=\"\" class=\"wp-image-417010\"\/><figcaption>Antonio Giovinazzi acelera no veloz circuito de Mugello nesta sexta-feira (Foto: Alfa Romeo)<\/figcaption><\/figure>\n\n\n\n<p class=\"wp-block-paragraph\"><strong>Antonio Giovinazzi, 17\u00ba:<\/strong> &#8220;\u00c9 bom estar na pista na It\u00e1lia novamente e ver f\u00e3s nas arquibancadas. Sentimos falta de espectadores e espero que eles vejam uma corrida bacana no domingo. A pista em Mugello \u00e9 incr\u00edvel, especialmente com os carros modernos da F\u00f3rmula 1. \u00c9 muito r\u00e1pida, com curvas de alta velocidade. O carro esteve bom desde o in\u00edcio do dia, com ritmo de classifica\u00e7\u00e3o e corrida, ent\u00e3o estamos felizes. Infelizmente cometi um pequeno erro na minha volta r\u00e1pida do TL2, ent\u00e3o os tempos n\u00e3o refletem a realidade. Amanh\u00e3 espero conseguir uma boa volta.&#8221;<\/p>\n\n\n\n<p class=\"wp-block-paragraph\"><strong>Nicholas Latifi, 18\u00ba:<\/strong> &#8220;Foi bem divertido. \u00c9 uma pista muito intensa com altas velocidades, o que \u00e9 esperado. O TL1 foi complicado, os pneus n\u00e3o funcionaram como esperado e o carro escorregava. Melhoramos isso no TL2, e as performances n\u00e3o foram ruins. Estar\u00e1 quente no fim de semana, e \u00e9 uma pista dif\u00edcil com muitas curvas. Gerenciamento dos pneus ser\u00e1 chave. \u00c9 sobre equilibrar o acerto pela economia de pneus e curvas de alta, mas ao mesmo tempo voc\u00ea quer um carro que pode ultrapassar, o que sabemos que ser\u00e1 dif\u00edcil nesta pista.&#8221;<\/p>\n\n\n\n<p class=\"wp-block-paragraph\"><strong>Kevin Magnussen, 19\u00ba:<\/strong> &#8220;\u00c9 uma pista muito legal. \u00c9 extremamente r\u00e1pida, cheia de curvas de alta velocidade. Obviamente, olhando para estes tempos, nosso dia poderia ter sido melhor, mas pelo menos curti a experi\u00eancia. N\u00e3o t\u00ednhamos o melhor ritmo hoje.&#8221;<\/p>\n\n\n\n<p class=\"wp-block-paragraph\"><strong>Romain Grosjean, 20\u00ba:<\/strong> &#8220;Eu realmente acho que estamos em uma posi\u00e7\u00e3o decente, h\u00e1 potencial no carro. S\u00f3 precisamos trabalhar em tr\u00eas curvas onde n\u00e3o ficamos felizes, mas o resto da volta foi muito boa. Obviamente n\u00e3o \u00e9 ideal estar em um novo circuito e n\u00e3o conseguir voltas r\u00e1pidas ou testar para a corrida. N\u00e3o tenho muita informa\u00e7\u00e3o para amanh\u00e3. A pista \u00e9 boa, muito r\u00e1pida.&#8221;<\/p>\n","protected":false},"excerpt":{"rendered":"<p>Valtteri Bottas, da Mercedes, marcou 1min16s989 para fechar a sexta-feira como o mais r\u00e1pido em Mugello, seguido por Lewis Hamilton e Max Verstappen. A Ferrari, que disputa a 1000\u00aa corrida na F\u00f3rmula 1, foi apenas discreta nos treinos livres<\/p>\n","protected":false},"author":0,"featured_media":1000416941,"comment_status":"closed","ping_status":"closed","sticky":false,"template":"","format":"standard","meta":{"42wp_featured_image_caption":"","42wp_featured_image_credits":"","42wp_featured_video":"","42wp_featured_image_hidden":false,"42wp_authors_list":[],"footnotes":""},"categories":[2],"tags":[654,457,524,456,546,209,211,781,302,147,118,207,24837,24860,800,25443,119,117,24834,485,547,87,203,90,82,3211,801,676,310,204,229,120,210,3132,2036,612],"42wp_author":[47119,47135],"class_list":["post-127203","post","type-post","status-publish","format-standard","has-post-thumbnail","hentry","category-f1","tag-alexander-albon","tag-alfa-romeo","tag-alphatauri","tag-antonio-giovinazzi","tag-carlos-sainz","tag-charles-leclerc","tag-daniel-ricciardo","tag-daniil-kvyat","tag-esteban-ocon","tag-f1","tag-f1-2020","tag-ferrari","tag-formula-1-2","tag-formula-1-2020-2","tag-george-russell","tag-gp-da-toscana","tag-haas","tag-kevin-magnussen","tag-kimi-raikkonen-2","tag-lance-stroll","tag-lando-norris","tag-lewis-hamilton","tag-max-verstappen","tag-mclaren","tag-mercedes","tag-mugello","tag-nicholas-latifi","tag-pierre-gasly","tag-racing-point","tag-red-bull","tag-renault","tag-romain-grosjean","tag-sebastian-vettel","tag-sergio-perez","tag-treinos-livres","tag-valtteri-bottas","42wp_author-gabriel-carvalho","42wp_author-pedro-luis-cuenca"],"_links":{"self":[{"href":"https:\/\/grandepremio.com\/br\/wp-json\/wp\/v2\/posts\/127203","targetHints":{"allow":["GET"]}}],"collection":[{"href":"https:\/\/grandepremio.com\/br\/wp-json\/wp\/v2\/posts"}],"about":[{"href":"https:\/\/grandepremio.com\/br\/wp-json\/wp\/v2\/types\/post"}],"replies":[{"embeddable":true,"href":"https:\/\/grandepremio.com\/br\/wp-json\/wp\/v2\/comments?post=127203"}],"version-history":[{"count":0,"href":"https:\/\/grandepremio.com\/br\/wp-json\/wp\/v2\/posts\/127203\/revisions"}],"wp:featuredmedia":[{"embeddable":true,"href":"https:\/\/grandepremio.com\/br\/wp-json\/wp\/v2\/media\/1000416941"}],"wp:attachment":[{"href":"https:\/\/grandepremio.com\/br\/wp-json\/wp\/v2\/media?parent=127203"}],"wp:term":[{"taxonomy":"category","embeddable":true,"href":"https:\/\/grandepremio.com\/br\/wp-json\/wp\/v2\/categories?post=127203"},{"taxonomy":"post_tag","embeddable":true,"href":"https:\/\/grandepremio.com\/br\/wp-json\/wp\/v2\/tags?post=127203"},{"taxonomy":"42wp_author","embeddable":true,"href":"https:\/\/grandepremio.com\/br\/wp-json\/wp\/v2\/42wp_author?post=127203"}],"curies":[{"name":"wp","href":"https:\/\/api.w.org\/{rel}","templated":true}]}}