{"id":127222,"date":"2020-09-11T11:25:35","date_gmt":"2020-09-11T14:25:35","guid":{"rendered":"https:\/\/grandepremio.com\/br\/noticias\/perez-faz-barbeiragem-acerta-raikkonen-ao-sair-dos-boxes-e-interrompe-treino-na-toscana\/"},"modified":"2020-09-11T11:29:01","modified_gmt":"2020-09-11T14:29:01","slug":"perez-faz-barbeiragem-acerta-raikkonen-ao-sair-dos-boxes-e-interrompe-treino-na-toscana","status":"publish","type":"post","link":"https:\/\/grandepremio.com\/br\/f1\/perez-faz-barbeiragem-acerta-raikkonen-ao-sair-dos-boxes-e-interrompe-treino-na-toscana\/","title":{"rendered":"P\u00e9rez faz barbeiragem, acerta R\u00e4ikk\u00f6nen ao sair dos boxes e interrompe treino na Toscana"},"content":{"rendered":"\n<p class=\"wp-block-paragraph\">O segundo treino livre do GP da Toscana teve um momento de barbeiragem. Sergio P\u00e9rez, da Racing Point, estava na sa\u00edda do pit-lane para a pista quando tocou a Alfa Romeo de Kimi R\u00e4ikk\u00f6nen, que vinha em volta r\u00e1pida. O finland\u00eas rodou e a atividade desta sexta-feira (11) foi interrompida.<\/p>\n\n\n\n<p class=\"wp-block-paragraph\">Kimi conseguiu recuperar o carro e guiar at\u00e9 os boxes, mas os detritos do acidente e a sujeira espalhada fizeram a bandeira vermelha aparecer pela segunda vez no dia. A primeira foi por conta de uma batida de <a href=\"https:\/\/www.grandepremio.com\/br\/f1\/noticias\/norris-passa-na-brita-bate-e-causa-bandeira-vermelha-no-tl2-do-gp-da-toscana\/\">Lando Norris, da McLaren, minutos antes.<\/a><\/p>\n\n\n\n<p class=\"wp-block-paragraph\">A dire\u00e7\u00e3o de prova anunciou que o mexicano est\u00e1 sob investiga\u00e7\u00e3o<\/p>\n\n\n\n<p class=\"wp-block-paragraph\"><strong>Assista ao v\u00eddeo da batida:<\/strong><\/p>\n\n\n\n<figure class=\"wp-block-video\"><video class=\"video-js vjs-big-play-centered\" data-gp-vjs=\"1\" controls src=\"https:\/\/www.grandepremio.com\/br\/wp-content\/uploads\/2020\/09\/Raikkonen-Perez-SF1.mp4\"><\/video><\/figure>\n\n\n\n<p class=\"wp-block-paragraph\">O&nbsp;<strong>GRANDE PR\u00caMIO&nbsp;<\/strong>acompanha<a href=\"https:\/\/bit.ly\/35uJjWP\">&nbsp;<strong>AO VIVO e em TEMPO REAL<\/strong><\/a>todas as a\u00e7\u00f5es do GP da Toscana de F\u00f3rmula 1.<\/p>\n\n\n\n<figure class=\"wp-block-embed-youtube wp-block-embed is-type-video is-provider-youtube wp-embed-aspect-16-9 wp-has-aspect-ratio\"><div class=\"wp-block-embed__wrapper\">\n<iframe loading=\"lazy\" title=\"EVERALDO MARQUES, VETTEL, ALONSO e vit\u00f3ria da ALPHATAURI: 2020 mudou F1 | Cadeira Cativa #23\" width=\"500\" height=\"281\" src=\"https:\/\/www.youtube.com\/embed\/BSRYIBvhZ1c?feature=oembed\" frameborder=\"0\" allow=\"accelerometer; autoplay; clipboard-write; encrypted-media; gyroscope; picture-in-picture; web-share\" referrerpolicy=\"strict-origin-when-cross-origin\" allowfullscreen><\/iframe>\n<\/div><\/figure>\n\n\n\n<p class=\"wp-block-paragraph\"><strong>Conhe\u00e7a o canal do Grande Pr\u00eamio no YouTube! Clique&nbsp;<a href=\"https:\/\/youtube.com\/GrandePremioTV\" target=\"_blank\" rel=\"noreferrer noopener\">aqui<\/a>.<br>Siga o Grande Pr\u00eamio no&nbsp;<a href=\"https:\/\/twitter.com\/grandepremio\" target=\"_blank\" rel=\"noreferrer noopener\">Twitter&nbsp;<\/a>e no&nbsp;<a href=\"https:\/\/instagram.com\/grandepremio\" target=\"_blank\" rel=\"noreferrer noopener\">Instagram<\/a>!<\/strong><\/p>\n","protected":false},"excerpt":{"rendered":"<p>A barbeiragem de Sergio P\u00e9rez na sa\u00edda do pit-lane em Mugello interrompeu o TL2 do GP da Toscana. Mexicano da Racing Point est\u00e1 sob investiga\u00e7\u00e3o por acertar Kimi R\u00e4ikk\u00f6nen<\/p>\n","protected":false},"author":0,"featured_media":1000416906,"comment_status":"closed","ping_status":"closed","sticky":false,"template":"","format":"standard","meta":{"42wp_featured_image_caption":"","42wp_featured_image_credits":"","42wp_featured_video":"","42wp_featured_image_hidden":false,"42wp_authors_list":[],"footnotes":""},"categories":[2],"tags":[487,147,118,24837,25443,24834,3211,24863],"42wp_author":[47119],"class_list":["post-127222","post","type-post","status-publish","format-standard","has-post-thumbnail","hentry","category-f1","tag-acidente","tag-f1","tag-f1-2020","tag-formula-1-2","tag-gp-da-toscana","tag-kimi-raikkonen-2","tag-mugello","tag-sergio-perez-2","42wp_author-gabriel-carvalho"],"_links":{"self":[{"href":"https:\/\/grandepremio.com\/br\/wp-json\/wp\/v2\/posts\/127222","targetHints":{"allow":["GET"]}}],"collection":[{"href":"https:\/\/grandepremio.com\/br\/wp-json\/wp\/v2\/posts"}],"about":[{"href":"https:\/\/grandepremio.com\/br\/wp-json\/wp\/v2\/types\/post"}],"replies":[{"embeddable":true,"href":"https:\/\/grandepremio.com\/br\/wp-json\/wp\/v2\/comments?post=127222"}],"version-history":[{"count":0,"href":"https:\/\/grandepremio.com\/br\/wp-json\/wp\/v2\/posts\/127222\/revisions"}],"wp:featuredmedia":[{"embeddable":true,"href":"https:\/\/grandepremio.com\/br\/wp-json\/wp\/v2\/media\/1000416906"}],"wp:attachment":[{"href":"https:\/\/grandepremio.com\/br\/wp-json\/wp\/v2\/media?parent=127222"}],"wp:term":[{"taxonomy":"category","embeddable":true,"href":"https:\/\/grandepremio.com\/br\/wp-json\/wp\/v2\/categories?post=127222"},{"taxonomy":"post_tag","embeddable":true,"href":"https:\/\/grandepremio.com\/br\/wp-json\/wp\/v2\/tags?post=127222"},{"taxonomy":"42wp_author","embeddable":true,"href":"https:\/\/grandepremio.com\/br\/wp-json\/wp\/v2\/42wp_author?post=127222"}],"curies":[{"name":"wp","href":"https:\/\/api.w.org\/{rel}","templated":true}]}}